{"id":86468,"date":"2025-05-17T13:22:09","date_gmt":"2025-05-17T16:22:09","guid":{"rendered":"https:\/\/vocesparalelas.com.ar\/sitio\/?p=86468"},"modified":"2025-05-19T21:26:55","modified_gmt":"2025-05-20T00:26:55","slug":"realizan-controles-para-verificar-taxis-y-remises-autorizados-en-san-juan","status":"publish","type":"post","link":"https:\/\/vocesparalelas.com.ar\/sitio\/realizan-controles-para-verificar-taxis-y-remises-autorizados-en-san-juan\/","title":{"rendered":"Realizan controles para verificar taxis y remises autorizados en San Juan"},"content":{"rendered":"<p>En un contexto donde la seguridad en el transporte p\u00fablico es una preocupaci\u00f3n creciente, el Ministerio de Gobierno, de San Juan, a trav\u00e9s de la Secretar\u00eda de Tr\u00e1nsito y Transporte, emiti\u00f3 una serie de recomendaciones para los usuarios que utilizan taxis y remises, que son los veh\u00edculos autorizados por el Estado, adem\u00e1s de realizar los controles pertinentes.<\/p>\n<p>Desde el Gobierno de San Juan se enfatiza la importancia de elegir siempre transporte autorizado para evitar riesgos innecesarios.<\/p>\n<p><img loading=\"lazy\" decoding=\"async\" class=\"alignnone size-large wp-image-86472\" src=\"https:\/\/vocesparalelas.com.ar\/sitio\/wp-content\/uploads\/2025\/05\/TAXI-CONTROL.jpg\" alt=\"\" width=\"800\" height=\"535\" srcset=\"https:\/\/vocesparalelas.com.ar\/sitio\/wp-content\/uploads\/2025\/05\/TAXI-CONTROL.jpg 800w, https:\/\/vocesparalelas.com.ar\/sitio\/wp-content\/uploads\/2025\/05\/TAXI-CONTROL-300x201.jpg 300w, https:\/\/vocesparalelas.com.ar\/sitio\/wp-content\/uploads\/2025\/05\/TAXI-CONTROL-768x514.jpg 768w\" sizes=\"auto, (max-width: 800px) 100vw, 800px\" \/><\/p>\n<p>Es fundamental que los pasajeros se trasladen en veh\u00edculos identificados con obleas oficiales porque cuentan con la licencia correspondiente.<\/p>\n<p>Adem\u00e1s, los choferes cuentan con Licencia de conducir profesional espec\u00edfica para el transporte de pasajeros, seguro obligatorio y Revisi\u00f3n T\u00e9cnica Obligatoria &#8211; RTO.<\/p>\n<p>&nbsp;<\/p>\n<p><img loading=\"lazy\" decoding=\"async\" class=\"alignnone size-full wp-image-65642\" src=\"https:\/\/vocesparalelas.com.ar\/sitio\/wp-content\/uploads\/2023\/11\/GOBIERNO-SAN-JUAN.jpg\" alt=\"\" width=\"800\" height=\"600\" srcset=\"https:\/\/vocesparalelas.com.ar\/sitio\/wp-content\/uploads\/2023\/11\/GOBIERNO-SAN-JUAN.jpg 800w, https:\/\/vocesparalelas.com.ar\/sitio\/wp-content\/uploads\/2023\/11\/GOBIERNO-SAN-JUAN-300x225.jpg 300w, https:\/\/vocesparalelas.com.ar\/sitio\/wp-content\/uploads\/2023\/11\/GOBIERNO-SAN-JUAN-768x576.jpg 768w\" sizes=\"auto, (max-width: 800px) 100vw, 800px\" \/><\/p>\n","protected":false},"excerpt":{"rendered":"<p>En un contexto donde la seguridad en el transporte p\u00fablico es una preocupaci\u00f3n creciente, el Ministerio de Gobierno, de San<\/p>\n","protected":false},"author":3,"featured_media":86471,"comment_status":"closed","ping_status":"closed","sticky":false,"template":"","format":"standard","meta":{"_acf_changed":false,"_seopress_robots_primary_cat":"none","_seopress_titles_title":"","_seopress_titles_desc":"","_seopress_robots_index":"","colormag_page_container_layout":"default_layout","colormag_page_sidebar_layout":"default_layout","footnotes":""},"categories":[6],"tags":[],"class_list":["post-86468","post","type-post","status-publish","format-standard","has-post-thumbnail","hentry","category-eventos"],"acf":[],"_links":{"self":[{"href":"https:\/\/vocesparalelas.com.ar\/sitio\/wp-json\/wp\/v2\/posts\/86468","targetHints":{"allow":["GET"]}}],"collection":[{"href":"https:\/\/vocesparalelas.com.ar\/sitio\/wp-json\/wp\/v2\/posts"}],"about":[{"href":"https:\/\/vocesparalelas.com.ar\/sitio\/wp-json\/wp\/v2\/types\/post"}],"author":[{"embeddable":true,"href":"https:\/\/vocesparalelas.com.ar\/sitio\/wp-json\/wp\/v2\/users\/3"}],"replies":[{"embeddable":true,"href":"https:\/\/vocesparalelas.com.ar\/sitio\/wp-json\/wp\/v2\/comments?post=86468"}],"version-history":[{"count":1,"href":"https:\/\/vocesparalelas.com.ar\/sitio\/wp-json\/wp\/v2\/posts\/86468\/revisions"}],"predecessor-version":[{"id":86473,"href":"https:\/\/vocesparalelas.com.ar\/sitio\/wp-json\/wp\/v2\/posts\/86468\/revisions\/86473"}],"wp:featuredmedia":[{"embeddable":true,"href":"https:\/\/vocesparalelas.com.ar\/sitio\/wp-json\/wp\/v2\/media\/86471"}],"wp:attachment":[{"href":"https:\/\/vocesparalelas.com.ar\/sitio\/wp-json\/wp\/v2\/media?parent=86468"}],"wp:term":[{"taxonomy":"category","embeddable":true,"href":"https:\/\/vocesparalelas.com.ar\/sitio\/wp-json\/wp\/v2\/categories?post=86468"},{"taxonomy":"post_tag","embeddable":true,"href":"https:\/\/vocesparalelas.com.ar\/sitio\/wp-json\/wp\/v2\/tags?post=86468"}],"curies":[{"name":"wp","href":"https:\/\/api.w.org\/{rel}","templated":true}]}}