{"id":86386,"date":"2025-05-15T23:26:19","date_gmt":"2025-05-16T02:26:19","guid":{"rendered":"https:\/\/vocesparalelas.com.ar\/sitio\/?p=86386"},"modified":"2025-05-17T13:41:15","modified_gmt":"2025-05-17T16:41:15","slug":"el-teatro-sarmiento-estallo-el-recuerdo-cultural-de-la-poblacion-de-san-juan","status":"publish","type":"post","link":"https:\/\/vocesparalelas.com.ar\/sitio\/el-teatro-sarmiento-estallo-el-recuerdo-cultural-de-la-poblacion-de-san-juan\/","title":{"rendered":"El Teatro Sarmiento estall\u00f3 el recuerdo cultural de la poblaci\u00f3n de San Juan"},"content":{"rendered":"<p>El Teatro Sarmiento abre sus puertas a la Cultura de San Juan con una renovada, moderna y elegante, que respeta su valor hist\u00f3rico y simb\u00f3lico para la comunidad.<\/p>\n<p>En la previa, el Gobernador de San Juan, Dr. Marcelo Orrego respondi\u00f3 preguntas de los Periodistas San Juan y se mostr\u00f3 emocionado de poner al servicio de la cultura de San Juan el Teatro Sarmiento.<\/p>\n<p><iframe loading=\"lazy\" title=\"SAN JUAN GOBERNADOR DR MARCELO ORREGO\" width=\"800\" height=\"450\" src=\"https:\/\/www.youtube.com\/embed\/OJgnbq-Gn30?feature=oembed\" frameborder=\"0\" allow=\"accelerometer; autoplay; clipboard-write; encrypted-media; gyroscope; picture-in-picture; web-share\" referrerpolicy=\"strict-origin-when-cross-origin\" allowfullscreen><\/iframe><\/p>\n<p>&nbsp;<\/p>\n<p>Se descubri\u00f3 la placa que es testigo de la remodelaci\u00f3n y la apertura del Teatro Sarmiento.<\/p>\n<p><img loading=\"lazy\" decoding=\"async\" class=\"alignnone size-full wp-image-86391\" src=\"https:\/\/vocesparalelas.com.ar\/sitio\/wp-content\/uploads\/2025\/05\/TEATRO-SARMIENTO-03.jpg\" alt=\"\" width=\"800\" height=\"533\" srcset=\"https:\/\/vocesparalelas.com.ar\/sitio\/wp-content\/uploads\/2025\/05\/TEATRO-SARMIENTO-03.jpg 800w, https:\/\/vocesparalelas.com.ar\/sitio\/wp-content\/uploads\/2025\/05\/TEATRO-SARMIENTO-03-300x200.jpg 300w, https:\/\/vocesparalelas.com.ar\/sitio\/wp-content\/uploads\/2025\/05\/TEATRO-SARMIENTO-03-768x512.jpg 768w\" sizes=\"auto, (max-width: 800px) 100vw, 800px\" \/><\/p>\n<p>El acto fue presidido por el gobernador de San Juan, Dr. Marcelo Orrego, quien estuvo acompa\u00f1ado por el vicegobernador, Dr. Fabi\u00e1n Mart\u00edn; la intendenta de la Municipalidad de la Ciudad Capital, Dra. Susana Laciar; el ministro de Turismo, Cultura y Deporte, Dr. Guido Romero; el ministro de Infraestructura, Agua y Energ\u00eda, Arq. Fernando Perea; el secretario de Cultura, Eduardo Varela; la directora del Teatro, Lic. Karen Achilles; el secretario de Infraestructura, Ing. Ariel Villavicencio; la subsecretaria de Obras P\u00fablicas, Ing. Andrea Fern\u00e1ndez, y dem\u00e1s autoridades provinciales.<\/p>\n<p><img loading=\"lazy\" decoding=\"async\" class=\"alignnone size-full wp-image-86390\" src=\"https:\/\/vocesparalelas.com.ar\/sitio\/wp-content\/uploads\/2025\/05\/TEATRO-SARMIENTO-02.jpg\" alt=\"\" width=\"800\" height=\"533\" srcset=\"https:\/\/vocesparalelas.com.ar\/sitio\/wp-content\/uploads\/2025\/05\/TEATRO-SARMIENTO-02.jpg 800w, https:\/\/vocesparalelas.com.ar\/sitio\/wp-content\/uploads\/2025\/05\/TEATRO-SARMIENTO-02-300x200.jpg 300w, https:\/\/vocesparalelas.com.ar\/sitio\/wp-content\/uploads\/2025\/05\/TEATRO-SARMIENTO-02-768x512.jpg 768w\" sizes=\"auto, (max-width: 800px) 100vw, 800px\" \/><\/p>\n<p>Tras la proyecci\u00f3n de un video que mostr\u00f3 el proceso de refacci\u00f3n el ministro de Infraestructura, Agua y Energ\u00eda, Arq. Fernando Perea muy emocionado porque forma parte de ofrecer trabajo a la gente y describi\u00f3 el trabajo realizado.<\/p>\n<p><iframe loading=\"lazy\" title=\"SAN JUAN TEATRO SARMIENTO ARQ FERNANDO PEREA\" width=\"800\" height=\"450\" src=\"https:\/\/www.youtube.com\/embed\/_Z3dq6RAdGE?feature=oembed\" frameborder=\"0\" allow=\"accelerometer; autoplay; clipboard-write; encrypted-media; gyroscope; picture-in-picture; web-share\" referrerpolicy=\"strict-origin-when-cross-origin\" allowfullscreen><\/iframe><\/p>\n<p>&nbsp;<\/p>\n<p>Posteriormente, el ministro de Turismo, Cultura y Deporte, Dr. Guido Romero puntualiz\u00f3 la mirada de las actividades culturales que fortalecieron la Cultura de San Juan.<\/p>\n<p><iframe loading=\"lazy\" title=\"SAN JUAN TEATRO SARMIENTO DR GUIDO ROMERO\" width=\"800\" height=\"450\" src=\"https:\/\/www.youtube.com\/embed\/tP0ADFBISC0?feature=oembed\" frameborder=\"0\" allow=\"accelerometer; autoplay; clipboard-write; encrypted-media; gyroscope; picture-in-picture; web-share\" referrerpolicy=\"strict-origin-when-cross-origin\" allowfullscreen><\/iframe><\/p>\n<p>&nbsp;<\/p>\n<p>Seguidamente, la intendenta de la Municipalidad de la Ciudad Capital, Dra. Susana Laciar expres\u00f3 la simbolog\u00eda de los recuerdos personales y de la poblaci\u00f3n de San Juan en el Teatro Sarmiento.<\/p>\n<p>&nbsp;<\/p>\n<p><iframe loading=\"lazy\" title=\"SAN JUAN TEATRO SARMIENTO DRA SUSANA LACIAR\" width=\"800\" height=\"450\" src=\"https:\/\/www.youtube.com\/embed\/b8YEYeSpm9I?feature=oembed\" frameborder=\"0\" allow=\"accelerometer; autoplay; clipboard-write; encrypted-media; gyroscope; picture-in-picture; web-share\" referrerpolicy=\"strict-origin-when-cross-origin\" allowfullscreen><\/iframe><\/p>\n<p>&nbsp;<\/p>\n<p>Finalmente, el Gobernador de San Juan, Dr. Marcelo Orrego recibi\u00f3 un reconocimiento del personal que trabaja en el Teatro Sarmiento.<\/p>\n<p><img loading=\"lazy\" decoding=\"async\" class=\"alignnone size-full wp-image-86389\" src=\"https:\/\/vocesparalelas.com.ar\/sitio\/wp-content\/uploads\/2025\/05\/TEATRO-SARMIENTO-01.jpg\" alt=\"\" width=\"800\" height=\"533\" srcset=\"https:\/\/vocesparalelas.com.ar\/sitio\/wp-content\/uploads\/2025\/05\/TEATRO-SARMIENTO-01.jpg 800w, https:\/\/vocesparalelas.com.ar\/sitio\/wp-content\/uploads\/2025\/05\/TEATRO-SARMIENTO-01-300x200.jpg 300w, https:\/\/vocesparalelas.com.ar\/sitio\/wp-content\/uploads\/2025\/05\/TEATRO-SARMIENTO-01-768x512.jpg 768w\" sizes=\"auto, (max-width: 800px) 100vw, 800px\" \/><\/p>\n<p>&nbsp;<\/p>\n<p>Es as\u00ed que, fue el momento de las palabras del Gobernador Dr. Marcelo Orrego, quien subray\u00f3 que \u00abhoy tenemos la oportunidad de colocar ese granito de arena y abonar nuevamente a la cultura. Soy un fan\u00e1tico de los artistas sanjuaninos y me alegra que este espacio pueda volver a cobrar vida en las \u00f3ptimas condiciones que ellos merecen\u00bb.<\/p>\n<p><iframe loading=\"lazy\" title=\"SAN JUAN TEATRO SARMIENTO GOBERNADOR DR MARCELO ORREGO\" width=\"800\" height=\"450\" src=\"https:\/\/www.youtube.com\/embed\/Dzdzc0hcXS4?feature=oembed\" frameborder=\"0\" allow=\"accelerometer; autoplay; clipboard-write; encrypted-media; gyroscope; picture-in-picture; web-share\" referrerpolicy=\"strict-origin-when-cross-origin\" allowfullscreen><\/iframe><\/p>\n<p>&nbsp;<\/p>\n<p>La obra de refacci\u00f3n y refuncionalizaci\u00f3n del Teatro Sarmiento, que se llev\u00f3 a cabo durante 90 d\u00edas, contempl\u00f3 intervenciones tanto en el exterior como en el interior del edificio, sin perder de vista su car\u00e1cter patrimonial. Desde su apertura, el teatro no hab\u00eda tenido una intervenci\u00f3n de esta magnitud.<\/p>\n<p><strong><span style=\"color: #008000;\">Una entrada jerarquizada y un hall m\u00e1s luminoso<\/span><\/strong><\/p>\n<p>Sobre las calles Alem y San Luis, se destacaron las columnas del acceso principal con una nueva iluminaci\u00f3n que resalta la arquitectura. Se incorporaron puertas de vidrio de piso a techo para generar mayor altura, y se colocaron macetones con vegetaci\u00f3n, aportando calidez. Tambi\u00e9n se sum\u00f3 una escultura con las iniciales TS, que invita a transmitir desde el exterior la energ\u00eda creativa que habita en el interior del teatro.<\/p>\n<p><span style=\"color: #008000;\"><strong>Mejoras integrales en el foyer y accesibilidad garantizada<\/strong><\/span><\/p>\n<p>En los foyeres de planta baja y alta se renovaron cielorrasos, pisos y sistemas el\u00e9ctricos. Se incorpor\u00f3 un espacio de informaci\u00f3n y guardia para turistas y ciudadanos, y se revistieron los muros con madera para realzar la escalera principal, que ahora cuenta con barandas de vidrio. Todo el acceso a la sala fue unificado visualmente, conservando el mural y la escultura en madera realizados por artistas sanjuaninos.<\/p>\n<p><strong><span style=\"color: #008000;\">Una sala pensada para el disfrute de todos<\/span><\/strong><\/p>\n<p><img loading=\"lazy\" decoding=\"async\" class=\"alignnone size-full wp-image-86395\" src=\"https:\/\/vocesparalelas.com.ar\/sitio\/wp-content\/uploads\/2025\/05\/TEATRO-SARMIENTO-10.jpg\" alt=\"\" width=\"800\" height=\"415\" srcset=\"https:\/\/vocesparalelas.com.ar\/sitio\/wp-content\/uploads\/2025\/05\/TEATRO-SARMIENTO-10.jpg 800w, https:\/\/vocesparalelas.com.ar\/sitio\/wp-content\/uploads\/2025\/05\/TEATRO-SARMIENTO-10-300x156.jpg 300w, https:\/\/vocesparalelas.com.ar\/sitio\/wp-content\/uploads\/2025\/05\/TEATRO-SARMIENTO-10-768x398.jpg 768w\" sizes=\"auto, (max-width: 800px) 100vw, 800px\" \/><\/p>\n<p>La sala principal y su antesala recibieron nuevos paneles ac\u00fasticos, alfombrado, iluminaci\u00f3n, pisos, telones y una pintura integral de cielorrasos. Las butacas fueron retapizadas y se incorporaron espacios para personas con discapacidad y sobrepeso. La nueva se\u00f1alizaci\u00f3n mejora la orientaci\u00f3n del p\u00fablico.<\/p>\n<p>Tambi\u00e9n se renovaron completamente los camarines y los sanitarios en ambas plantas, incluyendo los adaptados, mejorando as\u00ed la experiencia tanto para artistas como para el p\u00fablico.<\/p>\n<p><span style=\"color: #008000;\"><strong>Un regreso con arte y emoci\u00f3n<\/strong><\/span><\/p>\n<p>La reinauguraci\u00f3n se vivi\u00f3 bajo el lema \u201cCelebremos al teatro\u201d, con intervenciones art\u00edsticas en el entorno del edificio y un espect\u00e1culo central que recorri\u00f3, en tres bloques, la historia del teatro: sus fantasmas, su pasi\u00f3n y su car\u00e1cter festivo. Actores, m\u00fasicos, bailarines y artistas locales fueron protagonistas de este regreso tan esperado.<\/p>\n<p><iframe loading=\"lazy\" title=\"SAN JUAN TEATRO SARMIENTO\" width=\"800\" height=\"450\" src=\"https:\/\/www.youtube.com\/embed\/qkvsR7jj0IU?feature=oembed\" frameborder=\"0\" allow=\"accelerometer; autoplay; clipboard-write; encrypted-media; gyroscope; picture-in-picture; web-share\" referrerpolicy=\"strict-origin-when-cross-origin\" allowfullscreen><\/iframe><\/p>\n<p>La obra fue realizada por el Ministerio de Infraestructura, Agua y Energ\u00eda, en conjunto con el Ministerio de Turismo, Cultura y Deporte. El trabajo articulado permiti\u00f3 devolverle al Teatro Sarmiento el esplendor que merece, y ofrecer al p\u00fablico un espacio cultural acorde a los nuevos tiempos, pero fiel a su esencia.<\/p>\n<p><iframe loading=\"lazy\" title=\"SAN JUAN TEATRO SARMIENTO\" width=\"800\" height=\"450\" src=\"https:\/\/www.youtube.com\/embed\/QZ5eBu5gAsY?feature=oembed\" frameborder=\"0\" allow=\"accelerometer; autoplay; clipboard-write; encrypted-media; gyroscope; picture-in-picture; web-share\" referrerpolicy=\"strict-origin-when-cross-origin\" allowfullscreen><\/iframe><\/p>\n<p>&nbsp;<\/p>\n<p><img loading=\"lazy\" decoding=\"async\" class=\"alignnone size-full wp-image-86394\" src=\"https:\/\/vocesparalelas.com.ar\/sitio\/wp-content\/uploads\/2025\/05\/TEATRO-SARMIENTO-SIMBOLO.jpg\" alt=\"\" width=\"800\" height=\"455\" srcset=\"https:\/\/vocesparalelas.com.ar\/sitio\/wp-content\/uploads\/2025\/05\/TEATRO-SARMIENTO-SIMBOLO.jpg 800w, https:\/\/vocesparalelas.com.ar\/sitio\/wp-content\/uploads\/2025\/05\/TEATRO-SARMIENTO-SIMBOLO-300x171.jpg 300w, https:\/\/vocesparalelas.com.ar\/sitio\/wp-content\/uploads\/2025\/05\/TEATRO-SARMIENTO-SIMBOLO-768x437.jpg 768w\" sizes=\"auto, (max-width: 800px) 100vw, 800px\" \/><\/p>\n","protected":false},"excerpt":{"rendered":"<p>El Teatro Sarmiento abre sus puertas a la Cultura de San Juan con una renovada, moderna y elegante, que respeta<\/p>\n","protected":false},"author":3,"featured_media":86392,"comment_status":"closed","ping_status":"closed","sticky":false,"template":"","format":"standard","meta":{"_acf_changed":false,"_seopress_robots_primary_cat":"none","_seopress_titles_title":"","_seopress_titles_desc":"","_seopress_robots_index":"","colormag_page_container_layout":"default_layout","colormag_page_sidebar_layout":"default_layout","footnotes":""},"categories":[10,7],"tags":[],"class_list":["post-86386","post","type-post","status-publish","format-standard","has-post-thumbnail","hentry","category-opiniones","category-videos"],"acf":[],"_links":{"self":[{"href":"https:\/\/vocesparalelas.com.ar\/sitio\/wp-json\/wp\/v2\/posts\/86386","targetHints":{"allow":["GET"]}}],"collection":[{"href":"https:\/\/vocesparalelas.com.ar\/sitio\/wp-json\/wp\/v2\/posts"}],"about":[{"href":"https:\/\/vocesparalelas.com.ar\/sitio\/wp-json\/wp\/v2\/types\/post"}],"author":[{"embeddable":true,"href":"https:\/\/vocesparalelas.com.ar\/sitio\/wp-json\/wp\/v2\/users\/3"}],"replies":[{"embeddable":true,"href":"https:\/\/vocesparalelas.com.ar\/sitio\/wp-json\/wp\/v2\/comments?post=86386"}],"version-history":[{"count":1,"href":"https:\/\/vocesparalelas.com.ar\/sitio\/wp-json\/wp\/v2\/posts\/86386\/revisions"}],"predecessor-version":[{"id":86396,"href":"https:\/\/vocesparalelas.com.ar\/sitio\/wp-json\/wp\/v2\/posts\/86386\/revisions\/86396"}],"wp:featuredmedia":[{"embeddable":true,"href":"https:\/\/vocesparalelas.com.ar\/sitio\/wp-json\/wp\/v2\/media\/86392"}],"wp:attachment":[{"href":"https:\/\/vocesparalelas.com.ar\/sitio\/wp-json\/wp\/v2\/media?parent=86386"}],"wp:term":[{"taxonomy":"category","embeddable":true,"href":"https:\/\/vocesparalelas.com.ar\/sitio\/wp-json\/wp\/v2\/categories?post=86386"},{"taxonomy":"post_tag","embeddable":true,"href":"https:\/\/vocesparalelas.com.ar\/sitio\/wp-json\/wp\/v2\/tags?post=86386"}],"curies":[{"name":"wp","href":"https:\/\/api.w.org\/{rel}","templated":true}]}}