{"id":86379,"date":"2025-05-15T21:41:03","date_gmt":"2025-05-16T00:41:03","guid":{"rendered":"https:\/\/vocesparalelas.com.ar\/sitio\/?p=86379"},"modified":"2025-05-16T21:36:09","modified_gmt":"2025-05-17T00:36:09","slug":"con-foco-en-el-desarrollo-de-las-comunidades-banco-san-juan-y-su-fundacion-impulsan-talleres-de-formacion-cultural-en-la-provincia","status":"publish","type":"post","link":"https:\/\/vocesparalelas.com.ar\/sitio\/con-foco-en-el-desarrollo-de-las-comunidades-banco-san-juan-y-su-fundacion-impulsan-talleres-de-formacion-cultural-en-la-provincia\/","title":{"rendered":"Con foco en el desarrollo de las comunidades, Banco San Juan y su Fundaci\u00f3n impulsan talleres de formaci\u00f3n cultural en la provincia"},"content":{"rendered":"<p>Los talleres, de car\u00e1cter gratuito, apuntan a brindar informaci\u00f3n acerca de la Ley de Mecenazgo y el proceso para presentar proyectos.<\/p>\n<p>En el marco del programa Desarrollo de Comunidades, Banco San Juan y Fundaci\u00f3n Banco San Juan llevaron adelante en distintos departamentos provinciales el taller \u201cMecenazgo en Acci\u00f3n: c\u00f3mo desarrollar tu Proyecto Cultural\u201d, una propuesta de formaci\u00f3n gratuita destinada a promover el acceso al financiamiento de proyectos culturales a trav\u00e9s de la Ley de Mecenazgo Cultural (Ley N\u00b0 2197-F).<\/p>\n<p>La iniciativa, articulada junto al Ministerio de Turismo, Cultura y Deporte,\u00a0 las Municipalidades correspondientes a Iglesia, Sarmiento,\u00a0 Calingasta y la Unidad Minera del Grupo Petersen , se convoc\u00f3 a una amplia diversidad de participantes: autores de obras culturales, artistas, creadores independientes, asociaciones, fundaciones, cooperativas, entidades civiles sin fines de lucro, estudiantes, empresas y vecinos interesados en desarrollar proyectos con impacto en el territorio.<\/p>\n<p><img loading=\"lazy\" decoding=\"async\" class=\"alignnone size-full wp-image-86384\" src=\"https:\/\/vocesparalelas.com.ar\/sitio\/wp-content\/uploads\/2025\/05\/FBSJ-TALLERES-02.jpg\" alt=\"\" width=\"800\" height=\"478\" srcset=\"https:\/\/vocesparalelas.com.ar\/sitio\/wp-content\/uploads\/2025\/05\/FBSJ-TALLERES-02.jpg 800w, https:\/\/vocesparalelas.com.ar\/sitio\/wp-content\/uploads\/2025\/05\/FBSJ-TALLERES-02-300x179.jpg 300w, https:\/\/vocesparalelas.com.ar\/sitio\/wp-content\/uploads\/2025\/05\/FBSJ-TALLERES-02-768x459.jpg 768w\" sizes=\"auto, (max-width: 800px) 100vw, 800px\" \/><\/p>\n<p>El objetivo principal de los talleres fue brindar herramientas concretas sobre el proceso de presentaci\u00f3n de proyectos culturales, as\u00ed como difundir los beneficios y requisitos del sistema de Mecenazgo, tanto para quienes impulsan proyectos como para quienes pueden patrocinarlos. Estas capacitaciones se consolidan como espacios claves de formaci\u00f3n y vinculaci\u00f3n comunitaria, donde el conocimiento se convierte en un motor de transformaci\u00f3n local.<\/p>\n<p>El programa Desarrollo de Comunidades de Fundaci\u00f3n Banco San Juan tiene como prop\u00f3sito contribuir al crecimiento integral y sostenible de la regi\u00f3n, promoviendo oportunidades de capacitaci\u00f3n, el fortalecimiento del entramado productivo y el trabajo conjunto con actores estrat\u00e9gicos. En este marco, la promoci\u00f3n de la cultura y el acompa\u00f1amiento a sus gestores ocupa un rol fundamental, como expresi\u00f3n de identidad y motor de cohesi\u00f3n social.<\/p>\n<p>Con estas acciones, Banco San Juan y su Fundaci\u00f3n reafirman su compromiso con el desarrollo de las comunidades y el fortalecimiento de los valores culturales de la provincia, apostando a la formaci\u00f3n como herramienta para el crecimiento colectivo.<\/p>\n<p><img loading=\"lazy\" decoding=\"async\" class=\"alignnone size-full wp-image-86383\" src=\"https:\/\/vocesparalelas.com.ar\/sitio\/wp-content\/uploads\/2025\/05\/FBSJ-TALLERES-01.jpg\" alt=\"\" width=\"800\" height=\"479\" srcset=\"https:\/\/vocesparalelas.com.ar\/sitio\/wp-content\/uploads\/2025\/05\/FBSJ-TALLERES-01.jpg 800w, https:\/\/vocesparalelas.com.ar\/sitio\/wp-content\/uploads\/2025\/05\/FBSJ-TALLERES-01-300x180.jpg 300w, https:\/\/vocesparalelas.com.ar\/sitio\/wp-content\/uploads\/2025\/05\/FBSJ-TALLERES-01-768x460.jpg 768w\" sizes=\"auto, (max-width: 800px) 100vw, 800px\" \/><\/p>\n<p>&nbsp;<\/p>\n","protected":false},"excerpt":{"rendered":"<p>Los talleres, de car\u00e1cter gratuito, apuntan a brindar informaci\u00f3n acerca de la Ley de Mecenazgo y el proceso para presentar<\/p>\n","protected":false},"author":3,"featured_media":86382,"comment_status":"closed","ping_status":"closed","sticky":false,"template":"","format":"standard","meta":{"_acf_changed":false,"_seopress_robots_primary_cat":"none","_seopress_titles_title":"","_seopress_titles_desc":"","_seopress_robots_index":"","colormag_page_container_layout":"default_layout","colormag_page_sidebar_layout":"default_layout","footnotes":""},"categories":[9],"tags":[],"class_list":["post-86379","post","type-post","status-publish","format-standard","has-post-thumbnail","hentry","category-cursos"],"acf":[],"_links":{"self":[{"href":"https:\/\/vocesparalelas.com.ar\/sitio\/wp-json\/wp\/v2\/posts\/86379","targetHints":{"allow":["GET"]}}],"collection":[{"href":"https:\/\/vocesparalelas.com.ar\/sitio\/wp-json\/wp\/v2\/posts"}],"about":[{"href":"https:\/\/vocesparalelas.com.ar\/sitio\/wp-json\/wp\/v2\/types\/post"}],"author":[{"embeddable":true,"href":"https:\/\/vocesparalelas.com.ar\/sitio\/wp-json\/wp\/v2\/users\/3"}],"replies":[{"embeddable":true,"href":"https:\/\/vocesparalelas.com.ar\/sitio\/wp-json\/wp\/v2\/comments?post=86379"}],"version-history":[{"count":1,"href":"https:\/\/vocesparalelas.com.ar\/sitio\/wp-json\/wp\/v2\/posts\/86379\/revisions"}],"predecessor-version":[{"id":86385,"href":"https:\/\/vocesparalelas.com.ar\/sitio\/wp-json\/wp\/v2\/posts\/86379\/revisions\/86385"}],"wp:featuredmedia":[{"embeddable":true,"href":"https:\/\/vocesparalelas.com.ar\/sitio\/wp-json\/wp\/v2\/media\/86382"}],"wp:attachment":[{"href":"https:\/\/vocesparalelas.com.ar\/sitio\/wp-json\/wp\/v2\/media?parent=86379"}],"wp:term":[{"taxonomy":"category","embeddable":true,"href":"https:\/\/vocesparalelas.com.ar\/sitio\/wp-json\/wp\/v2\/categories?post=86379"},{"taxonomy":"post_tag","embeddable":true,"href":"https:\/\/vocesparalelas.com.ar\/sitio\/wp-json\/wp\/v2\/tags?post=86379"}],"curies":[{"name":"wp","href":"https:\/\/api.w.org\/{rel}","templated":true}]}}