{"id":86374,"date":"2025-05-15T21:24:45","date_gmt":"2025-05-16T00:24:45","guid":{"rendered":"https:\/\/vocesparalelas.com.ar\/sitio\/?p=86374"},"modified":"2025-05-16T10:35:58","modified_gmt":"2025-05-16T13:35:58","slug":"las-autoridades-honraron-a-los-enfermeros-del-hospital-dr-marcial-quiroga-de-san-juan","status":"publish","type":"post","link":"https:\/\/vocesparalelas.com.ar\/sitio\/las-autoridades-honraron-a-los-enfermeros-del-hospital-dr-marcial-quiroga-de-san-juan\/","title":{"rendered":"Las autoridades honraron a los Enfermeros del Hospital Dr. Marcial Quiroga de San Juan"},"content":{"rendered":"<p>El directorio del Hospital Dr. Marcial Quiroga y su Departamento de Enfermer\u00eda realiz\u00f3 el acto del D\u00eda Internacional de la Enfermer\u00eda, que se dividi\u00f3 en una jornada cient\u00edfica con destacadas disertaciones y concluy\u00f3 con el reconocimiento a estos trabajadores de la salud que son vitales y pieza fundamental en el trato de los pacientes.<\/p>\n<p>Sumado a que en esta ocasi\u00f3n, el Departamento de Enfermer\u00eda hizo una menci\u00f3n especial al personal ayudante de enfermer\u00eda y los camilleros, quienes hoy son columnas esenciales.<\/p>\n<p><img loading=\"lazy\" decoding=\"async\" class=\"alignnone size-full wp-image-86401\" src=\"https:\/\/vocesparalelas.com.ar\/sitio\/wp-content\/uploads\/2025\/05\/HMQ-ENFERMEROS-01.jpg\" alt=\"\" width=\"800\" height=\"535\" srcset=\"https:\/\/vocesparalelas.com.ar\/sitio\/wp-content\/uploads\/2025\/05\/HMQ-ENFERMEROS-01.jpg 800w, https:\/\/vocesparalelas.com.ar\/sitio\/wp-content\/uploads\/2025\/05\/HMQ-ENFERMEROS-01-300x201.jpg 300w, https:\/\/vocesparalelas.com.ar\/sitio\/wp-content\/uploads\/2025\/05\/HMQ-ENFERMEROS-01-768x514.jpg 768w\" sizes=\"auto, (max-width: 800px) 100vw, 800px\" \/><\/p>\n<p>El director ejecutivo del nosocomio, Dr. Juan Manuel Campayo, resalt\u00f3 que \u201clos enfermeros son un pilar fundamental. Su trabajo va m\u00e1s all\u00e1 de la enfermer\u00eda, son el coraz\u00f3n que late junto al de los pacientes, acompa\u00f1\u00e1ndolos en un momento especial. Son los ojos que detectan el m\u00ednimo cambio, son la voz de alivio de quienes est\u00e1n en una cama. Los enfermeros del Hospital Dr, Marcial Quiroga siempre est\u00e1n en b\u00fasqueda de la excelencia y son esenciales\u201d.<\/p>\n<p><img loading=\"lazy\" decoding=\"async\" class=\"alignnone size-full wp-image-86399\" src=\"https:\/\/vocesparalelas.com.ar\/sitio\/wp-content\/uploads\/2025\/05\/HMQ-ENFERMEROS.jpg\" alt=\"\" width=\"800\" height=\"535\" srcset=\"https:\/\/vocesparalelas.com.ar\/sitio\/wp-content\/uploads\/2025\/05\/HMQ-ENFERMEROS.jpg 800w, https:\/\/vocesparalelas.com.ar\/sitio\/wp-content\/uploads\/2025\/05\/HMQ-ENFERMEROS-300x201.jpg 300w, https:\/\/vocesparalelas.com.ar\/sitio\/wp-content\/uploads\/2025\/05\/HMQ-ENFERMEROS-768x514.jpg 768w\" sizes=\"auto, (max-width: 800px) 100vw, 800px\" \/><\/p>\n<p>El Consejo Internacional de Enfermeras &#8211; CIE &#8211; propuso para este 2025 el lema \u00abNuestras enfermeras. Nuestro futuro. Cuidando de las enfermeras, fortalecemos la econom\u00eda\u00bb. Que se centra en la importancia de cuidar el bienestar del personal de enfermer\u00eda, reconoci\u00e9ndolos como pilares fundamentales, recurso humano valioso y esencial que garantiza una atenci\u00f3n de calidad, previniendo enfermedades y promoviendo la salud a todas las comunidades.<\/p>\n<p><strong><span style=\"color: #ff0000;\">Cuerpo de Bandera Argentina del Hospital Dr. Marcial Quiroga<\/span><\/strong><\/p>\n<p>&nbsp;<\/p>\n<p><img loading=\"lazy\" decoding=\"async\" class=\"alignnone size-full wp-image-86397\" src=\"https:\/\/vocesparalelas.com.ar\/sitio\/wp-content\/uploads\/2025\/05\/HMQ-ABANDERADO.jpg\" alt=\"\" width=\"800\" height=\"535\" srcset=\"https:\/\/vocesparalelas.com.ar\/sitio\/wp-content\/uploads\/2025\/05\/HMQ-ABANDERADO.jpg 800w, https:\/\/vocesparalelas.com.ar\/sitio\/wp-content\/uploads\/2025\/05\/HMQ-ABANDERADO-300x201.jpg 300w, https:\/\/vocesparalelas.com.ar\/sitio\/wp-content\/uploads\/2025\/05\/HMQ-ABANDERADO-768x514.jpg 768w\" sizes=\"auto, (max-width: 800px) 100vw, 800px\" \/><\/p>\n<ul>\n<li>Abanderada que pertenece al Servicio de Quir\u00f3fano, Graciela Villafa\u00f1e<\/li>\n<li>1\u00ba escolta del Servicio de Urolog\u00eda, Mar\u00eda Bravo<\/li>\n<li>2\u00ba escolta del Servicio de Ginecolog\u00eda, Jazm\u00edn Romero<\/li>\n<li>1\u00ba escolta suplente del Servicio de Pediatr\u00eda, Daniela Arancibia<\/li>\n<li>2\u00ba escolta suplente del Servicio de Terapia Intensiva, Diego Mu\u00f1oz<\/li>\n<\/ul>\n<p>A su vez, se entregaron distinciones al mejor compa\u00f1ero de cada servicio, mejor desempe\u00f1o, logros acad\u00e9micos.<\/p>\n<p><strong><span style=\"color: #ff0000;\">Mejor Compa\u00f1ero<\/span><\/strong><\/p>\n<ul>\n<li>M\u00f3nica D\u00edaz, del Servicio de Psiquiatr\u00eda<\/li>\n<li>Marcelo Bustamante, del Servicio de Urolog\u00eda<\/li>\n<li>Alba Vergara, del Servicio de Infectolog\u00eda<\/li>\n<li>Laura Moreno, del Servicio de Terapia Intensiva<\/li>\n<li>Patricia Quinteros, del Servicio de Guardia<\/li>\n<li>Nancy Tapia, del Servicio de Consultorios Externos<\/li>\n<li>Exequiel Herrera, del Servicio de Cardiolog\u00eda<\/li>\n<li>Carlos Balmaceda, del Servicio de Quemados<\/li>\n<li>Paola Cortez, del Servicio de Cl\u00ednica M\u00e9dica Mujeres<\/li>\n<li>Leila Flores, del Servicio de Pediatr\u00eda<\/li>\n<li>Marta Naveda, del Servicio de Cl\u00ednica M\u00e9dica Hombre<\/li>\n<li>Johana Torres, del Servicio de Ginecolog\u00eda<\/li>\n<li>Celina Cuevas, del Servicio de Quir\u00f3fano<\/li>\n<li>Gabriel Tejerina, del Servicio de Cirug\u00eda General<\/li>\n<li>Ornella Chavez, del Servicio de Oncolog\u00eda<\/li>\n<li>Mar\u00eda Del Carmen D\u00edaz, del Servicio de Enfermer\u00eda<\/li>\n<\/ul>\n<p><strong><span style=\"color: #ff0000;\">Mejor Evaluaci\u00f3n de Desempe\u00f1o<\/span><\/strong><\/p>\n<ul>\n<li>M\u00f3nica D\u00edaz, del Servicio de Psiquiatr\u00eda<\/li>\n<li>Mar\u00eda Bravo, del Servicio de Urolog\u00eda<\/li>\n<li>Vanesa S\u00e1nchez, del Servicio de Infectolog\u00eda<\/li>\n<li>Diego Mu\u00f1oz, del Servicio de Terapia Intensiva<\/li>\n<li>Evelyn Cruz, del Servicio de Guardia<\/li>\n<li>Sandra Chirino (Consultorios Externos)<\/li>\n<li>Stella Maris Sarome, del Servicio de Cardiolog\u00eda<\/li>\n<li>Cintia Santander, del Servicio de Quemados<\/li>\n<li>Cristina Alcucero, del Servicio de Cl\u00ednica M\u00e9dica Mujeres<\/li>\n<li>Daniela Arancibia, del Servicio de Pediatr\u00eda<\/li>\n<li>Ariel Bogni, del Servicio de Cl\u00ednica M\u00e9dica Hombres<\/li>\n<li>Jazm\u00edn Romero, del Servicio de Ginecolog\u00eda<\/li>\n<li>Carla P\u00e9rez, del Servicio de Cirug\u00eda General<\/li>\n<li>Ornella Ch\u00e1vez, del Servicio de Oncolog\u00eda<\/li>\n<li>Graciela Villafa\u00f1e, del Servicio de Quir\u00f3fano<\/li>\n<\/ul>\n<p><strong><span style=\"color: #ff0000;\">Logros Acad\u00e9micos<\/span><\/strong><\/p>\n<ul>\n<li>Florencia Quiroga, del Servicio de Psiquiatr\u00eda<\/li>\n<li>Luciana Olavarr\u00eda, del Servicio de Psiquiatr\u00eda<\/li>\n<li>Emanuel Ruiz, del Servicio de Psiquiatr\u00eda<\/li>\n<li>Daira Heredia, del Servicio de Urolog\u00eda<\/li>\n<li>Leandro S\u00e1nchez, del Servicio de Urolog\u00eda<\/li>\n<li>Myriam Romero, del Servicio de Urolog\u00eda<\/li>\n<li>Vanesa S\u00e1nchez, del Servicio de Infectolog\u00eda<\/li>\n<li>Julieta Vilchez, del Servicio de Terapia Intensiva<\/li>\n<li>Adriana Andino, del Servicio de Terapia Intensiva<\/li>\n<li>Gabriela Santib\u00e1\u00f1ez, del Servicio de Cardiolog\u00eda<\/li>\n<li>Maira Salas, del Servicio de Cl\u00ednica M\u00e9dica Mujeres<\/li>\n<li>Jesica Arga\u00f1araz, del Servicio de Cl\u00ednica M\u00e9dica Mujeres<\/li>\n<li>Susana D\u00edaz, del Servicio de Pediatr\u00eda<\/li>\n<li>Anabel Garc\u00eda, del Servicio de Pediatr\u00eda<\/li>\n<li>Macarena Vera, del Servicio de Cl\u00ednica M\u00e9dica Hombres<\/li>\n<li>Natalia Quiroga, del Servicio de Cl\u00ednica M\u00e9dica Hombres<\/li>\n<li>Gast\u00f3n Castro, del Servicio de Cl\u00ednica M\u00e9dica Hombres<\/li>\n<li>Eliana Flores, del Servicio de Cl\u00ednica M\u00e9dica Hombres<\/li>\n<li>Melani S\u00e1nchez, del Servicio de Ginecolog\u00eda<\/li>\n<li>Cecilia Gomez, del Servicio de Ginecolog\u00eda<\/li>\n<li>Jazm\u00edn Romero, del Servicio de Ginecolog\u00eda<\/li>\n<li>Melisa Lima, del Servicio de Ginecolog\u00eda<\/li>\n<li>Graciela Villafa\u00f1e, del Servicio de Quir\u00f3fano<\/li>\n<li>Teresa De La Vega, del Servicio de Quir\u00f3fano<\/li>\n<li>Jimena Rodr\u00edguez, del Servicio de Cirug\u00eda General<\/li>\n<li>Maira G\u00f3mez, del Servicio de Cirug\u00eda General<\/li>\n<li>Ver\u00f3nica Talquenca, del Servicio de Cirug\u00eda General<\/li>\n<li>Soledad Guerrero, del Servicio de Oncolog\u00eda<\/li>\n<li>Mariana De Los R\u00edos, del Servicio de Enfermer\u00eda<\/li>\n<\/ul>\n<p><strong><span style=\"color: #ff0000;\">Mejor evaluaci\u00f3n de desempe\u00f1o<\/span><\/strong><\/p>\n<p><strong><span style=\"color: #ff0000;\">Ayudantes de Enfermer\u00eda<\/span><\/strong><\/p>\n<ul>\n<li>Lorena Guzm\u00e1n, del Servicio de Terapia Intensiva<\/li>\n<li>Nicolasa Vega, del Servicio de Cardiolog\u00eda<\/li>\n<li>Ra\u00fal Cejas, del Servicio de Cl\u00ednica M\u00e9dica Mujeres<\/li>\n<li>Cristina Pinto, del Servicio de Cl\u00ednica M\u00e9dica Hombres<\/li>\n<li>Juana N\u00fa\u00f1ez, del Servicio de Cl\u00ednica M\u00e9dica Hombres<\/li>\n<li>Margarita Garc\u00eda, del Servicio de Quemados<\/li>\n<li>Lidia Tello, del Servicio de Pediatr\u00eda<\/li>\n<li>Oscar Molina, del Servicio de Ginecolog\u00eda<\/li>\n<li>Beatriz Moreno, del Servicio de Guardia<\/li>\n<li>Rosana Amarfil, del Servicio de Consultorios Externos<\/li>\n<li>Marisa Gonz\u00e1lez, del Servicio de Psiquiatr\u00eda<\/li>\n<li>Juana Albarrac\u00edn, del Servicio de Psiquiatr\u00eda<\/li>\n<li>Andrea Sarome, del Servicio de Enfermer\u00eda<\/li>\n<\/ul>\n<p><u><\/u><strong><span style=\"color: #ff0000;\">Camilleros<\/span><\/strong><\/p>\n<ul>\n<li>Gabriel Flores, del Servicio de Quemados<\/li>\n<li>Martin Pernini, del Servicio de Quir\u00f3fano<\/li>\n<li>Gustavo C\u00e1ceres, del Servicio de Guardia<\/li>\n<li>Eusebio Ort\u00edz, del Servicio de Cl\u00ednica M\u00e9dica Hombres<\/li>\n<li>Andr\u00e9s Furque, del Servicio de Urolog\u00eda<\/li>\n<li>Pablo Ram\u00edrez, del Servicio de Cirug\u00eda Genera<\/li>\n<\/ul>\n<p><img loading=\"lazy\" decoding=\"async\" class=\"alignnone size-full wp-image-50515\" src=\"https:\/\/vocesparalelas.com.ar\/sitio\/wp-content\/uploads\/2022\/07\/HMQ-FRENTE.jpg\" alt=\"\" width=\"800\" height=\"600\" srcset=\"https:\/\/vocesparalelas.com.ar\/sitio\/wp-content\/uploads\/2022\/07\/HMQ-FRENTE.jpg 800w, https:\/\/vocesparalelas.com.ar\/sitio\/wp-content\/uploads\/2022\/07\/HMQ-FRENTE-300x225.jpg 300w, https:\/\/vocesparalelas.com.ar\/sitio\/wp-content\/uploads\/2022\/07\/HMQ-FRENTE-768x576.jpg 768w\" sizes=\"auto, (max-width: 800px) 100vw, 800px\" \/><\/p>\n","protected":false},"excerpt":{"rendered":"<p>El directorio del Hospital Dr. Marcial Quiroga y su Departamento de Enfermer\u00eda realiz\u00f3 el acto del D\u00eda Internacional de la<\/p>\n","protected":false},"author":3,"featured_media":86377,"comment_status":"closed","ping_status":"closed","sticky":false,"template":"","format":"standard","meta":{"_acf_changed":false,"_seopress_robots_primary_cat":"none","_seopress_titles_title":"","_seopress_titles_desc":"","_seopress_robots_index":"","colormag_page_container_layout":"default_layout","colormag_page_sidebar_layout":"default_layout","footnotes":""},"categories":[1],"tags":[],"class_list":["post-86374","post","type-post","status-publish","format-standard","has-post-thumbnail","hentry","category-destacadas"],"acf":[],"_links":{"self":[{"href":"https:\/\/vocesparalelas.com.ar\/sitio\/wp-json\/wp\/v2\/posts\/86374","targetHints":{"allow":["GET"]}}],"collection":[{"href":"https:\/\/vocesparalelas.com.ar\/sitio\/wp-json\/wp\/v2\/posts"}],"about":[{"href":"https:\/\/vocesparalelas.com.ar\/sitio\/wp-json\/wp\/v2\/types\/post"}],"author":[{"embeddable":true,"href":"https:\/\/vocesparalelas.com.ar\/sitio\/wp-json\/wp\/v2\/users\/3"}],"replies":[{"embeddable":true,"href":"https:\/\/vocesparalelas.com.ar\/sitio\/wp-json\/wp\/v2\/comments?post=86374"}],"version-history":[{"count":4,"href":"https:\/\/vocesparalelas.com.ar\/sitio\/wp-json\/wp\/v2\/posts\/86374\/revisions"}],"predecessor-version":[{"id":86402,"href":"https:\/\/vocesparalelas.com.ar\/sitio\/wp-json\/wp\/v2\/posts\/86374\/revisions\/86402"}],"wp:featuredmedia":[{"embeddable":true,"href":"https:\/\/vocesparalelas.com.ar\/sitio\/wp-json\/wp\/v2\/media\/86377"}],"wp:attachment":[{"href":"https:\/\/vocesparalelas.com.ar\/sitio\/wp-json\/wp\/v2\/media?parent=86374"}],"wp:term":[{"taxonomy":"category","embeddable":true,"href":"https:\/\/vocesparalelas.com.ar\/sitio\/wp-json\/wp\/v2\/categories?post=86374"},{"taxonomy":"post_tag","embeddable":true,"href":"https:\/\/vocesparalelas.com.ar\/sitio\/wp-json\/wp\/v2\/tags?post=86374"}],"curies":[{"name":"wp","href":"https:\/\/api.w.org\/{rel}","templated":true}]}}