{"id":86345,"date":"2025-05-15T15:20:23","date_gmt":"2025-05-15T18:20:23","guid":{"rendered":"https:\/\/vocesparalelas.com.ar\/sitio\/?p=86345"},"modified":"2025-05-16T21:37:46","modified_gmt":"2025-05-17T00:37:46","slug":"la-encargada-de-negocios-de-la-embajada-de-estados-unidos-en-argentina-lic-abigail-l-dressel-en-san-juan","status":"publish","type":"post","link":"https:\/\/vocesparalelas.com.ar\/sitio\/la-encargada-de-negocios-de-la-embajada-de-estados-unidos-en-argentina-lic-abigail-l-dressel-en-san-juan\/","title":{"rendered":"La encargada de Negocios de la Embajada de Estados Unidos en Argentina, Lic. Abigail L. Dressel en San Juan"},"content":{"rendered":"<p>El Jueves, 15 de Mayo, el gobernador de San Juan, Dr. Marcelo Orrego recibi\u00f3 a la encargada de Negocios de la Embajada de Estados Unidos en Argentina, Lic. Abigail L. Dressel.<\/p>\n<p><iframe loading=\"lazy\" title=\"El gobernador Orrego recibi\u00f3 a la encargada de negocios de la Embajada de Estados Unidos\" width=\"800\" height=\"450\" src=\"https:\/\/www.youtube.com\/embed\/9QRLaWW6jxM?feature=oembed\" frameborder=\"0\" allow=\"accelerometer; autoplay; clipboard-write; encrypted-media; gyroscope; picture-in-picture; web-share\" referrerpolicy=\"strict-origin-when-cross-origin\" allowfullscreen><\/iframe><\/p>\n<p>El encuentro se llev\u00f3 a cabo en Casa de Gobierno. Participaron de la reuni\u00f3n, la ministra de Gobierno, Dra. Laura Palma; ministro de Producci\u00f3n, Trabajo e Innovaci\u00f3n, CPN Gustavo Fern\u00e1ndez y secretaria de Relaciones Institucionales, Dra. Claudia Sarmiento.<\/p>\n<p>Tras la reuni\u00f3n, la encargada de Negocios de la Embajada de Estados Unidos en Argentina, Lic. Abigail L. Dressel destac\u00f3 que \u00abes una prioridad para nosotros conocer el pa\u00eds, sus realidades y las posibilidades de cooperaci\u00f3n. Ha sido un gusto conocer al gobernador, a su equipo y a San Juan, una provincia con gran potencial. Ya muchas empresas estadounidenses trabajan en el sector de la miner\u00eda, proveyendo equipamiento, pero tambi\u00e9n hablamos de incrementar a\u00fan m\u00e1s esa colaboraci\u00f3n. Vemos oportunidades concretas para fortalecer los v\u00ednculos en educaci\u00f3n, comercio y turismo. Esta es una zona muy linda, con excelentes vinos, y queremos incentivar al turista estadounidense a conocer y visitar San Juan. Estoy bastante entusiasta con lo que vamos a aprender en esta visita\u201d.<\/p>\n<p>Cabe destacar que La encargada de Negocios de la Embajada de los Estados Unidos en Argentina, realizara una visita oficial a la provincia de San Juan para reafirmar el compromiso de los Estados Unidos con el fortalecimiento de los lazos bilaterales a nivel provincial, en \u00e1reas clave como la educaci\u00f3n, el desarrollo econ\u00f3mico y el empoderamiento de nuevas generaciones de l\u00edderes.<\/p>\n<figure id=\"attachment_86372\" aria-describedby=\"caption-attachment-86372\" style=\"width: 800px\" class=\"wp-caption alignnone\"><img loading=\"lazy\" decoding=\"async\" class=\"size-full wp-image-86372\" src=\"https:\/\/vocesparalelas.com.ar\/sitio\/wp-content\/uploads\/2025\/05\/EEUU-SAN-JUAN-01.jpg\" alt=\"\" width=\"800\" height=\"549\" srcset=\"https:\/\/vocesparalelas.com.ar\/sitio\/wp-content\/uploads\/2025\/05\/EEUU-SAN-JUAN-01.jpg 800w, https:\/\/vocesparalelas.com.ar\/sitio\/wp-content\/uploads\/2025\/05\/EEUU-SAN-JUAN-01-300x206.jpg 300w, https:\/\/vocesparalelas.com.ar\/sitio\/wp-content\/uploads\/2025\/05\/EEUU-SAN-JUAN-01-768x527.jpg 768w, https:\/\/vocesparalelas.com.ar\/sitio\/wp-content\/uploads\/2025\/05\/EEUU-SAN-JUAN-01-130x90.jpg 130w\" sizes=\"auto, (max-width: 800px) 100vw, 800px\" \/><figcaption id=\"caption-attachment-86372\" class=\"wp-caption-text\">La encargada de Negocios de la Embajada de Estados Unidos en Argentina, Lic. Abigail L. Dressel junto al Gobernador de San Juan, Dr. Marcelo Orrego<\/figcaption><\/figure>\n<p><span style=\"color: #0000ff;\"><strong>Otros datos<\/strong><\/span><\/p>\n<p><span data-contrast=\"none\">Abigail L. Dressel, diplom\u00e1tica de carrera del Servicio Exterior con rango de Ministra Consejera, se desempe\u00f1a como Encargada de Negocios, ad interim, en la Embajada de los Estados Unidos en Buenos Aires, Argentina. La Sra. Dressel asumi\u00f3 como Vicejefa de Misi\u00f3n en la Embajada de los Estados Unidos en Argentina en agosto de 2022. Galardonada con el prestigioso Premio Presidencial al M\u00e9rito en 2024 por sus destacadas contribuciones a la pol\u00edtica exterior de los Estados Unidos, se desempe\u00f1\u00f3 anteriormente como Vicejefa de Misi\u00f3n en la Embajada de los Estados Unidos en Maputo, Mozambique, desde el 2019 hasta el 2022.<\/span><span data-ccp-props=\"{&quot;134233117&quot;:false,&quot;134233118&quot;:false,&quot;335557856&quot;:16514300,&quot;335559738&quot;:0,&quot;335559739&quot;:0}\">\u00a0<\/span><\/p>\n<p><span data-contrast=\"none\">Dressel tiene una amplia experiencia en Am\u00e9rica Latina, \u00c1frica y Europa. Se desempe\u00f1\u00f3 como Consejera para Cultura, Prensa y Educaci\u00f3n en las Embajadas de los Estados Unidos en Brasil y Colombia, y como C\u00f3nsul de los Estados Unidos en Minas Gerais, guiando e implementando la pol\u00edtica exterior estadounidense. Tambi\u00e9n dirigi\u00f3 la relaci\u00f3n del Departamento de Estado con los principales medios de comunicaci\u00f3n internacionales en la Oficina de Asuntos P\u00fablicos Globales. Entre sus destinos anteriores se incluyen las embajadas de Estados Unidos en Lisboa, Luanda, Lima y San Salvador.<\/span><span data-ccp-props=\"{&quot;134233117&quot;:false,&quot;134233118&quot;:false,&quot;335557856&quot;:16514300,&quot;335559738&quot;:0,&quot;335559739&quot;:0}\">\u00a0<\/span><\/p>\n<p><span data-contrast=\"none\">Oriunda de Wallingford, Connecticut, Dressel tiene una licenciatura en Relaciones Internacionales de la Universidad George Washington, y realiz\u00f3 adem\u00e1s, estudios en la Universidad de Buenos Aires y en la Universidad Complutense de Madrid. Domina el espa\u00f1ol y el portugu\u00e9s, est\u00e1 casada y tiene dos hijos.<\/span><span data-ccp-props=\"{&quot;134233117&quot;:false,&quot;134233118&quot;:false,&quot;335557856&quot;:16514300,&quot;335559738&quot;:0,&quot;335559739&quot;:0}\">\u00a0<\/span><\/p>\n<p>&nbsp;<\/p>\n<p><img loading=\"lazy\" decoding=\"async\" class=\"alignnone size-full wp-image-65642\" src=\"https:\/\/vocesparalelas.com.ar\/sitio\/wp-content\/uploads\/2023\/11\/GOBIERNO-SAN-JUAN.jpg\" alt=\"\" width=\"800\" height=\"600\" srcset=\"https:\/\/vocesparalelas.com.ar\/sitio\/wp-content\/uploads\/2023\/11\/GOBIERNO-SAN-JUAN.jpg 800w, https:\/\/vocesparalelas.com.ar\/sitio\/wp-content\/uploads\/2023\/11\/GOBIERNO-SAN-JUAN-300x225.jpg 300w, https:\/\/vocesparalelas.com.ar\/sitio\/wp-content\/uploads\/2023\/11\/GOBIERNO-SAN-JUAN-768x576.jpg 768w\" sizes=\"auto, (max-width: 800px) 100vw, 800px\" \/><\/p>\n<p>&nbsp;<\/p>\n","protected":false},"excerpt":{"rendered":"<p>El Jueves, 15 de Mayo, el gobernador de San Juan, Dr. Marcelo Orrego recibi\u00f3 a la encargada de Negocios de<\/p>\n","protected":false},"author":3,"featured_media":86348,"comment_status":"closed","ping_status":"closed","sticky":false,"template":"","format":"standard","meta":{"_acf_changed":false,"_seopress_robots_primary_cat":"none","_seopress_titles_title":"","_seopress_titles_desc":"","_seopress_robots_index":"","colormag_page_container_layout":"default_layout","colormag_page_sidebar_layout":"default_layout","footnotes":""},"categories":[10,7],"tags":[],"class_list":["post-86345","post","type-post","status-publish","format-standard","has-post-thumbnail","hentry","category-opiniones","category-videos"],"acf":[],"_links":{"self":[{"href":"https:\/\/vocesparalelas.com.ar\/sitio\/wp-json\/wp\/v2\/posts\/86345","targetHints":{"allow":["GET"]}}],"collection":[{"href":"https:\/\/vocesparalelas.com.ar\/sitio\/wp-json\/wp\/v2\/posts"}],"about":[{"href":"https:\/\/vocesparalelas.com.ar\/sitio\/wp-json\/wp\/v2\/types\/post"}],"author":[{"embeddable":true,"href":"https:\/\/vocesparalelas.com.ar\/sitio\/wp-json\/wp\/v2\/users\/3"}],"replies":[{"embeddable":true,"href":"https:\/\/vocesparalelas.com.ar\/sitio\/wp-json\/wp\/v2\/comments?post=86345"}],"version-history":[{"count":5,"href":"https:\/\/vocesparalelas.com.ar\/sitio\/wp-json\/wp\/v2\/posts\/86345\/revisions"}],"predecessor-version":[{"id":86373,"href":"https:\/\/vocesparalelas.com.ar\/sitio\/wp-json\/wp\/v2\/posts\/86345\/revisions\/86373"}],"wp:featuredmedia":[{"embeddable":true,"href":"https:\/\/vocesparalelas.com.ar\/sitio\/wp-json\/wp\/v2\/media\/86348"}],"wp:attachment":[{"href":"https:\/\/vocesparalelas.com.ar\/sitio\/wp-json\/wp\/v2\/media?parent=86345"}],"wp:term":[{"taxonomy":"category","embeddable":true,"href":"https:\/\/vocesparalelas.com.ar\/sitio\/wp-json\/wp\/v2\/categories?post=86345"},{"taxonomy":"post_tag","embeddable":true,"href":"https:\/\/vocesparalelas.com.ar\/sitio\/wp-json\/wp\/v2\/tags?post=86345"}],"curies":[{"name":"wp","href":"https:\/\/api.w.org\/{rel}","templated":true}]}}