{"id":86325,"date":"2025-05-14T22:05:51","date_gmt":"2025-05-15T01:05:51","guid":{"rendered":"https:\/\/vocesparalelas.com.ar\/sitio\/?p=86325"},"modified":"2025-05-15T23:30:25","modified_gmt":"2025-05-16T02:30:25","slug":"inicio-el-1-congreso-nacional-e-internacional-de-investigaciones-sobre-oriente-de-la-ffha-de-la-unsj","status":"publish","type":"post","link":"https:\/\/vocesparalelas.com.ar\/sitio\/inicio-el-1-congreso-nacional-e-internacional-de-investigaciones-sobre-oriente-de-la-ffha-de-la-unsj\/","title":{"rendered":"Inici\u00f3 el 1\u00b0 Congreso Nacional e Internacional de Investigaciones sobre Oriente de la FFHA de la UNSJ"},"content":{"rendered":"<p>El Departamento de Historia junto al Gabinete de Estudios e Investigaci\u00f3n de Oriente &#8211; GEIDO &#8211; , de la Facultad de Filosof\u00eda, Humanidades y Artes de la Universidad Nacional de San Juan, iniciaron el 1\u00b0 Congreso Nacional e Internacional de Investigaciones sobre Oriente, el cual resulta en \u201cun eslab\u00f3n de una cadena en funci\u00f3n de un posicionamiento del Gabinete\u201d, dijo Cristian Espejo, coordinadora de evento acad\u00e9mico. Resulta entonces, en compartir con el p\u00fablico este pronunciamiento a partir de los\/as ponientes y disertantes.<\/p>\n<p>Estuvieron presentes la decana de la FFHA de la UNSJ, Mg. Myriam Arrabal; la coordinadora del Congreso, Prof. Cristian Espejo; la co-coordinadora, Prof. Silvina L\u00f3pez; el director del Departamento de Historia, Prof. Carlos Nicol\u00eda; los diputados, Dr. Mario Herrero y Emilio Escobedo; y el presidente de la Fundaci\u00f3n Ideas para Promover Equidad, Jorge Lorenzo, entre otras autoridades.<\/p>\n<p><img loading=\"lazy\" decoding=\"async\" class=\"alignnone size-full wp-image-86329\" src=\"https:\/\/vocesparalelas.com.ar\/sitio\/wp-content\/uploads\/2025\/05\/FFHA-UNSJ-CONGRESO-02.jpg\" alt=\"\" width=\"800\" height=\"533\" srcset=\"https:\/\/vocesparalelas.com.ar\/sitio\/wp-content\/uploads\/2025\/05\/FFHA-UNSJ-CONGRESO-02.jpg 800w, https:\/\/vocesparalelas.com.ar\/sitio\/wp-content\/uploads\/2025\/05\/FFHA-UNSJ-CONGRESO-02-300x200.jpg 300w, https:\/\/vocesparalelas.com.ar\/sitio\/wp-content\/uploads\/2025\/05\/FFHA-UNSJ-CONGRESO-02-768x512.jpg 768w\" sizes=\"auto, (max-width: 800px) 100vw, 800px\" \/><\/p>\n<p>Cada discurso celebr\u00f3 el camino transitado hasta ese momento, demostrando tambi\u00e9n el car\u00e1cter casi singular del gabinete y sus acciones a nivel nacional.<\/p>\n<p>En este contexto, la decana de la FFHA de la UNSJ, Mg. Myriam Arrabal se\u00f1al\u00f3 que \u00abeste congreso es el resultado de una larga trayectoria de una construcci\u00f3n tem\u00e1tica actual, de un objeto de estudio casi inexplorado por las universidades nacionales y de la regi\u00f3n. Es adem\u00e1s la oportunidad de tender puentes acad\u00e9micos en car\u00e1cter local e internacional, que permitan el intercambio y entendimiento de la riqueza de la cultura\u201d.<\/p>\n<p>Posteriormente, la coordinadora del Congreso, Prof. Cristian Espejo destac\u00f3 que \u00abeste espacio no solamente muestra los estudios de quienes a nivel del pa\u00eds u occidente llevan a cabo toda esta tarea de investigaci\u00f3n, ya sea desde La Plata, La Patagonia, desde Chile, o Madrid, sino tambi\u00e9n escucharlos a ellos, que, en su propia voz, en su propio testimonio, sean protagonistas y nos digan cu\u00e1les son sus propios lugares. Por eso tenemos una serie de encuentros especiales, cada uno de los d\u00edas, con un representante de estas culturas\u201d.<\/p>\n<p>Como conclusi\u00f3n, expres\u00f3 Jorge Lorenzo que \u00abcomprender otras culturas nos hace menos soberbios, y es un espejo para poder mirarnos permanentemente\u201d.<\/p>\n<p>&nbsp;<\/p>\n<p><img loading=\"lazy\" decoding=\"async\" class=\"alignnone size-large wp-image-43889\" src=\"https:\/\/vocesparalelas.com.ar\/sitio\/wp-content\/uploads\/2021\/11\/FFHA-FRENTE-1-800x600.jpg\" alt=\"\" width=\"800\" height=\"600\" srcset=\"https:\/\/vocesparalelas.com.ar\/sitio\/wp-content\/uploads\/2021\/11\/FFHA-FRENTE-1-800x600.jpg 800w, https:\/\/vocesparalelas.com.ar\/sitio\/wp-content\/uploads\/2021\/11\/FFHA-FRENTE-1-300x225.jpg 300w, https:\/\/vocesparalelas.com.ar\/sitio\/wp-content\/uploads\/2021\/11\/FFHA-FRENTE-1-768x576.jpg 768w, https:\/\/vocesparalelas.com.ar\/sitio\/wp-content\/uploads\/2021\/11\/FFHA-FRENTE-1.jpg 1024w\" sizes=\"auto, (max-width: 800px) 100vw, 800px\" \/><\/p>\n<p>&nbsp;<\/p>\n<blockquote class=\"wp-embedded-content\" data-secret=\"JYTpZSXqBx\"><p><a href=\"https:\/\/vocesparalelas.com.ar\/sitio\/1-congreso-nacional-e-internacional-de-investigaciones-sobre-oriente-en-la-ffha-de-la-unsj\/\">1\u00b0 Congreso Nacional e Internacional de Investigaciones sobre Oriente en la FFHA de la UNSJ<\/a><\/p><\/blockquote>\n<p><iframe loading=\"lazy\" class=\"wp-embedded-content\" sandbox=\"allow-scripts\" security=\"restricted\" style=\"position: absolute; visibility: hidden;\" title=\"\u00ab1\u00b0 Congreso Nacional e Internacional de Investigaciones sobre Oriente en la FFHA de la UNSJ\u00bb \u2014 Voces Paralelas\" src=\"https:\/\/vocesparalelas.com.ar\/sitio\/1-congreso-nacional-e-internacional-de-investigaciones-sobre-oriente-en-la-ffha-de-la-unsj\/embed\/#?secret=NO9JlDGcNn#?secret=JYTpZSXqBx\" data-secret=\"JYTpZSXqBx\" width=\"600\" height=\"338\" frameborder=\"0\" marginwidth=\"0\" marginheight=\"0\" scrolling=\"no\"><\/iframe><\/p>\n","protected":false},"excerpt":{"rendered":"<p>El Departamento de Historia junto al Gabinete de Estudios e Investigaci\u00f3n de Oriente &#8211; GEIDO &#8211; , de la Facultad<\/p>\n","protected":false},"author":3,"featured_media":86328,"comment_status":"closed","ping_status":"closed","sticky":false,"template":"","format":"standard","meta":{"_acf_changed":false,"_seopress_robots_primary_cat":"none","_seopress_titles_title":"","_seopress_titles_desc":"","_seopress_robots_index":"","colormag_page_container_layout":"default_layout","colormag_page_sidebar_layout":"default_layout","footnotes":""},"categories":[15],"tags":[],"class_list":["post-86325","post","type-post","status-publish","format-standard","has-post-thumbnail","hentry","category-posgrados"],"acf":[],"_links":{"self":[{"href":"https:\/\/vocesparalelas.com.ar\/sitio\/wp-json\/wp\/v2\/posts\/86325","targetHints":{"allow":["GET"]}}],"collection":[{"href":"https:\/\/vocesparalelas.com.ar\/sitio\/wp-json\/wp\/v2\/posts"}],"about":[{"href":"https:\/\/vocesparalelas.com.ar\/sitio\/wp-json\/wp\/v2\/types\/post"}],"author":[{"embeddable":true,"href":"https:\/\/vocesparalelas.com.ar\/sitio\/wp-json\/wp\/v2\/users\/3"}],"replies":[{"embeddable":true,"href":"https:\/\/vocesparalelas.com.ar\/sitio\/wp-json\/wp\/v2\/comments?post=86325"}],"version-history":[{"count":2,"href":"https:\/\/vocesparalelas.com.ar\/sitio\/wp-json\/wp\/v2\/posts\/86325\/revisions"}],"predecessor-version":[{"id":86331,"href":"https:\/\/vocesparalelas.com.ar\/sitio\/wp-json\/wp\/v2\/posts\/86325\/revisions\/86331"}],"wp:featuredmedia":[{"embeddable":true,"href":"https:\/\/vocesparalelas.com.ar\/sitio\/wp-json\/wp\/v2\/media\/86328"}],"wp:attachment":[{"href":"https:\/\/vocesparalelas.com.ar\/sitio\/wp-json\/wp\/v2\/media?parent=86325"}],"wp:term":[{"taxonomy":"category","embeddable":true,"href":"https:\/\/vocesparalelas.com.ar\/sitio\/wp-json\/wp\/v2\/categories?post=86325"},{"taxonomy":"post_tag","embeddable":true,"href":"https:\/\/vocesparalelas.com.ar\/sitio\/wp-json\/wp\/v2\/tags?post=86325"}],"curies":[{"name":"wp","href":"https:\/\/api.w.org\/{rel}","templated":true}]}}