{"id":86250,"date":"2025-05-13T13:32:49","date_gmt":"2025-05-13T16:32:49","guid":{"rendered":"https:\/\/vocesparalelas.com.ar\/sitio\/?p=86250"},"modified":"2025-05-13T13:50:27","modified_gmt":"2025-05-13T16:50:27","slug":"especialista-en-seguridad-sismoresistente-en-edificios-estrategicos-se-reunio-con-diputados-de-san-juan","status":"publish","type":"post","link":"https:\/\/vocesparalelas.com.ar\/sitio\/especialista-en-seguridad-sismoresistente-en-edificios-estrategicos-se-reunio-con-diputados-de-san-juan\/","title":{"rendered":"Especialista en Seguridad Sismoresistente en Edificios Estrat\u00e9gicos se reuni\u00f3 con Diputados de San Juan"},"content":{"rendered":"<p>Con el objetivo de informarse en profundidad sobre \u00abSeguridad Sismoresistente en Edificios Estrat\u00e9gicos y de Funciones Esenciales para la Poblaci\u00f3n de San Juan\u00bb, los legisladores integrantes de la Comisi\u00f3n de Obras y Servicios P\u00fablicos recibieron al Ing. Eugenio Segu\u00edn quien les brind\u00f3 una detallada explicaci\u00f3n al respecto.<\/p>\n<p>Por otro lado, tambi\u00e9n se reunieron las comisiones de Hacienda y Presupuesto; y Legislaci\u00f3n y Asuntos Constitucionales durante el Lunes, 12 de Mayo de 2025.<\/p>\n<p><span style=\"color: #800080;\"><strong>Comisi\u00f3n de Obras y Servicios P\u00fablicos<\/strong><\/span><\/p>\n<p>A las 8.30 horas de la ma\u00f1ana tuvo lugar en el cuarto piso del edificio Anexo de la Legislatura la reuni\u00f3n de la comisi\u00f3n de Obras y Servicios P\u00fablicos que estuvo encabezada por su presidente, diputado Enzo Cornejo.<\/p>\n<p>Participaron los legisladores Franco Aranda, Mar\u00eda Lascano, Federico Rizo, Alejandra Leonardo, M\u00f3nica Gonz\u00e1lez, Marcelo Mallea, Mario Herrero, y Juan Carlos Quiroga Moyano.<\/p>\n<p>En la ocasi\u00f3n, emitieron despacho favorable del expediente n\u00ba 858 que se refiere a un Proyecto de Ley de aprobaci\u00f3n de la Adenda IV celebrada entre, el Ministerio de Transporte de la Naci\u00f3n y la Provincia de San Juan. El objeto es continuar otorgando asistencia financiera para los servicios de Transporte P\u00fablico Automotor Urbano, a trav\u00e9s del denominado Fondo Compensador.<\/p>\n<p>Luego, la comisi\u00f3n recibi\u00f3 al Ing. Eugenio Segu\u00edn, director de la Obra de la Consolidaci\u00f3n y Aislamiento S\u00edsmico del Edificio Hist\u00f3rico de la C\u00e1mara de Diputados junto al Ing. Andr\u00e9s Zini, director de Oficina T\u00e9cnica de la C\u00e1mara de Diputados de San Juan.<\/p>\n<p>El profesional asisti\u00f3 para brindar una exposici\u00f3n sobre seguridad s\u00edsmica en edificios estrat\u00e9gicos y sobre la importancia de establecer un plan de emergencia para poder atender a la poblaci\u00f3n tras una cat\u00e1strofe, en el marco de un anteproyecto sobre\u00a0\u00abSeguridad Sismoresistente en Edificios Estrat\u00e9gicos y de Funciones Esenciales para la Poblaci\u00f3n de San Juan\u00bb.<\/p>\n<p>&nbsp;<\/p>\n<p><iframe loading=\"lazy\" title=\"Ing. Eugenio Segu\u00edn - Anteproyecto &quot;Seguridad sismoresistente en edificios estrat\u00e9gicos&quot;\" width=\"800\" height=\"450\" src=\"https:\/\/www.youtube.com\/embed\/awDqiAuQOKo?feature=oembed\" frameborder=\"0\" allow=\"accelerometer; autoplay; clipboard-write; encrypted-media; gyroscope; picture-in-picture; web-share\" referrerpolicy=\"strict-origin-when-cross-origin\" allowfullscreen><\/iframe><\/p>\n<p>&nbsp;<\/p>\n<figure id=\"attachment_37951\" aria-describedby=\"caption-attachment-37951\" style=\"width: 800px\" class=\"wp-caption alignnone\"><img loading=\"lazy\" decoding=\"async\" class=\"size-full wp-image-37951\" src=\"https:\/\/vocesparalelas.com.ar\/sitio\/wp-content\/uploads\/2021\/05\/CAMARA-EDIFICIO.jpg\" alt=\"\" width=\"800\" height=\"515\" srcset=\"https:\/\/vocesparalelas.com.ar\/sitio\/wp-content\/uploads\/2021\/05\/CAMARA-EDIFICIO.jpg 800w, https:\/\/vocesparalelas.com.ar\/sitio\/wp-content\/uploads\/2021\/05\/CAMARA-EDIFICIO-300x193.jpg 300w, https:\/\/vocesparalelas.com.ar\/sitio\/wp-content\/uploads\/2021\/05\/CAMARA-EDIFICIO-768x494.jpg 768w\" sizes=\"auto, (max-width: 800px) 100vw, 800px\" \/><figcaption id=\"caption-attachment-37951\" class=\"wp-caption-text\">Legislatura Provincial de San Juan, Rep\u00fablica Argentina<\/figcaption><\/figure>\n","protected":false},"excerpt":{"rendered":"<p>Con el objetivo de informarse en profundidad sobre \u00abSeguridad Sismoresistente en Edificios Estrat\u00e9gicos y de Funciones Esenciales para la Poblaci\u00f3n<\/p>\n","protected":false},"author":3,"featured_media":86253,"comment_status":"closed","ping_status":"closed","sticky":false,"template":"","format":"standard","meta":{"_acf_changed":false,"_seopress_robots_primary_cat":"none","_seopress_titles_title":"","_seopress_titles_desc":"","_seopress_robots_index":"","colormag_page_container_layout":"default_layout","colormag_page_sidebar_layout":"default_layout","footnotes":""},"categories":[1,7],"tags":[],"class_list":["post-86250","post","type-post","status-publish","format-standard","has-post-thumbnail","hentry","category-destacadas","category-videos"],"acf":[],"_links":{"self":[{"href":"https:\/\/vocesparalelas.com.ar\/sitio\/wp-json\/wp\/v2\/posts\/86250","targetHints":{"allow":["GET"]}}],"collection":[{"href":"https:\/\/vocesparalelas.com.ar\/sitio\/wp-json\/wp\/v2\/posts"}],"about":[{"href":"https:\/\/vocesparalelas.com.ar\/sitio\/wp-json\/wp\/v2\/types\/post"}],"author":[{"embeddable":true,"href":"https:\/\/vocesparalelas.com.ar\/sitio\/wp-json\/wp\/v2\/users\/3"}],"replies":[{"embeddable":true,"href":"https:\/\/vocesparalelas.com.ar\/sitio\/wp-json\/wp\/v2\/comments?post=86250"}],"version-history":[{"count":3,"href":"https:\/\/vocesparalelas.com.ar\/sitio\/wp-json\/wp\/v2\/posts\/86250\/revisions"}],"predecessor-version":[{"id":86256,"href":"https:\/\/vocesparalelas.com.ar\/sitio\/wp-json\/wp\/v2\/posts\/86250\/revisions\/86256"}],"wp:featuredmedia":[{"embeddable":true,"href":"https:\/\/vocesparalelas.com.ar\/sitio\/wp-json\/wp\/v2\/media\/86253"}],"wp:attachment":[{"href":"https:\/\/vocesparalelas.com.ar\/sitio\/wp-json\/wp\/v2\/media?parent=86250"}],"wp:term":[{"taxonomy":"category","embeddable":true,"href":"https:\/\/vocesparalelas.com.ar\/sitio\/wp-json\/wp\/v2\/categories?post=86250"},{"taxonomy":"post_tag","embeddable":true,"href":"https:\/\/vocesparalelas.com.ar\/sitio\/wp-json\/wp\/v2\/tags?post=86250"}],"curies":[{"name":"wp","href":"https:\/\/api.w.org\/{rel}","templated":true}]}}