{"id":86242,"date":"2025-05-13T12:02:15","date_gmt":"2025-05-13T15:02:15","guid":{"rendered":"https:\/\/vocesparalelas.com.ar\/sitio\/?p=86242"},"modified":"2025-05-13T12:02:15","modified_gmt":"2025-05-13T15:02:15","slug":"se-entregaron-movilidades-a-los-hospitales-de-9-departamentos-de-san-juan","status":"publish","type":"post","link":"https:\/\/vocesparalelas.com.ar\/sitio\/se-entregaron-movilidades-a-los-hospitales-de-9-departamentos-de-san-juan\/","title":{"rendered":"Se entregaron movilidades a los Hospitales de 9 Departamentos de San Juan"},"content":{"rendered":"<p>El Gobierno de San Juan entreg\u00f3 12 ambulancias a Hospitales de ocho departamentos de San Juan, con el objetivo de optimizar y ampliar la respuesta de Salud P\u00fablica ante emergencias y traslados. Adem\u00e1s, dot\u00f3 con tres nuevas movilidades a la Divisi\u00f3n Epidemiolog\u00eda y al Programa Provincial de Inmunizaciones.<\/p>\n<p>El acto oficial se realiz\u00f3 en el Estacionamiento del Teatro del Bicentenario el Lunes, 12 de Mayo de 2025, donde el gobernador Dr. Marcelo Orrego y el Ministro de Salud, Dr. Amilcar Dobladez fueron los responsables de entregar las movilidades que permiten modernizar las movilidades del servicio de traslado de pacientes.<\/p>\n<p>En este contexto el Ministro de Salud, Dr. Amilcar Dobladez enfatiz\u00f3 que \u00abla entrega de modalidades de salud permiten renoval el 33 % en beneficio de la poblaci\u00f3n de los departamentos alejados de San Juan\u00bb.<\/p>\n<p><iframe loading=\"lazy\" title=\"SAN JUAN SALUD MINISTRO DR AMILCAR DOBLADEZ\" width=\"800\" height=\"450\" src=\"https:\/\/www.youtube.com\/embed\/lZdnMZyK5WQ?feature=oembed\" frameborder=\"0\" allow=\"accelerometer; autoplay; clipboard-write; encrypted-media; gyroscope; picture-in-picture; web-share\" referrerpolicy=\"strict-origin-when-cross-origin\" allowfullscreen><\/iframe><\/p>\n<p>&nbsp;<\/p>\n<p>Posteriormente, el Gobernador, Dr. Marcelo Orrego subray\u00f3 que \u00abhace nueve a\u00f1os que Salud P\u00fablica no compraba movilidades. Un hecho vale m\u00e1s que mil palabras, esto es tangible. El Gobierno contin\u00faa desarrollando acciones que atiendan lo sensible, como la salud, la seguridad y la educaci\u00f3n\u201d.<\/p>\n<p><iframe loading=\"lazy\" title=\"SAN JUAN SALUD GOBERNADOR DR MARCELO ORREGO\" width=\"800\" height=\"450\" src=\"https:\/\/www.youtube.com\/embed\/rkdnpGw2sN4?feature=oembed\" frameborder=\"0\" allow=\"accelerometer; autoplay; clipboard-write; encrypted-media; gyroscope; picture-in-picture; web-share\" referrerpolicy=\"strict-origin-when-cross-origin\" allowfullscreen><\/iframe><\/p>\n<p>&nbsp;<\/p>\n<p><img loading=\"lazy\" decoding=\"async\" class=\"alignnone size-full wp-image-86245\" src=\"https:\/\/vocesparalelas.com.ar\/sitio\/wp-content\/uploads\/2025\/05\/SAN-JUAN-SALUD-AMBULANCIAS-01.jpg\" alt=\"\" width=\"800\" height=\"533\" srcset=\"https:\/\/vocesparalelas.com.ar\/sitio\/wp-content\/uploads\/2025\/05\/SAN-JUAN-SALUD-AMBULANCIAS-01.jpg 800w, https:\/\/vocesparalelas.com.ar\/sitio\/wp-content\/uploads\/2025\/05\/SAN-JUAN-SALUD-AMBULANCIAS-01-300x200.jpg 300w, https:\/\/vocesparalelas.com.ar\/sitio\/wp-content\/uploads\/2025\/05\/SAN-JUAN-SALUD-AMBULANCIAS-01-768x512.jpg 768w\" sizes=\"auto, (max-width: 800px) 100vw, 800px\" \/><\/p>\n<p>Se entregaron 6 ambulancias<\/p>\n<ul>\n<li>Hospital Dr. Tom\u00e1s Per\u00f3n, Departamento Iglesia,<\/li>\n<li>Hospital San Roque, Departamento J\u00e1chal<\/li>\n<li>Hospital Dr. Alejandro Albarrac\u00edn, Departamento Valle F\u00e9rtil<\/li>\n<li>Hospital Barreal, Departamento Calingasta<\/li>\n<li>Hospital Dr. Aldo Cantoni, Departamento Calingasta, 25 de Mayo,<\/li>\n<li>Hospital Dr. Ventura Lloveras, Departamento Sarmiento<\/li>\n<\/ul>\n<p><img loading=\"lazy\" decoding=\"async\" class=\"alignnone size-full wp-image-86247\" src=\"https:\/\/vocesparalelas.com.ar\/sitio\/wp-content\/uploads\/2025\/05\/SAN-JUAN-SALUD-AMBULANCIAS-03.jpg\" alt=\"\" width=\"800\" height=\"533\" srcset=\"https:\/\/vocesparalelas.com.ar\/sitio\/wp-content\/uploads\/2025\/05\/SAN-JUAN-SALUD-AMBULANCIAS-03.jpg 800w, https:\/\/vocesparalelas.com.ar\/sitio\/wp-content\/uploads\/2025\/05\/SAN-JUAN-SALUD-AMBULANCIAS-03-300x200.jpg 300w, https:\/\/vocesparalelas.com.ar\/sitio\/wp-content\/uploads\/2025\/05\/SAN-JUAN-SALUD-AMBULANCIAS-03-768x512.jpg 768w\" sizes=\"auto, (max-width: 800px) 100vw, 800px\" \/><\/p>\n<p>Ambulancia modalidad 4&#215;2.<\/p>\n<ul>\n<li>Hospital Dr. C\u00e9sar Aguilar, Departamento Caucete<\/li>\n<li>Hospital Dr. Jos\u00e9 Giordano, Departamento Albard\u00f3n,<\/li>\n<\/ul>\n<p>Adem\u00e1s, la secci\u00f3n Zoonosis perteneciente a la Divisi\u00f3n de Epidemiolog\u00eda recibi\u00f3 2 quir\u00f3fanos m\u00f3viles, mientras que el Programa Provincial de Inmunizaciones fue dotado de un nuevo vacunatorio m\u00f3vil.<\/p>\n<p><img loading=\"lazy\" decoding=\"async\" class=\"alignnone size-full wp-image-86248\" src=\"https:\/\/vocesparalelas.com.ar\/sitio\/wp-content\/uploads\/2025\/05\/SAN-JUAN-SALUD-AMBULANCIAS-04.jpg\" alt=\"\" width=\"800\" height=\"533\" srcset=\"https:\/\/vocesparalelas.com.ar\/sitio\/wp-content\/uploads\/2025\/05\/SAN-JUAN-SALUD-AMBULANCIAS-04.jpg 800w, https:\/\/vocesparalelas.com.ar\/sitio\/wp-content\/uploads\/2025\/05\/SAN-JUAN-SALUD-AMBULANCIAS-04-300x200.jpg 300w, https:\/\/vocesparalelas.com.ar\/sitio\/wp-content\/uploads\/2025\/05\/SAN-JUAN-SALUD-AMBULANCIAS-04-768x512.jpg 768w\" sizes=\"auto, (max-width: 800px) 100vw, 800px\" \/><\/p>\n<p>&nbsp;<\/p>\n<p><img loading=\"lazy\" decoding=\"async\" class=\"alignnone size-full wp-image-65642\" src=\"https:\/\/vocesparalelas.com.ar\/sitio\/wp-content\/uploads\/2023\/11\/GOBIERNO-SAN-JUAN.jpg\" alt=\"\" width=\"800\" height=\"600\" srcset=\"https:\/\/vocesparalelas.com.ar\/sitio\/wp-content\/uploads\/2023\/11\/GOBIERNO-SAN-JUAN.jpg 800w, https:\/\/vocesparalelas.com.ar\/sitio\/wp-content\/uploads\/2023\/11\/GOBIERNO-SAN-JUAN-300x225.jpg 300w, https:\/\/vocesparalelas.com.ar\/sitio\/wp-content\/uploads\/2023\/11\/GOBIERNO-SAN-JUAN-768x576.jpg 768w\" sizes=\"auto, (max-width: 800px) 100vw, 800px\" \/><\/p>\n","protected":false},"excerpt":{"rendered":"<p>El Gobierno de San Juan entreg\u00f3 12 ambulancias a Hospitales de ocho departamentos de San Juan, con el objetivo de<\/p>\n","protected":false},"author":3,"featured_media":86246,"comment_status":"closed","ping_status":"closed","sticky":false,"template":"","format":"standard","meta":{"_acf_changed":false,"_seopress_robots_primary_cat":"none","_seopress_titles_title":"","_seopress_titles_desc":"","_seopress_robots_index":"","colormag_page_container_layout":"default_layout","colormag_page_sidebar_layout":"default_layout","footnotes":""},"categories":[1,7],"tags":[],"class_list":["post-86242","post","type-post","status-publish","format-standard","has-post-thumbnail","hentry","category-destacadas","category-videos"],"acf":[],"_links":{"self":[{"href":"https:\/\/vocesparalelas.com.ar\/sitio\/wp-json\/wp\/v2\/posts\/86242","targetHints":{"allow":["GET"]}}],"collection":[{"href":"https:\/\/vocesparalelas.com.ar\/sitio\/wp-json\/wp\/v2\/posts"}],"about":[{"href":"https:\/\/vocesparalelas.com.ar\/sitio\/wp-json\/wp\/v2\/types\/post"}],"author":[{"embeddable":true,"href":"https:\/\/vocesparalelas.com.ar\/sitio\/wp-json\/wp\/v2\/users\/3"}],"replies":[{"embeddable":true,"href":"https:\/\/vocesparalelas.com.ar\/sitio\/wp-json\/wp\/v2\/comments?post=86242"}],"version-history":[{"count":1,"href":"https:\/\/vocesparalelas.com.ar\/sitio\/wp-json\/wp\/v2\/posts\/86242\/revisions"}],"predecessor-version":[{"id":86249,"href":"https:\/\/vocesparalelas.com.ar\/sitio\/wp-json\/wp\/v2\/posts\/86242\/revisions\/86249"}],"wp:featuredmedia":[{"embeddable":true,"href":"https:\/\/vocesparalelas.com.ar\/sitio\/wp-json\/wp\/v2\/media\/86246"}],"wp:attachment":[{"href":"https:\/\/vocesparalelas.com.ar\/sitio\/wp-json\/wp\/v2\/media?parent=86242"}],"wp:term":[{"taxonomy":"category","embeddable":true,"href":"https:\/\/vocesparalelas.com.ar\/sitio\/wp-json\/wp\/v2\/categories?post=86242"},{"taxonomy":"post_tag","embeddable":true,"href":"https:\/\/vocesparalelas.com.ar\/sitio\/wp-json\/wp\/v2\/tags?post=86242"}],"curies":[{"name":"wp","href":"https:\/\/api.w.org\/{rel}","templated":true}]}}