{"id":86238,"date":"2025-05-13T10:55:52","date_gmt":"2025-05-13T13:55:52","guid":{"rendered":"https:\/\/vocesparalelas.com.ar\/sitio\/?p=86238"},"modified":"2025-05-14T23:56:50","modified_gmt":"2025-05-15T02:56:50","slug":"se-actualizo-los-montos-de-las-multas-por-infracciones-de-transito-en-san-juan","status":"publish","type":"post","link":"https:\/\/vocesparalelas.com.ar\/sitio\/se-actualizo-los-montos-de-las-multas-por-infracciones-de-transito-en-san-juan\/","title":{"rendered":"Se actualiz\u00f3 los montos de las multas por infracciones de tr\u00e1nsito en San Juan"},"content":{"rendered":"<p>El Ministerio de Gobierno de San Juan, a trav\u00e9s de la Secretar\u00eda de Gobierno, Justicia y Derechos Humanos y a trav\u00e9s del Juzgado de Faltas, inform\u00f3 la actualizaci\u00f3n de los valores de las multas por infracciones de tr\u00e1nsito. Los nuevos montos, vigentes desde el 8 de Mayo de 2025, est\u00e1n expresados en Unidades Fijas &#8211; UF &#8211; y ajustados al valor actual de $1.435 por unidad.<\/p>\n<p><span style=\"color: #ff6600;\"><strong>Entre las infracciones m\u00e1s graves se encuentran<\/strong><\/span><\/p>\n<ul>\n<li>Falta de licencia de conducir: var\u00eda entre 100 UF ($143.500) para motos y 300 UF ($430.500) para transporte p\u00fablico y camiones.<\/li>\n<li>Conducir en estado de ebriedad: desde 150 UF ($215.250) hasta 300 UF ($430.500).<\/li>\n<li>Negarse al control de alcoholemia: 150 UF ($215.250).<\/li>\n<li>Falta de seguro obligatorio: 200 UF ($287.000).<\/li>\n<li>Cruzarse un sem\u00e1foro en rojo o circular en contramano: 250 UF ($358.750).<\/li>\n<\/ul>\n<p>Tambi\u00e9n se sancionan infracciones como no usar el cintur\u00f3n de seguridad, falta de casco en motos, o no portar la tarjeta de identificaci\u00f3n del veh\u00edculo, con montos de hasta $215.250.<\/p>\n<p>Faltas m\u00e1s habituales como estacionar en doble fila, usar el m\u00f3vil al conducir, no asir el volante con ambas manos o no llevar chaleco reflectante, suponen sanciones que van desde los $71.750 a los $143.500.<\/p>\n<p>Desde el Juzgado de Faltas remarcaron que esta actualizaci\u00f3n tiene como objetivo fomentar la responsabilidad vial y reducir la siniestralidad en calles y rutas de San Juan.<\/p>\n<p><img loading=\"lazy\" decoding=\"async\" class=\"alignnone size-full wp-image-65642\" src=\"https:\/\/vocesparalelas.com.ar\/sitio\/wp-content\/uploads\/2023\/11\/GOBIERNO-SAN-JUAN.jpg\" alt=\"\" width=\"800\" height=\"600\" srcset=\"https:\/\/vocesparalelas.com.ar\/sitio\/wp-content\/uploads\/2023\/11\/GOBIERNO-SAN-JUAN.jpg 800w, https:\/\/vocesparalelas.com.ar\/sitio\/wp-content\/uploads\/2023\/11\/GOBIERNO-SAN-JUAN-300x225.jpg 300w, https:\/\/vocesparalelas.com.ar\/sitio\/wp-content\/uploads\/2023\/11\/GOBIERNO-SAN-JUAN-768x576.jpg 768w\" sizes=\"auto, (max-width: 800px) 100vw, 800px\" \/><\/p>\n","protected":false},"excerpt":{"rendered":"<p>El Ministerio de Gobierno de San Juan, a trav\u00e9s de la Secretar\u00eda de Gobierno, Justicia y Derechos Humanos y a<\/p>\n","protected":false},"author":3,"featured_media":18597,"comment_status":"closed","ping_status":"closed","sticky":false,"template":"","format":"standard","meta":{"_acf_changed":false,"_seopress_robots_primary_cat":"none","_seopress_titles_title":"","_seopress_titles_desc":"","_seopress_robots_index":"","colormag_page_container_layout":"default_layout","colormag_page_sidebar_layout":"default_layout","footnotes":""},"categories":[2,6],"tags":[],"class_list":["post-86238","post","type-post","status-publish","format-standard","has-post-thumbnail","hentry","category-convocatorias","category-eventos"],"acf":[],"_links":{"self":[{"href":"https:\/\/vocesparalelas.com.ar\/sitio\/wp-json\/wp\/v2\/posts\/86238","targetHints":{"allow":["GET"]}}],"collection":[{"href":"https:\/\/vocesparalelas.com.ar\/sitio\/wp-json\/wp\/v2\/posts"}],"about":[{"href":"https:\/\/vocesparalelas.com.ar\/sitio\/wp-json\/wp\/v2\/types\/post"}],"author":[{"embeddable":true,"href":"https:\/\/vocesparalelas.com.ar\/sitio\/wp-json\/wp\/v2\/users\/3"}],"replies":[{"embeddable":true,"href":"https:\/\/vocesparalelas.com.ar\/sitio\/wp-json\/wp\/v2\/comments?post=86238"}],"version-history":[{"count":1,"href":"https:\/\/vocesparalelas.com.ar\/sitio\/wp-json\/wp\/v2\/posts\/86238\/revisions"}],"predecessor-version":[{"id":86241,"href":"https:\/\/vocesparalelas.com.ar\/sitio\/wp-json\/wp\/v2\/posts\/86238\/revisions\/86241"}],"wp:featuredmedia":[{"embeddable":true,"href":"https:\/\/vocesparalelas.com.ar\/sitio\/wp-json\/wp\/v2\/media\/18597"}],"wp:attachment":[{"href":"https:\/\/vocesparalelas.com.ar\/sitio\/wp-json\/wp\/v2\/media?parent=86238"}],"wp:term":[{"taxonomy":"category","embeddable":true,"href":"https:\/\/vocesparalelas.com.ar\/sitio\/wp-json\/wp\/v2\/categories?post=86238"},{"taxonomy":"post_tag","embeddable":true,"href":"https:\/\/vocesparalelas.com.ar\/sitio\/wp-json\/wp\/v2\/tags?post=86238"}],"curies":[{"name":"wp","href":"https:\/\/api.w.org\/{rel}","templated":true}]}}