{"id":86182,"date":"2025-05-12T09:55:31","date_gmt":"2025-05-12T12:55:31","guid":{"rendered":"https:\/\/vocesparalelas.com.ar\/sitio\/?p=86182"},"modified":"2025-05-13T14:04:46","modified_gmt":"2025-05-13T17:04:46","slug":"iniciaron-las-clases-de-apoyo-del-programa-de-fortalecimiento-escolar-gratuito-en-san-juan","status":"publish","type":"post","link":"https:\/\/vocesparalelas.com.ar\/sitio\/iniciaron-las-clases-de-apoyo-del-programa-de-fortalecimiento-escolar-gratuito-en-san-juan\/","title":{"rendered":"Iniciaron las clases de apoyo del Programa de Fortalecimiento Escolar Gratuito en San Juan"},"content":{"rendered":"<p>Con una importante convocatoria comenzaron las clases de apoyo del programa de Fortalecimiento Escolar Gratuito que lleva adelante el Ministerio de Educaci\u00f3n del Gobierno de San Juan.<\/p>\n<p>Esta iniciativa, que se inscribe dentro del Plan de Alfabetizaci\u00f3n \u00abComprendo y Aprendo\u00bb, abri\u00f3 sus puertas a estudiantes de nivel primario, tanto de escuelas estatales como privadas, en Conectar Lab y las sedes departamentales. A su vez, a\u00fan queda un remanente de cupos disponibles s\u00f3lo en Santa Luc\u00eda y Rivadavia.<\/p>\n<p>Impulsado por la ministra de Educaci\u00f3n, Lic. Silvia Fuentes, quien destac\u00f3 que \u00abeste programa de apoyo escolar gratuito tiene como objetivo primordial brindar un acompa\u00f1amiento pedag\u00f3gico integral. Se busca as\u00ed fortalecer el aprendizaje y potenciar el desarrollo acad\u00e9mico de los alumnos, actuando como un pilar fundamental para reducir la deserci\u00f3n escolar y elevar el rendimiento dentro de las aulas.\u00a0M\u00e1s all\u00e1 de los beneficios individuales para cada estudiante, esta propuesta representa un avance en la garant\u00eda de la igualdad de oportunidades. Adem\u00e1s, al ofrecer clases de apoyo gratuitas se brinda una importante colaboraci\u00f3n a aquellas familias que no cuentan con los recursos econ\u00f3micos para costear profesores particulares.\u00bb<\/p>\n<p>Las familias interesadas en obtener m\u00e1s informaci\u00f3n sobre los cupos disponibles en las sedes de los Departamentos Rivadavia y Santa Luc\u00eda pueden comunicarse telef\u00f3nicamente al n\u00famero 4302269.<\/p>\n<p><img loading=\"lazy\" decoding=\"async\" class=\"alignnone size-full wp-image-28629\" src=\"https:\/\/vocesparalelas.com.ar\/sitio\/wp-content\/uploads\/2020\/05\/MINISTERIO-EDUCACION-SJ.jpg\" alt=\"\" width=\"800\" height=\"533\" srcset=\"https:\/\/vocesparalelas.com.ar\/sitio\/wp-content\/uploads\/2020\/05\/MINISTERIO-EDUCACION-SJ.jpg 800w, https:\/\/vocesparalelas.com.ar\/sitio\/wp-content\/uploads\/2020\/05\/MINISTERIO-EDUCACION-SJ-300x200.jpg 300w, https:\/\/vocesparalelas.com.ar\/sitio\/wp-content\/uploads\/2020\/05\/MINISTERIO-EDUCACION-SJ-768x512.jpg 768w\" sizes=\"auto, (max-width: 800px) 100vw, 800px\" \/><\/p>\n","protected":false},"excerpt":{"rendered":"<p>Con una importante convocatoria comenzaron las clases de apoyo del programa de Fortalecimiento Escolar Gratuito que lleva adelante el Ministerio<\/p>\n","protected":false},"author":3,"featured_media":68997,"comment_status":"closed","ping_status":"closed","sticky":false,"template":"","format":"standard","meta":{"_acf_changed":false,"_seopress_robots_primary_cat":"none","_seopress_titles_title":"","_seopress_titles_desc":"","_seopress_robots_index":"","colormag_page_container_layout":"default_layout","colormag_page_sidebar_layout":"default_layout","footnotes":""},"categories":[5],"tags":[],"class_list":["post-86182","post","type-post","status-publish","format-standard","has-post-thumbnail","hentry","category-ofrecimientos"],"acf":[],"_links":{"self":[{"href":"https:\/\/vocesparalelas.com.ar\/sitio\/wp-json\/wp\/v2\/posts\/86182","targetHints":{"allow":["GET"]}}],"collection":[{"href":"https:\/\/vocesparalelas.com.ar\/sitio\/wp-json\/wp\/v2\/posts"}],"about":[{"href":"https:\/\/vocesparalelas.com.ar\/sitio\/wp-json\/wp\/v2\/types\/post"}],"author":[{"embeddable":true,"href":"https:\/\/vocesparalelas.com.ar\/sitio\/wp-json\/wp\/v2\/users\/3"}],"replies":[{"embeddable":true,"href":"https:\/\/vocesparalelas.com.ar\/sitio\/wp-json\/wp\/v2\/comments?post=86182"}],"version-history":[{"count":1,"href":"https:\/\/vocesparalelas.com.ar\/sitio\/wp-json\/wp\/v2\/posts\/86182\/revisions"}],"predecessor-version":[{"id":86185,"href":"https:\/\/vocesparalelas.com.ar\/sitio\/wp-json\/wp\/v2\/posts\/86182\/revisions\/86185"}],"wp:featuredmedia":[{"embeddable":true,"href":"https:\/\/vocesparalelas.com.ar\/sitio\/wp-json\/wp\/v2\/media\/68997"}],"wp:attachment":[{"href":"https:\/\/vocesparalelas.com.ar\/sitio\/wp-json\/wp\/v2\/media?parent=86182"}],"wp:term":[{"taxonomy":"category","embeddable":true,"href":"https:\/\/vocesparalelas.com.ar\/sitio\/wp-json\/wp\/v2\/categories?post=86182"},{"taxonomy":"post_tag","embeddable":true,"href":"https:\/\/vocesparalelas.com.ar\/sitio\/wp-json\/wp\/v2\/tags?post=86182"}],"curies":[{"name":"wp","href":"https:\/\/api.w.org\/{rel}","templated":true}]}}