{"id":86166,"date":"2025-05-11T14:50:27","date_gmt":"2025-05-11T17:50:27","guid":{"rendered":"https:\/\/vocesparalelas.com.ar\/sitio\/?p=86166"},"modified":"2025-05-12T23:03:32","modified_gmt":"2025-05-13T02:03:32","slug":"se-desarrolla-el-curso-de-ingreso-2026-de-la-fcefn-de-la-unsj","status":"publish","type":"post","link":"https:\/\/vocesparalelas.com.ar\/sitio\/se-desarrolla-el-curso-de-ingreso-2026-de-la-fcefn-de-la-unsj\/","title":{"rendered":"Se desarrolla el Curso de Ingreso 2026 de la FCEFN de la UNSJ"},"content":{"rendered":"<p>La Facultad de Ciencias Exactas, F\u00edsicas y Naturales de la Universidad Nacional de San Juan comenz\u00f3 el Curso de Ingreso 2026. que se dicta los S\u00e1bados, desde Mayo a Diciembre de 2025. La propuesta acad\u00e9mica se torna muy interesante porque es una expresi\u00f3n de enlace entre la Educaci\u00f3n Secundaria y la Universitaria.<\/p>\n<p><img loading=\"lazy\" decoding=\"async\" class=\"alignnone size-full wp-image-86171\" src=\"https:\/\/vocesparalelas.com.ar\/sitio\/wp-content\/uploads\/2025\/05\/FCEFN-UNSJ-ESTUDIANTES-01.jpg\" alt=\"\" width=\"800\" height=\"533\" srcset=\"https:\/\/vocesparalelas.com.ar\/sitio\/wp-content\/uploads\/2025\/05\/FCEFN-UNSJ-ESTUDIANTES-01.jpg 800w, https:\/\/vocesparalelas.com.ar\/sitio\/wp-content\/uploads\/2025\/05\/FCEFN-UNSJ-ESTUDIANTES-01-300x200.jpg 300w, https:\/\/vocesparalelas.com.ar\/sitio\/wp-content\/uploads\/2025\/05\/FCEFN-UNSJ-ESTUDIANTES-01-768x512.jpg 768w\" sizes=\"auto, (max-width: 800px) 100vw, 800px\" \/><\/p>\n<p>Los interesados en comenzar una carrera de grado en la FCEFN de la UNSJ tiene esta posibilidad presencial que se desarrolla en \u00e1mbitos universitarios que requiere la inscripci\u00f3n previa en la Web de la Unidad Acad\u00e9mica en la cual sigue abierta para que puedas optar la gran posibilidad<\/p>\n<p><a href=\"https:\/\/exactas.unsj.edu.ar\/\">https:\/\/exactas.unsj.edu.ar\/<\/a><\/p>\n<p>o puede hacer el curso on line<\/p>\n<p><a href=\"https:\/\/exactas.unsj.edu.ar\/\">https:\/\/exactas.unsj.edu.ar\/<\/a><\/p>\n<p><img loading=\"lazy\" decoding=\"async\" class=\"alignnone size-full wp-image-86172\" src=\"https:\/\/vocesparalelas.com.ar\/sitio\/wp-content\/uploads\/2025\/05\/FCEFN-UNSJ-ESTUDIANTES-02.jpg\" alt=\"\" width=\"800\" height=\"533\" srcset=\"https:\/\/vocesparalelas.com.ar\/sitio\/wp-content\/uploads\/2025\/05\/FCEFN-UNSJ-ESTUDIANTES-02.jpg 800w, https:\/\/vocesparalelas.com.ar\/sitio\/wp-content\/uploads\/2025\/05\/FCEFN-UNSJ-ESTUDIANTES-02-300x200.jpg 300w, https:\/\/vocesparalelas.com.ar\/sitio\/wp-content\/uploads\/2025\/05\/FCEFN-UNSJ-ESTUDIANTES-02-768x512.jpg 768w\" sizes=\"auto, (max-width: 800px) 100vw, 800px\" \/><\/p>\n<p><span style=\"color: #ff6600;\"><strong>Carreras de Grado<\/strong><\/span><\/p>\n<ul>\n<li>Licenciatura en Biolog\u00eda con t\u00edtulo intermedio de T\u00e9cnico Universitario en Biolog\u00eda<\/li>\n<li>Licenciatura en Astronom\u00eda<\/li>\n<li>Licenciatura en Geof\u00edsica<\/li>\n<li>Licenciatura en F\u00edsica<\/li>\n<li>Tecnicatura Universitaria en Programaci\u00f3n Web<\/li>\n<li>Licenciatura en Sistemas de Informaci\u00f3n\u00a0 con T\u00edtulo Intermedio de T\u00e9cnico Universitario en Programaci\u00f3n<\/li>\n<li>Licenciatura en Ciencias de la Computaci\u00f3n con T\u00edtulo Intermedio de T\u00e9cnico Universitario en Programaci\u00f3n<\/li>\n<\/ul>\n<p><img loading=\"lazy\" decoding=\"async\" class=\"alignnone size-full wp-image-86173\" src=\"https:\/\/vocesparalelas.com.ar\/sitio\/wp-content\/uploads\/2025\/05\/FCEFN-UNSJ-ESTUDIANTES-03.jpg\" alt=\"\" width=\"800\" height=\"533\" srcset=\"https:\/\/vocesparalelas.com.ar\/sitio\/wp-content\/uploads\/2025\/05\/FCEFN-UNSJ-ESTUDIANTES-03.jpg 800w, https:\/\/vocesparalelas.com.ar\/sitio\/wp-content\/uploads\/2025\/05\/FCEFN-UNSJ-ESTUDIANTES-03-300x200.jpg 300w, https:\/\/vocesparalelas.com.ar\/sitio\/wp-content\/uploads\/2025\/05\/FCEFN-UNSJ-ESTUDIANTES-03-768x512.jpg 768w\" sizes=\"auto, (max-width: 800px) 100vw, 800px\" \/><\/p>\n<p>En este contexto, Voces Paralelas desarroll\u00f3 una entrevista period\u00edstica a la Coordinador del Curso de Ingreso 2026 de la FCEFN de la UNSJ, Prof. Estela Torres, quien es la responsable de la organizaci\u00f3n y el bienestar de los interesados en realizar la nueva propuesta acad\u00e9mica-<\/p>\n<p>&nbsp;<\/p>\n<p><iframe loading=\"lazy\" title=\"FCEFN UNSJ PROF. ESTELA  TORRES\" width=\"800\" height=\"450\" src=\"https:\/\/www.youtube.com\/embed\/EtkxFNMChzI?feature=oembed\" frameborder=\"0\" allow=\"accelerometer; autoplay; clipboard-write; encrypted-media; gyroscope; picture-in-picture; web-share\" referrerpolicy=\"strict-origin-when-cross-origin\" allowfullscreen><\/iframe><\/p>\n<p>Posteriormente, el Secretario acad\u00e9mico de la FCEFN de la UNSJ, Dr. Claudio Alessio, quien describi\u00f3 el inicio y el proceso acad\u00e9mico que deseen ingresar a la Unidad Acad\u00e9mica en el 2026. Una propuesta que significa conocimiento y acompa\u00f1amiento para que al final de recorrido de la evaluaci\u00f3n sea una situaci\u00f3n de satisfacci\u00f3n de formar parte de la carrera de grado elegida.<\/p>\n<p><iframe loading=\"lazy\" title=\"FCEFN UNSJ SECRETARIO ACAD\u00c9MICA Dr. CLAUDIO ALESSIO\" width=\"800\" height=\"450\" src=\"https:\/\/www.youtube.com\/embed\/Najoyb2aU9g?feature=oembed\" frameborder=\"0\" allow=\"accelerometer; autoplay; clipboard-write; encrypted-media; gyroscope; picture-in-picture; web-share\" referrerpolicy=\"strict-origin-when-cross-origin\" allowfullscreen><\/iframe><\/p>\n<p>&nbsp;<\/p>\n<figure id=\"attachment_26107\" aria-describedby=\"caption-attachment-26107\" style=\"width: 800px\" class=\"wp-caption alignnone\"><img loading=\"lazy\" decoding=\"async\" class=\"size-large wp-image-26107\" src=\"https:\/\/vocesparalelas.com.ar\/sitio\/wp-content\/uploads\/2020\/01\/FCEFN-UNSJ-EDIFICIO-800x489.jpg\" alt=\"\" width=\"800\" height=\"489\" srcset=\"https:\/\/vocesparalelas.com.ar\/sitio\/wp-content\/uploads\/2020\/01\/FCEFN-UNSJ-EDIFICIO.jpg 800w, https:\/\/vocesparalelas.com.ar\/sitio\/wp-content\/uploads\/2020\/01\/FCEFN-UNSJ-EDIFICIO-300x183.jpg 300w, https:\/\/vocesparalelas.com.ar\/sitio\/wp-content\/uploads\/2020\/01\/FCEFN-UNSJ-EDIFICIO-768x469.jpg 768w\" sizes=\"auto, (max-width: 800px) 100vw, 800px\" \/><figcaption id=\"caption-attachment-26107\" class=\"wp-caption-text\">Edificio de la FCEFN de la UNSJ<\/figcaption><\/figure>\n<p>&nbsp;<\/p>\n","protected":false},"excerpt":{"rendered":"<p>La Facultad de Ciencias Exactas, F\u00edsicas y Naturales de la Universidad Nacional de San Juan comenz\u00f3 el Curso de Ingreso<\/p>\n","protected":false},"author":3,"featured_media":86170,"comment_status":"closed","ping_status":"closed","sticky":false,"template":"","format":"standard","meta":{"_acf_changed":false,"_seopress_robots_primary_cat":"none","_seopress_titles_title":"","_seopress_titles_desc":"","_seopress_robots_index":"","colormag_page_container_layout":"default_layout","colormag_page_sidebar_layout":"default_layout","footnotes":""},"categories":[9,7],"tags":[],"class_list":["post-86166","post","type-post","status-publish","format-standard","has-post-thumbnail","hentry","category-cursos","category-videos"],"acf":[],"_links":{"self":[{"href":"https:\/\/vocesparalelas.com.ar\/sitio\/wp-json\/wp\/v2\/posts\/86166","targetHints":{"allow":["GET"]}}],"collection":[{"href":"https:\/\/vocesparalelas.com.ar\/sitio\/wp-json\/wp\/v2\/posts"}],"about":[{"href":"https:\/\/vocesparalelas.com.ar\/sitio\/wp-json\/wp\/v2\/types\/post"}],"author":[{"embeddable":true,"href":"https:\/\/vocesparalelas.com.ar\/sitio\/wp-json\/wp\/v2\/users\/3"}],"replies":[{"embeddable":true,"href":"https:\/\/vocesparalelas.com.ar\/sitio\/wp-json\/wp\/v2\/comments?post=86166"}],"version-history":[{"count":3,"href":"https:\/\/vocesparalelas.com.ar\/sitio\/wp-json\/wp\/v2\/posts\/86166\/revisions"}],"predecessor-version":[{"id":86176,"href":"https:\/\/vocesparalelas.com.ar\/sitio\/wp-json\/wp\/v2\/posts\/86166\/revisions\/86176"}],"wp:featuredmedia":[{"embeddable":true,"href":"https:\/\/vocesparalelas.com.ar\/sitio\/wp-json\/wp\/v2\/media\/86170"}],"wp:attachment":[{"href":"https:\/\/vocesparalelas.com.ar\/sitio\/wp-json\/wp\/v2\/media?parent=86166"}],"wp:term":[{"taxonomy":"category","embeddable":true,"href":"https:\/\/vocesparalelas.com.ar\/sitio\/wp-json\/wp\/v2\/categories?post=86166"},{"taxonomy":"post_tag","embeddable":true,"href":"https:\/\/vocesparalelas.com.ar\/sitio\/wp-json\/wp\/v2\/tags?post=86166"}],"curies":[{"name":"wp","href":"https:\/\/api.w.org\/{rel}","templated":true}]}}