{"id":86159,"date":"2025-05-10T22:36:30","date_gmt":"2025-05-11T01:36:30","guid":{"rendered":"https:\/\/vocesparalelas.com.ar\/sitio\/?p=86159"},"modified":"2025-05-12T22:47:19","modified_gmt":"2025-05-13T01:47:19","slug":"conviccion-de-ser-amado-llamado-y-enviado","status":"publish","type":"post","link":"https:\/\/vocesparalelas.com.ar\/sitio\/conviccion-de-ser-amado-llamado-y-enviado\/","title":{"rendered":"\u201cConvicci\u00f3n de ser amado, llamado y enviado\u201d"},"content":{"rendered":"<p>Por el Arzobispo de San Juan de Cuyo, Monse\u00f1or Jorge Lozano<\/p>\n<p>Cuando uno busca trabajo y entrega un curr\u00edculum, espera con ansiedad ser llamado. Cada a\u00f1o, la Iglesia celebra la Jornada Mundial de Oraci\u00f3n por las Vocaciones como una oportunidad para renovar su compromiso con la llamada de Dios, y especialmente para rezar por quienes sienten en su coraz\u00f3n la opci\u00f3n de vida al sacerdocio y a la vida consagrada. En esta oportunidad, el lema <em>\u201cPeregrinos de esperanza: el don de la vida\u201d<\/em> nos invita a contemplar la vocaci\u00f3n como un camino de fe, entrega y confianza, en medio de un mundo que muchas veces parece envuelto en incertidumbre, cansancio o desesperanza.<\/p>\n<p>Toda vocaci\u00f3n aut\u00e9ntica surge de una profunda convicci\u00f3n: somos amados por Dios. Esta certeza es la fuente primera de toda llamada. No se trata simplemente de una decisi\u00f3n humana o de una elecci\u00f3n por gusto personal. Se trata de dar respuesta a una voz que nos precede, a una mirada que nos reconoce y nos env\u00eda. En palabras del Papa Francisco, \u201cla vocaci\u00f3n es un llamado del Se\u00f1or, pero tambi\u00e9n una misi\u00f3n que transforma nuestra vida en un don para los dem\u00e1s\u201d.<\/p>\n<p>Quien ha sido llamado no puede quedarse inm\u00f3vil. Percibe algo que impulsa, remueve, moviliza. As\u00ed, \u201cvocaci\u00f3n y esperanza est\u00e1n entrelazadas en el proyecto divino para la alegr\u00eda de cada hombre y cada mujer\u201d. La persona que se siente convocada por Dios mira el futuro con ojos nuevos, ya no se deja vencer por la resignaci\u00f3n, sino que peregrina en la esperanza, confiando en que su entrega producir\u00e1 fruto, aun en medio de las dificultades.<\/p>\n<p>Cuando los j\u00f3venes descubren que Dios los llama a entregar su vida \u2014en el sacerdocio, en la vida consagrada o en otros servicios dentro de la comunidad cristiana\u2014 experimentan una alegr\u00eda que no viene del mundo, sino del Esp\u00edritu. Es una alegr\u00eda que nace de saberse instrumentos del amor de Dios en medio del pueblo, portadores de consuelo, servidores de la Palabra y de la Eucarist\u00eda.<\/p>\n<p>En un mundo que valora la inmediatez, la comodidad y el \u00e9xito r\u00e1pido, la vocaci\u00f3n sacerdotal o religiosa aparece como un signo contracultural. Sin embargo, quienes han respondido con generosidad y confianza descubren que no hay mayor libertad que la de entregar la vida por amor, sin medida ni reservas. Cristo sigue llamando, y vale la pena responder con generosidad.<\/p>\n<p>La oraci\u00f3n y la solidaridad son dos gestos inseparables. En este Domingo del Buen Pastor toda la comunidad cristiana se une en oraci\u00f3n por quienes est\u00e1n discerniendo su vocaci\u00f3n, por los que ya han respondido, y por quienes est\u00e1n en camino de formaci\u00f3n. Junto a la plegaria, tambi\u00e9n se nos invita a la solidaridad concreta. En muchas di\u00f3cesis, esta jornada se acompa\u00f1a con una colecta destinada al sostenimiento de los seminarios. All\u00ed, los futuros pastores de la Iglesia reciben la formaci\u00f3n humana, espiritual, intelectual y pastoral que necesitan para responder con madurez a la misi\u00f3n.<\/p>\n<p>Colaborar econ\u00f3micamente con el Seminario no es s\u00f3lo un acto de generosidad, sino tambi\u00e9n un gesto de corresponsabilidad: todos somos parte de la construcci\u00f3n del futuro de la Iglesia. Como comunidad creyente, somos responsables de acompa\u00f1ar con cari\u00f1o y apoyo a quienes se preparan para consagrar su vida al servicio del Pueblo de Dios. En todas las misas de este fin de semana se destina la colecta para el sostenimiento del Seminario, que en San Juan ha cumplido 25 a\u00f1os. Tambi\u00e9n pod\u00e9s sumar tu aporte por este otro camino:<\/p>\n<p><a href=\"http:\/\/link.mercadopago.com.ar\/arzobispadodesanjuan\">http:\/\/link.mercadopago.com.ar\/arzobispadodesanjuan<\/a><\/p>\n<p>Si bien esta jornada pone especial atenci\u00f3n en las vocaciones sacerdotales y consagradas, tambi\u00e9n es una ocasi\u00f3n para que cada bautizado redescubra su vocaci\u00f3n particular, ya sea en la vida matrimonial, en el compromiso laical, en el servicio comunitario o en la oraci\u00f3n contemplativa. Todos estamos llamados, de alg\u00fan modo, a ser peregrinos de esperanza.<\/p>\n<p>El jueves hemos tenido la hermosa noticia de tener un nuevo Papa, Le\u00f3n XIV. Pudimos escuchar su voz, conocer algo de su vida, trayectoria, preparaci\u00f3n. Est\u00e1bamos los obispos de la Argentina reunidos en Asamblea. Sus primeras palabras \u2014\u201cla paz est\u00e9 con todos ustedes\u201d\u2014 son m\u00e1s que un buen deseo, constituyen un compromiso a construir \u201cuna paz desarmada y una paz desarmante\u201d. Dos veces mencion\u00f3 \u201cDios los ama a todos\u201d. Recemos por \u00e9l y acojamos su convocatoria, \u201ctenemos que buscar juntos ser una Iglesia misionera, una Iglesia sinodal\u201d.<\/p>\n<p><iframe loading=\"lazy\" title=\"SAN JUAN MONSE\u00d1OR JORGE LOZANO\" width=\"800\" height=\"600\" src=\"https:\/\/www.youtube.com\/embed\/jRIWxtbaSGY?feature=oembed\" frameborder=\"0\" allow=\"accelerometer; autoplay; clipboard-write; encrypted-media; gyroscope; picture-in-picture; web-share\" referrerpolicy=\"strict-origin-when-cross-origin\" allowfullscreen><\/iframe><\/p>\n<p>&nbsp;<\/p>\n<p><img loading=\"lazy\" decoding=\"async\" class=\"alignnone size-full wp-image-61416\" src=\"https:\/\/vocesparalelas.com.ar\/sitio\/wp-content\/uploads\/2023\/07\/ARZOBISPADO-EDIFICIO.jpg\" alt=\"\" width=\"800\" height=\"600\" srcset=\"https:\/\/vocesparalelas.com.ar\/sitio\/wp-content\/uploads\/2023\/07\/ARZOBISPADO-EDIFICIO.jpg 800w, https:\/\/vocesparalelas.com.ar\/sitio\/wp-content\/uploads\/2023\/07\/ARZOBISPADO-EDIFICIO-300x225.jpg 300w, https:\/\/vocesparalelas.com.ar\/sitio\/wp-content\/uploads\/2023\/07\/ARZOBISPADO-EDIFICIO-768x576.jpg 768w\" sizes=\"auto, (max-width: 800px) 100vw, 800px\" \/><\/p>\n","protected":false},"excerpt":{"rendered":"<p>Por el Arzobispo de San Juan de Cuyo, Monse\u00f1or Jorge Lozano Cuando uno busca trabajo y entrega un curr\u00edculum, espera<\/p>\n","protected":false},"author":3,"featured_media":81112,"comment_status":"closed","ping_status":"closed","sticky":false,"template":"","format":"standard","meta":{"_acf_changed":false,"_seopress_robots_primary_cat":"none","_seopress_titles_title":"","_seopress_titles_desc":"","_seopress_robots_index":"","colormag_page_container_layout":"default_layout","colormag_page_sidebar_layout":"default_layout","footnotes":""},"categories":[10,7],"tags":[],"class_list":["post-86159","post","type-post","status-publish","format-standard","has-post-thumbnail","hentry","category-opiniones","category-videos"],"acf":[],"_links":{"self":[{"href":"https:\/\/vocesparalelas.com.ar\/sitio\/wp-json\/wp\/v2\/posts\/86159","targetHints":{"allow":["GET"]}}],"collection":[{"href":"https:\/\/vocesparalelas.com.ar\/sitio\/wp-json\/wp\/v2\/posts"}],"about":[{"href":"https:\/\/vocesparalelas.com.ar\/sitio\/wp-json\/wp\/v2\/types\/post"}],"author":[{"embeddable":true,"href":"https:\/\/vocesparalelas.com.ar\/sitio\/wp-json\/wp\/v2\/users\/3"}],"replies":[{"embeddable":true,"href":"https:\/\/vocesparalelas.com.ar\/sitio\/wp-json\/wp\/v2\/comments?post=86159"}],"version-history":[{"count":1,"href":"https:\/\/vocesparalelas.com.ar\/sitio\/wp-json\/wp\/v2\/posts\/86159\/revisions"}],"predecessor-version":[{"id":86162,"href":"https:\/\/vocesparalelas.com.ar\/sitio\/wp-json\/wp\/v2\/posts\/86159\/revisions\/86162"}],"wp:featuredmedia":[{"embeddable":true,"href":"https:\/\/vocesparalelas.com.ar\/sitio\/wp-json\/wp\/v2\/media\/81112"}],"wp:attachment":[{"href":"https:\/\/vocesparalelas.com.ar\/sitio\/wp-json\/wp\/v2\/media?parent=86159"}],"wp:term":[{"taxonomy":"category","embeddable":true,"href":"https:\/\/vocesparalelas.com.ar\/sitio\/wp-json\/wp\/v2\/categories?post=86159"},{"taxonomy":"post_tag","embeddable":true,"href":"https:\/\/vocesparalelas.com.ar\/sitio\/wp-json\/wp\/v2\/tags?post=86159"}],"curies":[{"name":"wp","href":"https:\/\/api.w.org\/{rel}","templated":true}]}}