{"id":86154,"date":"2025-05-10T22:16:40","date_gmt":"2025-05-11T01:16:40","guid":{"rendered":"https:\/\/vocesparalelas.com.ar\/sitio\/?p=86154"},"modified":"2025-05-12T22:48:20","modified_gmt":"2025-05-13T01:48:20","slug":"el-cierre-total-de-sanatorio-cimyn-en-san-juan","status":"publish","type":"post","link":"https:\/\/vocesparalelas.com.ar\/sitio\/el-cierre-total-de-sanatorio-cimyn-en-san-juan\/","title":{"rendered":"El cierre total de Sanatorio CIMYN en San Juan"},"content":{"rendered":"<p>El Colegio M\u00e9dico de San Juan emiti\u00f3 un comunicado, el Viernes, 09 de Mayo de 2025, que dice:<\/p>\n<p>El Colegio M\u00e9dico de San Juan, Asociaci\u00f3n Civil comunica a la poblaci\u00f3n sanjuanina que<\/p>\n<ul>\n<li>A partir de las infinitas tratativas y conversaciones mantenidas con las autoridades de Direcci\u00f3n de Social Provincia y Misterios de Salud P\u00fabica,\u00a0 se llevar\u00e1 a cabo EL CIERRE TOTAL DE SANATORIO CIMYN &#8230;., por los motivos que a continuaci\u00f3n se detallan<\/li>\n<\/ul>\n<p>1-Al d\u00eda de la fecha, se abon\u00f3 el pago parcial de los expedientes de Direcci\u00f3n de Obra Social Otra que impide\u00a0 realizar el pago de las remuneraciones destinados a nuestros trabajadores.<\/p>\n<p>2- Los Valores percibidos por la D.O.S, en concepto de presteso\u043b\u0435\u0432 m\u00e9dicas asistenciales, resultan muy inferiores a los costos que permiten la subsistencia de las instituciones sanatoriales, an\u00e1lisis comunicado y consentido por Interventor de la Obra Social<\/p>\n<p>3-Dichos valores devienen tambi\u00e9n en el pago insuficiente de las prestaciones esenciales de los colegas m\u00e9dicos que no permiten sostener la continuidad de los diferentes servicios.<\/p>\n<p>4-Actualmente no\u0432 \u0435\u043f\u0441\u043e\u043f\u0438\u0441\u0442\u043e\u0432 en etapa judicial en relaci\u00f3n a una deuda que supera los MIL DOSCIENTOS MILLONES DE PESOS con la DOS, por medicamentos consumados por sus afiliados y \u043f\u043e percibidos por Colegio M\u00e9dico.<\/p>\n<p style=\"text-align: right;\">Quedando Uds. debidamente notificados<\/p>\n<p>&nbsp;<\/p>\n<p style=\"text-align: right;\">Colegio M\u00e9dico de San Juan AC<\/p>\n<p>&nbsp;<\/p>\n<p>&nbsp;<\/p>\n<p>&nbsp;<\/p>\n","protected":false},"excerpt":{"rendered":"<p>El Colegio M\u00e9dico de San Juan emiti\u00f3 un comunicado, el Viernes, 09 de Mayo de 2025, que dice: El Colegio<\/p>\n","protected":false},"author":3,"featured_media":86157,"comment_status":"closed","ping_status":"closed","sticky":false,"template":"","format":"standard","meta":{"_acf_changed":false,"_seopress_robots_primary_cat":"none","_seopress_titles_title":"","_seopress_titles_desc":"","_seopress_robots_index":"","colormag_page_container_layout":"default_layout","colormag_page_sidebar_layout":"default_layout","footnotes":""},"categories":[10],"tags":[],"class_list":["post-86154","post","type-post","status-publish","format-standard","has-post-thumbnail","hentry","category-opiniones"],"acf":[],"_links":{"self":[{"href":"https:\/\/vocesparalelas.com.ar\/sitio\/wp-json\/wp\/v2\/posts\/86154","targetHints":{"allow":["GET"]}}],"collection":[{"href":"https:\/\/vocesparalelas.com.ar\/sitio\/wp-json\/wp\/v2\/posts"}],"about":[{"href":"https:\/\/vocesparalelas.com.ar\/sitio\/wp-json\/wp\/v2\/types\/post"}],"author":[{"embeddable":true,"href":"https:\/\/vocesparalelas.com.ar\/sitio\/wp-json\/wp\/v2\/users\/3"}],"replies":[{"embeddable":true,"href":"https:\/\/vocesparalelas.com.ar\/sitio\/wp-json\/wp\/v2\/comments?post=86154"}],"version-history":[{"count":1,"href":"https:\/\/vocesparalelas.com.ar\/sitio\/wp-json\/wp\/v2\/posts\/86154\/revisions"}],"predecessor-version":[{"id":86158,"href":"https:\/\/vocesparalelas.com.ar\/sitio\/wp-json\/wp\/v2\/posts\/86154\/revisions\/86158"}],"wp:featuredmedia":[{"embeddable":true,"href":"https:\/\/vocesparalelas.com.ar\/sitio\/wp-json\/wp\/v2\/media\/86157"}],"wp:attachment":[{"href":"https:\/\/vocesparalelas.com.ar\/sitio\/wp-json\/wp\/v2\/media?parent=86154"}],"wp:term":[{"taxonomy":"category","embeddable":true,"href":"https:\/\/vocesparalelas.com.ar\/sitio\/wp-json\/wp\/v2\/categories?post=86154"},{"taxonomy":"post_tag","embeddable":true,"href":"https:\/\/vocesparalelas.com.ar\/sitio\/wp-json\/wp\/v2\/tags?post=86154"}],"curies":[{"name":"wp","href":"https:\/\/api.w.org\/{rel}","templated":true}]}}