{"id":86145,"date":"2025-05-09T20:45:10","date_gmt":"2025-05-09T23:45:10","guid":{"rendered":"https:\/\/vocesparalelas.com.ar\/sitio\/?p=86145"},"modified":"2025-05-12T11:19:37","modified_gmt":"2025-05-12T14:19:37","slug":"expovocacional-y-futuro-2025-en-movimiento-de-la-uccuyo-en-san-juan","status":"publish","type":"post","link":"https:\/\/vocesparalelas.com.ar\/sitio\/expovocacional-y-futuro-2025-en-movimiento-de-la-uccuyo-en-san-juan\/","title":{"rendered":"Expovocacional y Futuro 2025 \u201cEn movimiento\u201d de la UCCuyo en San Juan"},"content":{"rendered":"<p>Referentes de cada unidad acad\u00e9mica, docentes, alumnos y graduados de la Universidad Cat\u00f3lica de Cuyo participar\u00e1n activamente, los d\u00edas 21 y 22 de mayo, de 10 a 20, de una nueva edici\u00f3n de la Expo Vocacional y Futuro UCCuyo.<\/p>\n<p>La muestra acad\u00e9mica, que se realiza en el Sal\u00f3n de Usos M\u00faltiples de la UCCuyo, tiene atractivos stand para los j\u00f3venes donde no solo reciben informaci\u00f3n, sino tambi\u00e9n pueden participar de propuestas l\u00fadicas e interactivas.<\/p>\n<p>\u201cEn movimiento\u201d es el lema que tiene esta feria educativa y que permite a los alumnos de los \u00faltimos a\u00f1os del nivel secundario una nueva oportunidad para conocer las carreras que se pueden estudiar en esta casa de altos estudios.<\/p>\n<p>Si bien los destinatarios de esta propuesta son los estudiantes de nivel secundario, la muestra tambi\u00e9n est\u00e1 dirigida a quienes viven en departamentos alejados y est\u00e9n interesados en cursar alguna de las variadas carreras que ofrecen las diferentes unidades acad\u00e9micas.<\/p>\n<p>Dentro de las actividades que acompa\u00f1an, en esta oportunidad, a la Expovocacional y Futuro 2025 \u201cEn movimiento\u201d\u00a0 de la UCCuyo se encuentran el \u00c1rea de Bienestar Estudiantil con informaci\u00f3n de las becas de ayuda econ\u00f3mica; Coro, Deportes, Idiomas, Cooperaci\u00f3n Internacional, Voluntariado Universitario y Pastoral con sus propuestas de ayuda social y espiritual. Tambi\u00e9n los j\u00f3venes podr\u00e1n asesorarse en el stand de Orientaci\u00f3n Vocacional, que informar\u00e1 sobre los procesos de orientaci\u00f3n vocacional que dar\u00e1n inicio en el segundo semestre del a\u00f1o.<\/p>\n<p>La coordinadora del \u00c1rea Oferta Acad\u00e9mica, Prof. Agustina Monta\u00f1o destac\u00f3 que \u00aben esta Expo tambi\u00e9n habr\u00e1 una feria de artesanos y acot\u00f3 que, durante los meses de agosto, septiembre y octubre, un d\u00eda al mes, se realizar\u00e1 el Tour Universitario donde los j\u00f3venes que a\u00fan necesitan conocer en detalle alguna carrera universitaria podr\u00e1n hacerlo con los integrantes del Consejo de Extensi\u00f3n, docentes y alumnos de las diferentes Facultades de esta casa de estudios\u00bb.<\/p>\n<p>Dado que la Universidad tiene una amplia oferta de carreras virtuales, tambi\u00e9n se est\u00e1 trabajando para realizar ofertas acad\u00e9micas a los j\u00f3venes de los departamentos de Calingasta, Iglesia, J\u00e1chal y Valle F\u00e9rtil.<\/p>\n<p><img loading=\"lazy\" decoding=\"async\" class=\"alignnone size-large wp-image-5197\" src=\"https:\/\/vocesparalelas.com.ar\/sitio\/wp-content\/uploads\/2017\/09\/UCCUYO-1-800x450.jpg\" alt=\"\" width=\"800\" height=\"450\" srcset=\"https:\/\/vocesparalelas.com.ar\/sitio\/wp-content\/uploads\/2017\/09\/UCCUYO-1-800x450.jpg 800w, https:\/\/vocesparalelas.com.ar\/sitio\/wp-content\/uploads\/2017\/09\/UCCUYO-1-300x169.jpg 300w, https:\/\/vocesparalelas.com.ar\/sitio\/wp-content\/uploads\/2017\/09\/UCCUYO-1-768x432.jpg 768w, https:\/\/vocesparalelas.com.ar\/sitio\/wp-content\/uploads\/2017\/09\/UCCUYO-1.jpg 1024w\" sizes=\"auto, (max-width: 800px) 100vw, 800px\" \/><\/p>\n","protected":false},"excerpt":{"rendered":"<p>Referentes de cada unidad acad\u00e9mica, docentes, alumnos y graduados de la Universidad Cat\u00f3lica de Cuyo participar\u00e1n activamente, los d\u00edas 21<\/p>\n","protected":false},"author":3,"featured_media":12796,"comment_status":"closed","ping_status":"closed","sticky":false,"template":"","format":"standard","meta":{"_acf_changed":false,"_seopress_robots_primary_cat":"none","_seopress_titles_title":"","_seopress_titles_desc":"","_seopress_robots_index":"","colormag_page_container_layout":"default_layout","colormag_page_sidebar_layout":"default_layout","footnotes":""},"categories":[5],"tags":[],"class_list":["post-86145","post","type-post","status-publish","format-standard","has-post-thumbnail","hentry","category-ofrecimientos"],"acf":[],"_links":{"self":[{"href":"https:\/\/vocesparalelas.com.ar\/sitio\/wp-json\/wp\/v2\/posts\/86145","targetHints":{"allow":["GET"]}}],"collection":[{"href":"https:\/\/vocesparalelas.com.ar\/sitio\/wp-json\/wp\/v2\/posts"}],"about":[{"href":"https:\/\/vocesparalelas.com.ar\/sitio\/wp-json\/wp\/v2\/types\/post"}],"author":[{"embeddable":true,"href":"https:\/\/vocesparalelas.com.ar\/sitio\/wp-json\/wp\/v2\/users\/3"}],"replies":[{"embeddable":true,"href":"https:\/\/vocesparalelas.com.ar\/sitio\/wp-json\/wp\/v2\/comments?post=86145"}],"version-history":[{"count":1,"href":"https:\/\/vocesparalelas.com.ar\/sitio\/wp-json\/wp\/v2\/posts\/86145\/revisions"}],"predecessor-version":[{"id":86148,"href":"https:\/\/vocesparalelas.com.ar\/sitio\/wp-json\/wp\/v2\/posts\/86145\/revisions\/86148"}],"wp:featuredmedia":[{"embeddable":true,"href":"https:\/\/vocesparalelas.com.ar\/sitio\/wp-json\/wp\/v2\/media\/12796"}],"wp:attachment":[{"href":"https:\/\/vocesparalelas.com.ar\/sitio\/wp-json\/wp\/v2\/media?parent=86145"}],"wp:term":[{"taxonomy":"category","embeddable":true,"href":"https:\/\/vocesparalelas.com.ar\/sitio\/wp-json\/wp\/v2\/categories?post=86145"},{"taxonomy":"post_tag","embeddable":true,"href":"https:\/\/vocesparalelas.com.ar\/sitio\/wp-json\/wp\/v2\/tags?post=86145"}],"curies":[{"name":"wp","href":"https:\/\/api.w.org\/{rel}","templated":true}]}}