{"id":86074,"date":"2025-05-08T21:35:33","date_gmt":"2025-05-09T00:35:33","guid":{"rendered":"https:\/\/vocesparalelas.com.ar\/sitio\/?p=86074"},"modified":"2025-05-09T19:31:06","modified_gmt":"2025-05-09T22:31:06","slug":"homenaje-a-jorge-leonidas-escudero-en-la-feria-internacional-del-libro-en-buenos-aires","status":"publish","type":"post","link":"https:\/\/vocesparalelas.com.ar\/sitio\/homenaje-a-jorge-leonidas-escudero-en-la-feria-internacional-del-libro-en-buenos-aires\/","title":{"rendered":"Homenaje a Jorge Le\u00f3nidas Escudero en la Feria Internacional del Libro en Buenos Aires"},"content":{"rendered":"<p>El\u00a0Gobierno de San Juan, a trav\u00e9s del Ministerio de Turismo, Cultura y Deporte junto a la C\u00e1mara de Diputados de San Juan presentan la Antolog\u00eda de poes\u00edas y un libro espec\u00edfico sobre la vida personal del poeta universal Jorge Le\u00f3nidas Escudero.\u00a0La selecci\u00f3n y el trabajo de investigaci\u00f3n estuvieron a cargo del Prof. Luis Trombino, estudioso de su obra y amigo personal de Escudero.<\/p>\n<p>El Fondo Editorial de la C\u00e1mara de Diputados est\u00e1 a cargo de la edici\u00f3n y publicaci\u00f3n de estas dos obras. Cabe destacar que el\u00a0Concurso San Juan Escribe, auspiciado por la Legislatura de San Juan, lleva el nombre del poeta y es una apuesta cultural que revaloriza la escritura y la figura de Jorge Le\u00f3nidas Escudero.\u00a0La presentaci\u00f3n en la Feria Internacional del Libro es el S\u00e1bado, 10 de Mayo, a las 19 hs.; en la Sala Jos\u00e9 Hern\u00e1ndez.<\/p>\n<p><img loading=\"lazy\" decoding=\"async\" class=\"alignnone size-full wp-image-83875\" src=\"https:\/\/vocesparalelas.com.ar\/sitio\/wp-content\/uploads\/2025\/03\/FERIA-INTERNACIONAL-LIBRO-2025.png\" alt=\"\" width=\"800\" height=\"450\" srcset=\"https:\/\/vocesparalelas.com.ar\/sitio\/wp-content\/uploads\/2025\/03\/FERIA-INTERNACIONAL-LIBRO-2025.png 800w, https:\/\/vocesparalelas.com.ar\/sitio\/wp-content\/uploads\/2025\/03\/FERIA-INTERNACIONAL-LIBRO-2025-300x169.png 300w, https:\/\/vocesparalelas.com.ar\/sitio\/wp-content\/uploads\/2025\/03\/FERIA-INTERNACIONAL-LIBRO-2025-768x432.png 768w\" sizes=\"auto, (max-width: 800px) 100vw, 800px\" \/><\/p>\n<p>\u201cRumbo al pa\u00eds donde\u201d\u00a0nos invita a recorrer los versos de Escudero en un itinerario po\u00e9tico que condensa su universo literario, su b\u00fasqueda incesante y su particular manera de nombrar el mundo. La selecci\u00f3n de textos nos invita a incursionar en su po\u00e9tica y entender el valor de su obra dentro del panorama de la literatura regional cuyana.<\/p>\n<p>El libro\u00a0\u201cSenderos del buscador empecinado\u201d de Ricardo Luis Trombino, que acompa\u00f1a a la antolog\u00eda po\u00e9tica, ofrece una mirada cr\u00edtica sobre la poes\u00eda de Escudero, aportando un an\u00e1lisis que permite profundizar y disfrutar a\u00fan m\u00e1s de la obra. Este estudio explora la esencia de la po\u00e9tica de Escudero destacando la originalidad y la manera en que la obra trasciende lo regional para dialogar con lo universal.<\/p>\n<p>Ambas obras conforman un di\u00e1logo complementario, mientras \u201cRumbo al pa\u00eds donde\u201d presenta la fuerza vital de los versos de Escudero, \u201cSenderos del buscador empecinado\u201d nos ofrece las claves literarias para interpretar y analizar la l\u00edrica de uno de los autores m\u00e1s emblem\u00e1ticos de nuestra tierra.<\/p>\n<figure id=\"attachment_19153\" aria-describedby=\"caption-attachment-19153\" style=\"width: 800px\" class=\"wp-caption alignnone\"><img loading=\"lazy\" decoding=\"async\" class=\"size-large wp-image-19153\" src=\"https:\/\/vocesparalelas.com.ar\/sitio\/wp-content\/uploads\/2019\/03\/TROMBINO-02-800x526.jpg\" alt=\"\" width=\"800\" height=\"526\" srcset=\"https:\/\/vocesparalelas.com.ar\/sitio\/wp-content\/uploads\/2019\/03\/TROMBINO-02-800x526.jpg 800w, https:\/\/vocesparalelas.com.ar\/sitio\/wp-content\/uploads\/2019\/03\/TROMBINO-02-300x197.jpg 300w, https:\/\/vocesparalelas.com.ar\/sitio\/wp-content\/uploads\/2019\/03\/TROMBINO-02-768x505.jpg 768w, https:\/\/vocesparalelas.com.ar\/sitio\/wp-content\/uploads\/2019\/03\/TROMBINO-02.jpg 1000w\" sizes=\"auto, (max-width: 800px) 100vw, 800px\" \/><figcaption id=\"caption-attachment-19153\" class=\"wp-caption-text\">Prof. Ricardo Trombino<\/figcaption><\/figure>\n<p>&nbsp;<\/p>\n","protected":false},"excerpt":{"rendered":"<p>El\u00a0Gobierno de San Juan, a trav\u00e9s del Ministerio de Turismo, Cultura y Deporte junto a la C\u00e1mara de Diputados de<\/p>\n","protected":false},"author":3,"featured_media":30868,"comment_status":"closed","ping_status":"closed","sticky":false,"template":"","format":"standard","meta":{"_acf_changed":false,"_seopress_robots_primary_cat":"none","_seopress_titles_title":"","_seopress_titles_desc":"","_seopress_robots_index":"","colormag_page_container_layout":"default_layout","colormag_page_sidebar_layout":"default_layout","footnotes":""},"categories":[20],"tags":[],"class_list":["post-86074","post","type-post","status-publish","format-standard","has-post-thumbnail","hentry","category-cartelera"],"acf":[],"_links":{"self":[{"href":"https:\/\/vocesparalelas.com.ar\/sitio\/wp-json\/wp\/v2\/posts\/86074","targetHints":{"allow":["GET"]}}],"collection":[{"href":"https:\/\/vocesparalelas.com.ar\/sitio\/wp-json\/wp\/v2\/posts"}],"about":[{"href":"https:\/\/vocesparalelas.com.ar\/sitio\/wp-json\/wp\/v2\/types\/post"}],"author":[{"embeddable":true,"href":"https:\/\/vocesparalelas.com.ar\/sitio\/wp-json\/wp\/v2\/users\/3"}],"replies":[{"embeddable":true,"href":"https:\/\/vocesparalelas.com.ar\/sitio\/wp-json\/wp\/v2\/comments?post=86074"}],"version-history":[{"count":1,"href":"https:\/\/vocesparalelas.com.ar\/sitio\/wp-json\/wp\/v2\/posts\/86074\/revisions"}],"predecessor-version":[{"id":86077,"href":"https:\/\/vocesparalelas.com.ar\/sitio\/wp-json\/wp\/v2\/posts\/86074\/revisions\/86077"}],"wp:featuredmedia":[{"embeddable":true,"href":"https:\/\/vocesparalelas.com.ar\/sitio\/wp-json\/wp\/v2\/media\/30868"}],"wp:attachment":[{"href":"https:\/\/vocesparalelas.com.ar\/sitio\/wp-json\/wp\/v2\/media?parent=86074"}],"wp:term":[{"taxonomy":"category","embeddable":true,"href":"https:\/\/vocesparalelas.com.ar\/sitio\/wp-json\/wp\/v2\/categories?post=86074"},{"taxonomy":"post_tag","embeddable":true,"href":"https:\/\/vocesparalelas.com.ar\/sitio\/wp-json\/wp\/v2\/tags?post=86074"}],"curies":[{"name":"wp","href":"https:\/\/api.w.org\/{rel}","templated":true}]}}