{"id":86020,"date":"2025-05-07T23:00:33","date_gmt":"2025-05-08T02:00:33","guid":{"rendered":"https:\/\/vocesparalelas.com.ar\/sitio\/?p=86020"},"modified":"2025-05-08T22:36:17","modified_gmt":"2025-05-09T01:36:17","slug":"gestos-y-palabras-en-la-homilia-en-el-comienzo-de-la-126asamblea-plenaria-de-la-cea","status":"publish","type":"post","link":"https:\/\/vocesparalelas.com.ar\/sitio\/gestos-y-palabras-en-la-homilia-en-el-comienzo-de-la-126asamblea-plenaria-de-la-cea\/","title":{"rendered":"Gestos y Palabras en la\u00a0Homil\u00eda en el comienzo de la 126\u00b0Asamblea plenaria de la CEA"},"content":{"rendered":"<p>Los Obispos Argentinos reunidos en la Conferencia Episcopal Argentina reunida para su 126\u00aa Asamblea Plenaria, en un clima de oraci\u00f3n y reflexi\u00f3n.<\/p>\n<p>Ellos se re\u00fanen hasta el 9 de Mayo, para discutir temas importantes para la Iglesia en Argentina, marcados por la reciente fallecimiento del Papa Francisco.<\/p>\n<p>Durante estos d\u00edas, tambi\u00e9n se elevar\u00e1n oraciones por el C\u00f3nclave que elegir\u00e1 al nuevo Obispo de Roma.<\/p>\n<p>En este contexto se realiz\u00f3 una misa donde el arzobispo de Mendoza y presidente de la CEA, Monse\u00f1or Marcelo Daniel Colombo ofreci\u00f3 la reflexi\u00f3n \u00abGestos y Palabras en la Homil\u00eda en el comienzo de la 126\u00b0Asamblea plenaria de la CEA.<\/p>\n<p><em>Queridos hermanos:<\/em><\/p>\n<p>En el comienzo de nuestra Asamblea plenaria, la celebraci\u00f3n de esta Santa Misa alimenta nuestra fraternidad sacramental en torno al Se\u00f1or resucitado, en este particular contexto eclesial que vivimos, apenas fallecido el Papa Francisco. Esta tarde hemos podido evocarlo con un sentido intercambio, donde hubo espacio para poner de manifiesto nuestra experiencia personal en relaci\u00f3n con su vida y ministerio. Junto a la viva emoci\u00f3n, queremos dar gracias a Dios por la fecundidad de su entrega pastoral y su legado de gestos y palabras, que nos ayudar\u00e1 siempre en el servicio de nuestras Iglesias particulares.<\/p>\n<p>En la primera lectura asistimos a la narraci\u00f3n de la vida y testimonio del di\u00e1cono Esteban, <em>\u201chombre lleno de gracia y de poder, que hac\u00eda grandes prodigios y signos en el pueblo\u201d<\/em> (Hch 6,8). Atacado por ciertos sectores que se sent\u00edan due\u00f1os de la vida religiosa de su pueblo, nos dice el libro de los Hechos que <em>\u201cno encontraban argumentos frente a la sabidur\u00eda y al esp\u00edritu que se manifestaba en su palabra\u201d<\/em> (Hch 6,10). Apasionado evangelizador, Esteban les hablaba de Dios y pon\u00eda signos de vida nueva entre ellos. Hab\u00eda que suprimirlo, desautoriz\u00e1ndolo con falsos testimonios y enojando a la gente contra \u00e9l. Como su Maestro Jes\u00fas, Esteban desafiaba sus tradiciones y sus r\u00edgidos formalismos cultuales sin Dios.<\/p>\n<p>El Evangelio nos presenta a Jes\u00fas, buscado por la multitud a la que hab\u00eda alimentado y que estaba intrigada por sus movimientos. Jes\u00fas les hace notar su obrar interesado y les ense\u00f1a que, m\u00e1s que el pan material, deben buscar aquel Pan que los sacie eternamente y creer en Aquel que es el enviado por Dios.<\/p>\n<p>Ese <em>\u201cUstedes me buscan\u201d<\/em> de corto plazo, guiado por la necesidad, es confrontado por las ense\u00f1anzas de Jes\u00fas, que ampl\u00eda el horizonte de sus interlocutores, para proponerles un encuentro m\u00e1s pleno con \u00c9l: <em>\u00abVengan a m\u00ed todos los que est\u00e1n fatigados y agobiados, y yo los aliviar\u00e9. Carguen sobre ustedes mi yugo y aprendan de m\u00ed, porque soy paciente y humilde de coraz\u00f3n, y as\u00ed encontrar\u00e1n alivio. Porque mi yugo es suave y mi carga liviana\u00bb<\/em> (Mt. 11,28-30); <em>\u00abSi alguno quiere venir en pos de m\u00ed, ni\u00e9guese a s\u00ed mismo, tome cada d\u00eda su cruz y s\u00edgame\u00bb<\/em> (Lc. 9,23); <em>\u00abYo soy el pan de vida. El que viene a m\u00ed nunca tendr\u00e1 hambre; el que cree en m\u00ed nunca tendr\u00e1 sed\u00bb<\/em> (Jn. 6,35); <em>\u201cSi alguien tiene sed, que venga a m\u00ed y beba. El que cree en m\u00ed, como dice la Escritura, de su seno brotar\u00e1n r\u00edos de agua viva.\u00bb<\/em> (Jn. 7,38).<\/p>\n<p>Aun as\u00ed, el Se\u00f1or siempre los atendi\u00f3 con un coraz\u00f3n misericordioso y bien dispuesto, porque estaba comprometido con su bien integral. Es ese amor incondicional de Cristo el que hoy nos interpela y sostiene nuestra esperanza de pastores, para amar seg\u00fan sus ense\u00f1anzas a tantos hermanos que nos buscan y que, en nosotros, quieren encontrarse con la cercan\u00eda de Dios.<\/p>\n<p>As\u00ed nos lo ense\u00f1\u00f3 el Papa Francisco con numerosos gestos y palabras. Tambi\u00e9n \u00e9l quiso recibir a todos los que lo buscaban con distintas motivaciones, necesidades e intenciones, sin dejar de hablarles con fuerza en nombre de Dios. Guardamos en nuestro coraz\u00f3n su testimonio de salir al encuentro de todos: sus visitas a las verdaderas periferias del mundo, casi siempre ajenas a las prioridades de los poderosos; esos di\u00e1logos profundos con dirigentes y creyentes de otras confesiones cristianas y religiones, en la b\u00fasqueda sincera del conocimiento rec\u00edproco y de una sinergia por la paz; sus decisiones eclesiales, que pon\u00edan de manifiesto la primac\u00eda del servicio a los pobres y alejados; su hacer presente nuestra condici\u00f3n de hermanos junto al clamor de la tierra, don de Dios y casa de todos, para cuidarla de la explotaci\u00f3n irresponsable y codiciosa, por encima del destino que le dio su Creador.<\/p>\n<p>Como Esteban, como Jes\u00fas, Francisco se puso en las manos del Padre y actu\u00f3 en consecuencia, entreg\u00e1ndonos su vida. Y al hacerlo, nos habl\u00f3 de la verdadera libertad, \u00e9sa que se hace cargo del dolor y del sufrimiento de los otros, que no se olvida de los \u00faltimos, los descartados, los invisibilizados o silenciados, para considerarlos protagonistas, lejos de cualquier forma de indiferencia.<\/p>\n<p>Nuestra agenda interna, eclesial, as\u00ed como nuestra presencia social, nos piden un decidido compromiso con los gestos y palabras de Jes\u00fas; por eso la necesidad de la renovaci\u00f3n de las estructuras y servicios pastorales, para hacer presente al Se\u00f1or entre los hombres, para se\u00f1alar con claridad sus preferencias y prioridades y para jugarnos por ello, sin eufemismos ni cortapisas.<\/p>\n<p>Estos d\u00edas de c\u00f3nclave, lejos de constituir una feria de vanidades humanas \u2014seg\u00fan el modelo de las confrontaciones pol\u00edticas partidarias, la avidez period\u00edstica y la desmesura de las operaciones de las redes sociales\u2014, son la oportunidad para confirmar nuestra plena confianza en el Se\u00f1or que gu\u00eda la historia. En sus manos estamos.<\/p>\n<p>Los procesos iniciados en estos a\u00f1os del Papa Francisco, para la renovaci\u00f3n de la vida eclesial al servicio de la comunidad humana, necesitan ser<\/p>\n<p>conducidos y acompa\u00f1ados en vistas de su consolidaci\u00f3n y fecundidad evangelizadora. Por eso, reforzamos nuestra oraci\u00f3n por los cardenales electores, para que pongan en primer lugar la fidelidad a Dios y el bien de su pueblo, la Iglesia, y elijan con toda libertad al padre y pastor que el Se\u00f1or, en su providencia, nos ha reservado.<\/p>\n<p>En nuestra ayuda, nos viene bien recordar las palabras de la bula de convocatoria del A\u00f1o Jubilar, indicado por el Papa Francisco como una ayuda para <em>\u201crecuperar la confianza necesaria \u2014tanto en la Iglesia como en la sociedad\u2014 en los v\u00ednculos interpersonales, en las relaciones internacionales, en la promoci\u00f3n de la dignidad de toda persona y en el respeto de la creaci\u00f3n. Que el testimonio creyente pueda ser en el mundo levadura de genuina esperanza, anuncio de cielos nuevos y tierra nueva (cf. 2 P 3,13), donde habite la justicia y la concordia entre los pueblos, orientados hacia el cumplimiento de la promesa del Se\u00f1or.\u201d<\/em> (Francisco, <em>Spes non confundit<\/em>, 25c)<\/p>\n<p style=\"text-align: right;\">Pilar, 5 de mayo de 2025<\/p>\n<p style=\"text-align: right;\">+ Marcelo Daniel Colombo,<\/p>\n<p style=\"text-align: right;\">arzobispo de Mendoza y presidente de la CEA<\/p>\n","protected":false},"excerpt":{"rendered":"<p>Los Obispos Argentinos reunidos en la Conferencia Episcopal Argentina reunida para su 126\u00aa Asamblea Plenaria, en un clima de oraci\u00f3n<\/p>\n","protected":false},"author":3,"featured_media":86023,"comment_status":"closed","ping_status":"closed","sticky":false,"template":"","format":"standard","meta":{"_acf_changed":false,"_seopress_robots_primary_cat":"none","_seopress_titles_title":"","_seopress_titles_desc":"","_seopress_robots_index":"","colormag_page_container_layout":"default_layout","colormag_page_sidebar_layout":"default_layout","footnotes":""},"categories":[10],"tags":[],"class_list":["post-86020","post","type-post","status-publish","format-standard","has-post-thumbnail","hentry","category-opiniones"],"acf":[],"_links":{"self":[{"href":"https:\/\/vocesparalelas.com.ar\/sitio\/wp-json\/wp\/v2\/posts\/86020","targetHints":{"allow":["GET"]}}],"collection":[{"href":"https:\/\/vocesparalelas.com.ar\/sitio\/wp-json\/wp\/v2\/posts"}],"about":[{"href":"https:\/\/vocesparalelas.com.ar\/sitio\/wp-json\/wp\/v2\/types\/post"}],"author":[{"embeddable":true,"href":"https:\/\/vocesparalelas.com.ar\/sitio\/wp-json\/wp\/v2\/users\/3"}],"replies":[{"embeddable":true,"href":"https:\/\/vocesparalelas.com.ar\/sitio\/wp-json\/wp\/v2\/comments?post=86020"}],"version-history":[{"count":1,"href":"https:\/\/vocesparalelas.com.ar\/sitio\/wp-json\/wp\/v2\/posts\/86020\/revisions"}],"predecessor-version":[{"id":86024,"href":"https:\/\/vocesparalelas.com.ar\/sitio\/wp-json\/wp\/v2\/posts\/86020\/revisions\/86024"}],"wp:featuredmedia":[{"embeddable":true,"href":"https:\/\/vocesparalelas.com.ar\/sitio\/wp-json\/wp\/v2\/media\/86023"}],"wp:attachment":[{"href":"https:\/\/vocesparalelas.com.ar\/sitio\/wp-json\/wp\/v2\/media?parent=86020"}],"wp:term":[{"taxonomy":"category","embeddable":true,"href":"https:\/\/vocesparalelas.com.ar\/sitio\/wp-json\/wp\/v2\/categories?post=86020"},{"taxonomy":"post_tag","embeddable":true,"href":"https:\/\/vocesparalelas.com.ar\/sitio\/wp-json\/wp\/v2\/tags?post=86020"}],"curies":[{"name":"wp","href":"https:\/\/api.w.org\/{rel}","templated":true}]}}