{"id":86010,"date":"2025-05-07T22:31:14","date_gmt":"2025-05-08T01:31:14","guid":{"rendered":"https:\/\/vocesparalelas.com.ar\/sitio\/?p=86010"},"modified":"2025-05-08T00:31:34","modified_gmt":"2025-05-08T03:31:34","slug":"reunion-con-gestores-deportivos-hacia-los-juegos-evita-en-san-juan","status":"publish","type":"post","link":"https:\/\/vocesparalelas.com.ar\/sitio\/reunion-con-gestores-deportivos-hacia-los-juegos-evita-en-san-juan\/","title":{"rendered":"Reuni\u00f3n con Gestores Deportivos hacia los Juegos Evita en San Juan"},"content":{"rendered":"<p>En la sala de prensa del\u00a0estadio Aldo Cantoni, se llev\u00f3 a cabo la primera reuni\u00f3n con los Gestores Deportivos de cada departamento, quienes fueron informados sobre el inicio del cronograma de los\u00a0Juegos Evita Provinciales 2025. Destacar la presencia de los representantes de los 19 departamentos de San Juan, registrando un hist\u00f3rico 100 % de asistencia.<\/p>\n<p>La reuni\u00f3n fue liderada por el subsecretario de Deporte Social,\u00a0Mauricio Lara, el director de Deporte en la Comunidad,\u00a0Marcelo Gonz\u00e1lez\u00a0y el director de Alto Rendimiento,\u00a0Mart\u00edn Riveros, quienes tuvieron a cargo las primeras palabras de apertura. Luego de la palabra de los funcionarios, la Prof.\u00a0Ver\u00f3nica Calvo, responsable de Juegos Evita, fue la encargada de impartir la charla informativa a los gestores municipales, dando todos los detalles de los Juegos Evita Provinciales 2025.<\/p>\n<p>La reuni\u00f3n tuvo car\u00e1cter informativo, donde se dieron a conocer los principales puntos a tener en cuenta en la pr\u00f3xima edici\u00f3n de los Juegos Evita Provinciales, siendo San Juan una de las provincias pioneras en el pa\u00eds, con el inicio de su competencia interna, ya que a nivel nacional a\u00fan no hay novedades oficiales de los Juegos Evita Nacionales.<\/p>\n<p><img loading=\"lazy\" decoding=\"async\" class=\"alignnone size-full wp-image-86013\" src=\"https:\/\/vocesparalelas.com.ar\/sitio\/wp-content\/uploads\/2025\/05\/JUEGOS-EVITA-GESTORES-01.jpg\" alt=\"\" width=\"800\" height=\"511\" srcset=\"https:\/\/vocesparalelas.com.ar\/sitio\/wp-content\/uploads\/2025\/05\/JUEGOS-EVITA-GESTORES-01.jpg 800w, https:\/\/vocesparalelas.com.ar\/sitio\/wp-content\/uploads\/2025\/05\/JUEGOS-EVITA-GESTORES-01-300x192.jpg 300w, https:\/\/vocesparalelas.com.ar\/sitio\/wp-content\/uploads\/2025\/05\/JUEGOS-EVITA-GESTORES-01-768x491.jpg 768w\" sizes=\"auto, (max-width: 800px) 100vw, 800px\" \/><\/p>\n<p>En esta reuni\u00f3n, cada referente se llev\u00f3 el manual de competencia, que entre los puntos m\u00e1s salientes, contiene la siguiente informaci\u00f3n:<\/p>\n<ul>\n<li>Los juegos evita provinciales se desarrollar\u00e1n en Juveniles (29 disciplinas), deporte adaptado (7 disciplinas) y adultos mayores (8 disciplinas).<\/li>\n<li>Se realizar\u00e1n 3 etapas provinciales: Municipal, Zonal y Final Provincial. Los ganadores de la final provincial, concurrir\u00e1n a los Juegos Evita Nacionales en Mar del Plata para juveniles y deporte adaptado, y aparentemente volver\u00edan a nivel nacional los juegos para adultos Mayores, cuya realizaci\u00f3n, fechas y sedes debe ser confirmada, pero se realizar\u00eda en Salta.<\/li>\n<li>Las inscripciones de los participantes comenzar\u00e1n el viernes 9 de mayo y finalizar\u00e1n el 31 de mayo, con acreditaciones del 5 al 12 de junio.<\/li>\n<li>La etapa municipal se desarrollar\u00e1 del 14 al 24 de junio. La etapa Zonal, del 25 de junio al 8 de Julio y la Final Provincial del 12 al 23 de agosto. Vale aclarar que estas fechas pueden modificar por cuestiones organizativas, y en el caso de que se produzca, ser\u00e1n debidamente informadas.<\/li>\n<li>Los Directores de Deporte de cada municipio, designar\u00e1n a un Gestor Deportivo, quien ser\u00e1 el encargado de los Juegos en su departamento. Sus funciones en la etapa municipal, abarcan la inscripci\u00f3n y acreditaci\u00f3n de los equipos, la organizaci\u00f3n de la competencia, con fixture y zonas en su departamento, designar sedes deportivas y arbitraje de las mismas, como as\u00ed tambi\u00e9n es el encargado de gestionar la seguridad en cada sede deportiva. En la etapa zonal deben coordinar con los dem\u00e1s gestores departamentales. En todo momento, deben mandar a la organizaci\u00f3n la fecha de los encuentros. En algunos casos, los Directores de Deporte del departamento, son a la vez Gestores Deportivos para los Juegos Evita<\/li>\n<li>Las inscripciones se realizan escaneando un c\u00f3digo QR y llenando la planilla por cada disciplina deportiva y enviando esta planilla al gestor deportivo de cada departamento.<\/li>\n<li>Las inscripciones solo se canalizan a trav\u00e9s de cada gestor deportivo municipal, por ello, si alg\u00fan equipo o deportista decide participar, debe consultar por el gestor deportivo en su Municipalidad.<\/li>\n<li>Son 29 disciplinas deportivas en deporte juvenil (Sub 15 y Sub 16), entre las que contamos deportes en conjunto, como b\u00e1squetbol 3&#215;3, futsal, handball de playa, hockey 7, voleibol de playa y voleibol indoor. Entre las disciplinas individuales, contamos al Atletismo, B\u00e1dminton, BMX Freestyle, Boxeo, Canotaje, Ciclismo, Esgrima, Freestyle, Gimnasia Art\u00edstica, Gimnasia R\u00edtmica, Judo, Karate, Levantamiento Ol\u00edmpico, Lucha, Nataci\u00f3n, Rugby, Skate, Taekwondo, Tenis, Tenis de Mesa, Tiro, Tiro Con Arco y Triatl\u00f3n.<\/li>\n<li>Un total de 7 disciplinas deportivas Sub 18 en el Deporte Adaptado: Atletismo, Nataci\u00f3n, B\u00e1squet 3&#215;3, Boccia, Goalball, Tenis de Mesa y Voleibol Sentado.<\/li>\n<li>En adultos mayores (+ 60 a\u00f1os), ser\u00e1n 8 las disciplinas deportivas: Newcom, Sapo, Tejo, Tenis de Mesa, Ajedrez, Truco, Orientaci\u00f3n y Padel.<\/li>\n<li>Etapa Municipal: Competencia en los Municipios (a cargo de los Municipios). Clasifican 2 (dos) equipos del municipal a la instancia Zonal.<\/li>\n<li>Etapa Zonal: Competencia con los ganadores de cada Municipio (a cargo de los Municipios). Se forman 6 zonas con los 19 municipios Zona 1 (Valle F\u00e9rtil, J\u00e1chal, Calingasta e Iglesia); Zona 2 (San Mart\u00edn, Albard\u00f3n y Angaco); Zona 3 (Rivadavia, Zonda y Ullum); Zona 4 (Capital, Chimbas y Santa Luc\u00eda); Zona 5 (25 de Mayo, 9 de Julio y Sarmiento) y Zona 6 (Rawson, Pocito y Caucete).<\/li>\n<li>Final Provincial: Final con los ganadores de cada zona. Los ganadores clasifican a los Juegos Evita nacionales.<\/li>\n<\/ul>\n<p>Un dato importante confirmado por Mart\u00edn Riveros, Director de Alto Rendimiento, es que\u00a0los chicos que en la edici\u00f3n 2024 obtuvieron podios nacionales, ya se encuentran becados en el Programa de Desarrollo de Alto Rendimiento.<\/p>\n<p>La organizaci\u00f3n de los Juegos Evita Provinciales, a cargo de la Secretar\u00eda de Deporte, aguarda las confirmaciones oficiales y manuales de competencia que deben llegar de Naci\u00f3n, con la comunicaci\u00f3n de fechas y sedes de los Juegos Evita Nacionales.<\/p>\n<p><img loading=\"lazy\" decoding=\"async\" class=\"alignnone size-large wp-image-79174\" src=\"https:\/\/vocesparalelas.com.ar\/sitio\/wp-content\/uploads\/2024\/11\/JUEGOS-EVITA-03-800x451.jpg\" alt=\"\" width=\"800\" height=\"451\" srcset=\"https:\/\/vocesparalelas.com.ar\/sitio\/wp-content\/uploads\/2024\/11\/JUEGOS-EVITA-03-800x451.jpg 800w, https:\/\/vocesparalelas.com.ar\/sitio\/wp-content\/uploads\/2024\/11\/JUEGOS-EVITA-03-300x169.jpg 300w, https:\/\/vocesparalelas.com.ar\/sitio\/wp-content\/uploads\/2024\/11\/JUEGOS-EVITA-03-768x433.jpg 768w, https:\/\/vocesparalelas.com.ar\/sitio\/wp-content\/uploads\/2024\/11\/JUEGOS-EVITA-03.jpg 1024w\" sizes=\"auto, (max-width: 800px) 100vw, 800px\" \/><\/p>\n<p>&nbsp;<\/p>\n","protected":false},"excerpt":{"rendered":"<p>En la sala de prensa del\u00a0estadio Aldo Cantoni, se llev\u00f3 a cabo la primera reuni\u00f3n con los Gestores Deportivos de<\/p>\n","protected":false},"author":3,"featured_media":86014,"comment_status":"closed","ping_status":"closed","sticky":false,"template":"","format":"standard","meta":{"_acf_changed":false,"_seopress_robots_primary_cat":"none","_seopress_titles_title":"","_seopress_titles_desc":"","_seopress_robots_index":"","colormag_page_container_layout":"default_layout","colormag_page_sidebar_layout":"default_layout","footnotes":""},"categories":[1],"tags":[],"class_list":["post-86010","post","type-post","status-publish","format-standard","has-post-thumbnail","hentry","category-destacadas"],"acf":[],"_links":{"self":[{"href":"https:\/\/vocesparalelas.com.ar\/sitio\/wp-json\/wp\/v2\/posts\/86010","targetHints":{"allow":["GET"]}}],"collection":[{"href":"https:\/\/vocesparalelas.com.ar\/sitio\/wp-json\/wp\/v2\/posts"}],"about":[{"href":"https:\/\/vocesparalelas.com.ar\/sitio\/wp-json\/wp\/v2\/types\/post"}],"author":[{"embeddable":true,"href":"https:\/\/vocesparalelas.com.ar\/sitio\/wp-json\/wp\/v2\/users\/3"}],"replies":[{"embeddable":true,"href":"https:\/\/vocesparalelas.com.ar\/sitio\/wp-json\/wp\/v2\/comments?post=86010"}],"version-history":[{"count":1,"href":"https:\/\/vocesparalelas.com.ar\/sitio\/wp-json\/wp\/v2\/posts\/86010\/revisions"}],"predecessor-version":[{"id":86015,"href":"https:\/\/vocesparalelas.com.ar\/sitio\/wp-json\/wp\/v2\/posts\/86010\/revisions\/86015"}],"wp:featuredmedia":[{"embeddable":true,"href":"https:\/\/vocesparalelas.com.ar\/sitio\/wp-json\/wp\/v2\/media\/86014"}],"wp:attachment":[{"href":"https:\/\/vocesparalelas.com.ar\/sitio\/wp-json\/wp\/v2\/media?parent=86010"}],"wp:term":[{"taxonomy":"category","embeddable":true,"href":"https:\/\/vocesparalelas.com.ar\/sitio\/wp-json\/wp\/v2\/categories?post=86010"},{"taxonomy":"post_tag","embeddable":true,"href":"https:\/\/vocesparalelas.com.ar\/sitio\/wp-json\/wp\/v2\/tags?post=86010"}],"curies":[{"name":"wp","href":"https:\/\/api.w.org\/{rel}","templated":true}]}}