{"id":85997,"date":"2025-05-07T21:39:00","date_gmt":"2025-05-08T00:39:00","guid":{"rendered":"https:\/\/vocesparalelas.com.ar\/sitio\/?p=85997"},"modified":"2025-05-07T21:39:00","modified_gmt":"2025-05-08T00:39:00","slug":"firma-de-contrato-clave-para-la-transformacion-energetica-de-san-juan","status":"publish","type":"post","link":"https:\/\/vocesparalelas.com.ar\/sitio\/firma-de-contrato-clave-para-la-transformacion-energetica-de-san-juan\/","title":{"rendered":"Firma de contrato clave para la transformaci\u00f3n energ\u00e9tica de San Juan"},"content":{"rendered":"<p>En un hecho trascendental para el desarrollo energ\u00e9tico de San Juan, el gobernador Dr. Marcelo Orrego lider\u00f3 la firma del contrato y la adjudicaci\u00f3n de la obra correspondiente a la Licitaci\u00f3n P\u00fablica N\u00b0 02\/24 para la Ampliaci\u00f3n de la Estaci\u00f3n Transformadora Solar Ullum 132\/33 kV, ET Albard\u00f3n\/Chimbas y L\u00ednea de Interconexi\u00f3n El\u00e9ctrica 132 kV.<\/p>\n<p>La inversi\u00f3n total supera los 15.464 millones de pesos, provenientes de fondos provinciales, lo que refleja el firme compromiso del Gobierno de San Juan con la diversificaci\u00f3n energ\u00e9tica y el desarrollo sustentable.<\/p>\n<p>La obra, que ser\u00e1 ejecutada por la Uni\u00f3n Transitoria SIGMA S.A. \u2013 CONECTAR S.R.L., representa un avance fundamental en el fortalecimiento del sistema el\u00e9ctrico provincial y nacional. Permitir\u00e1 evacuar la energ\u00eda generada por dos nuevos parques solares, que sumar\u00e1n 180 MW: Ullum ALFA (50 MW, EPSE) y El Chaguar (130 MW, EPSE &#8211; Genneia). Esta energ\u00eda se integrar\u00e1 tanto al Sistema Interconectado Provincial (SIN) como al Sistema Argentino de Interconexi\u00f3n (SADI).<\/p>\n<p>El acto de firma estuvo presidida por el gobernador Dr. Marcelo Orrego, acompa\u00f1ado por el Ing. Lucas Estrada, presidente de EPSE; el Dr. Juli\u00e1n Marcelo Rins, gerente general de SIGMA y apoderado de la UT. Tambi\u00e9n participaron destacadas autoridades, entre ellas el ministro de Infraestructura, Agua y Energ\u00eda, Arq. Fernando Perea; el asesor de Gobernaci\u00f3n, Dr. Federico Conte Grand; el jefe de Inspecci\u00f3n de EPSE, Ing. Alfredo Ibazeta, y el gerente de la UT, Ing. Le\u00f3n Pagano.<\/p>\n<p><img loading=\"lazy\" decoding=\"async\" class=\"alignnone size-full wp-image-86001\" src=\"https:\/\/vocesparalelas.com.ar\/sitio\/wp-content\/uploads\/2025\/05\/SAN-JUAN-ENERGIA-02.jpg\" alt=\"\" width=\"800\" height=\"452\" srcset=\"https:\/\/vocesparalelas.com.ar\/sitio\/wp-content\/uploads\/2025\/05\/SAN-JUAN-ENERGIA-02.jpg 800w, https:\/\/vocesparalelas.com.ar\/sitio\/wp-content\/uploads\/2025\/05\/SAN-JUAN-ENERGIA-02-300x170.jpg 300w, https:\/\/vocesparalelas.com.ar\/sitio\/wp-content\/uploads\/2025\/05\/SAN-JUAN-ENERGIA-02-768x434.jpg 768w\" sizes=\"auto, (max-width: 800px) 100vw, 800px\" \/><\/p>\n<p><strong><span style=\"color: #ff6600;\">Una obra estrat\u00e9gica<\/span><\/strong><\/p>\n<p>La licitaci\u00f3n contempla:<\/p>\n<ul>\n<li>Dise\u00f1o e ingenier\u00eda integral de la ampliaci\u00f3n de la Estaci\u00f3n Transformadora Solar Ullum, con nuevos campos de l\u00ednea, transformadores, celdas de 33 kV y protecciones.<\/li>\n<li>Construcci\u00f3n de una l\u00ednea de alta tensi\u00f3n (LAT) de 132 kV, doble terna, con una extensi\u00f3n aproximada de 18 km, utilizando estructuras mixtas de hormig\u00f3n y torres met\u00e1licas.<\/li>\n<li>Adecuaci\u00f3n de la Estaci\u00f3n Transformadora Albard\u00f3n\/Chimbas, operada por Naturgy San Juan, incorporando nuevos campos de l\u00ednea y sistemas de protecci\u00f3n.<\/li>\n<li>Con un plazo de ejecuci\u00f3n de 420 d\u00edas corridos, esta obra consolidar\u00e1 la infraestructura necesaria para seguir incorporando energ\u00edas limpias al sistema el\u00e9ctrico de San Juan y del pa\u00eds.<\/li>\n<\/ul>\n<p><img loading=\"lazy\" decoding=\"async\" class=\"alignnone size-full wp-image-65642\" src=\"https:\/\/vocesparalelas.com.ar\/sitio\/wp-content\/uploads\/2023\/11\/GOBIERNO-SAN-JUAN.jpg\" alt=\"\" width=\"800\" height=\"600\" srcset=\"https:\/\/vocesparalelas.com.ar\/sitio\/wp-content\/uploads\/2023\/11\/GOBIERNO-SAN-JUAN.jpg 800w, https:\/\/vocesparalelas.com.ar\/sitio\/wp-content\/uploads\/2023\/11\/GOBIERNO-SAN-JUAN-300x225.jpg 300w, https:\/\/vocesparalelas.com.ar\/sitio\/wp-content\/uploads\/2023\/11\/GOBIERNO-SAN-JUAN-768x576.jpg 768w\" sizes=\"auto, (max-width: 800px) 100vw, 800px\" \/><\/p>\n","protected":false},"excerpt":{"rendered":"<p>En un hecho trascendental para el desarrollo energ\u00e9tico de San Juan, el gobernador Dr. Marcelo Orrego lider\u00f3 la firma del<\/p>\n","protected":false},"author":3,"featured_media":86000,"comment_status":"closed","ping_status":"closed","sticky":false,"template":"","format":"standard","meta":{"_acf_changed":false,"_seopress_robots_primary_cat":"none","_seopress_titles_title":"","_seopress_titles_desc":"","_seopress_robots_index":"","colormag_page_container_layout":"default_layout","colormag_page_sidebar_layout":"default_layout","footnotes":""},"categories":[1],"tags":[],"class_list":["post-85997","post","type-post","status-publish","format-standard","has-post-thumbnail","hentry","category-destacadas"],"acf":[],"_links":{"self":[{"href":"https:\/\/vocesparalelas.com.ar\/sitio\/wp-json\/wp\/v2\/posts\/85997","targetHints":{"allow":["GET"]}}],"collection":[{"href":"https:\/\/vocesparalelas.com.ar\/sitio\/wp-json\/wp\/v2\/posts"}],"about":[{"href":"https:\/\/vocesparalelas.com.ar\/sitio\/wp-json\/wp\/v2\/types\/post"}],"author":[{"embeddable":true,"href":"https:\/\/vocesparalelas.com.ar\/sitio\/wp-json\/wp\/v2\/users\/3"}],"replies":[{"embeddable":true,"href":"https:\/\/vocesparalelas.com.ar\/sitio\/wp-json\/wp\/v2\/comments?post=85997"}],"version-history":[{"count":1,"href":"https:\/\/vocesparalelas.com.ar\/sitio\/wp-json\/wp\/v2\/posts\/85997\/revisions"}],"predecessor-version":[{"id":86002,"href":"https:\/\/vocesparalelas.com.ar\/sitio\/wp-json\/wp\/v2\/posts\/85997\/revisions\/86002"}],"wp:featuredmedia":[{"embeddable":true,"href":"https:\/\/vocesparalelas.com.ar\/sitio\/wp-json\/wp\/v2\/media\/86000"}],"wp:attachment":[{"href":"https:\/\/vocesparalelas.com.ar\/sitio\/wp-json\/wp\/v2\/media?parent=85997"}],"wp:term":[{"taxonomy":"category","embeddable":true,"href":"https:\/\/vocesparalelas.com.ar\/sitio\/wp-json\/wp\/v2\/categories?post=85997"},{"taxonomy":"post_tag","embeddable":true,"href":"https:\/\/vocesparalelas.com.ar\/sitio\/wp-json\/wp\/v2\/tags?post=85997"}],"curies":[{"name":"wp","href":"https:\/\/api.w.org\/{rel}","templated":true}]}}