{"id":85957,"date":"2025-05-06T22:37:46","date_gmt":"2025-05-07T01:37:46","guid":{"rendered":"https:\/\/vocesparalelas.com.ar\/sitio\/?p=85957"},"modified":"2025-05-08T00:52:31","modified_gmt":"2025-05-08T03:52:31","slug":"erei-que-reune-a-estudiantes-de-ingenieria-en-la-fi-de-la-unsj","status":"publish","type":"post","link":"https:\/\/vocesparalelas.com.ar\/sitio\/erei-que-reune-a-estudiantes-de-ingenieria-en-la-fi-de-la-unsj\/","title":{"rendered":"EREI que re\u00fane a Estudiantes de Ingenier\u00eda en la FI de la UNSJ"},"content":{"rendered":"<p>la Facultad de Ingenier\u00eda de la Universidad Nacional de San Juan junto a la agrupaci\u00f3n estudiantil Hacer por Todos organizaron el VII Encuentro Regional de Estudiantes de Ingenier\u00eda &#8211; EREI -, que se desarrolla el Martes, 06 y Mi\u00e9rcoles, 07 de Mayo de 2025, en el sal\u00f3n de actos del Instituto de Energ\u00eda El\u00e9ctrica de la Unidad Acad\u00e9mica.<\/p>\n<p>El EREI tiene como objetivo promover la interacci\u00f3n entre estudiantes de distintas especialidades para explorar soluciones innovadoras a trav\u00e9s de charlas magistrales donde los ejes a tratar ser\u00e1n: Miner\u00eda y Sostenibilidad, Industria y Calidad, Qu\u00edmica Aplicada, Inteligencia Artificial, Inteligencia Emocional y Liderazgo y por \u00faltimo Investigaci\u00f3n y patentes.<\/p>\n<p>El prop\u00f3sito de este encuentro brindar a los futuros profesionales una experiencia formativa integral que combine el desarrollo de conocimientos t\u00e9cnicos con habilidades personales y sociales, impulsando la innovaci\u00f3n, la sostenibilidad y el trabajo colaborativo en contextos multidisciplinarios. A trav\u00e9s del intercambio entre especialidades, el uso de tecnolog\u00edas emergentes y actividades que fortalecen competencias como el liderazgo y la inteligencia emocional, el evento busca preparar a los estudiantes para enfrentar los desaf\u00edos actuales de la industria y contribuir activamente al desarrollo sostenible de sus comunidades.<\/p>\n<figure id=\"attachment_85960\" aria-describedby=\"caption-attachment-85960\" style=\"width: 800px\" class=\"wp-caption alignnone\"><img loading=\"lazy\" decoding=\"async\" class=\"size-full wp-image-85960\" src=\"https:\/\/vocesparalelas.com.ar\/sitio\/wp-content\/uploads\/2025\/05\/FI-UNSJ-PONCE-FERNANDEZ.jpg\" alt=\"\" width=\"800\" height=\"533\" srcset=\"https:\/\/vocesparalelas.com.ar\/sitio\/wp-content\/uploads\/2025\/05\/FI-UNSJ-PONCE-FERNANDEZ.jpg 800w, https:\/\/vocesparalelas.com.ar\/sitio\/wp-content\/uploads\/2025\/05\/FI-UNSJ-PONCE-FERNANDEZ-300x200.jpg 300w, https:\/\/vocesparalelas.com.ar\/sitio\/wp-content\/uploads\/2025\/05\/FI-UNSJ-PONCE-FERNANDEZ-768x512.jpg 768w\" sizes=\"auto, (max-width: 800px) 100vw, 800px\" \/><figcaption id=\"caption-attachment-85960\" class=\"wp-caption-text\">Mg. Ing. Juan Hugo Ponce junto al Decano de la FI de la UNSJ, Ing. Mario Fern\u00e1ndez<\/figcaption><\/figure>\n<p>Antes del acto, el Decano de la FI de la UNSJ, Ing. Mario Fern\u00e1ndez explic\u00f3 que estos encuentros son muy importantes para la vida universitaria de los estudiantes porque no s\u00f3lo se producen intercambios acad\u00e9micos sino una relaci\u00f3n social inolvidables.<\/p>\n<p><iframe loading=\"lazy\" title=\"FI UNSJ DECANO ING MARIO FERN\u00c1NDEZ\" width=\"800\" height=\"450\" src=\"https:\/\/www.youtube.com\/embed\/ko31TrNau5k?feature=oembed\" frameborder=\"0\" allow=\"accelerometer; autoplay; clipboard-write; encrypted-media; gyroscope; picture-in-picture; web-share\" referrerpolicy=\"strict-origin-when-cross-origin\" allowfullscreen><\/iframe><\/p>\n<p>Posteriormente, uno de los disertantes Mg. Ing. Juan Hugo Ponce con la charla\u00a0\u201cMiner\u00eda y sostenibilidad\u201d, quien destac\u00f3 la necesidad de hacer conocer entre los estudiantes sobre la miner\u00eda, donde las miradas cambiaron en el tiempo.<\/p>\n<p><iframe loading=\"lazy\" title=\"FI UNSJ ING JUAN HUGO PONCE\" width=\"800\" height=\"450\" src=\"https:\/\/www.youtube.com\/embed\/HPvmVHImsoY?feature=oembed\" frameborder=\"0\" allow=\"accelerometer; autoplay; clipboard-write; encrypted-media; gyroscope; picture-in-picture; web-share\" referrerpolicy=\"strict-origin-when-cross-origin\" allowfullscreen><\/iframe><\/p>\n<p><span style=\"color: #ff6600;\"><strong>Datos interesantes<\/strong><\/span><\/p>\n<p>Mg. Ing. Juan Hugo Ponce es un ejecutivo en Recursos Humanos con m\u00e1s de veinticinco a\u00f1os de experiencia internacional en los sectores minero e industrial. Posee un Mag\u00edster en Administraci\u00f3n de Empresas (MBA) y un Mag\u00edster en Geograf\u00eda con especializaci\u00f3n en Comercio Internacional de la State University of New York at Buffalo, adem\u00e1s de ser Ingeniero Comercial de la Universidad de Chile.<\/p>\n<p>A lo largo de su carrera, ha liderado transformaciones organizacionales a gran escala, implementado sistemas avanzados de gesti\u00f3n de personas y manejado exitosamente complejos procesos de relaciones laborales en varios pa\u00edses de Am\u00e9rica<\/p>\n<p>Actualmente se desempe\u00f1a como Gerente de Estudio de Capital Humano para el Proyecto El Pach\u00f3n de Glencore.<\/p>\n<p>Luego, el Coordinador del VII EREI y miembro de la agrupaci\u00f3n Hacer por Todos, Leandro Moll describi\u00f3 la necesidad de organizar para conocer m\u00e1s sobre el futuro de la profesi\u00f3n. hoy somos estudiantes pero conocer otras realidades se torna una propuesta necesaria para el rol que cumplimos y que cumpliremos.<\/p>\n<p><iframe loading=\"lazy\" title=\"FI UNSJ ESTUDIANTE LEANDRO MOLL\" width=\"800\" height=\"450\" src=\"https:\/\/www.youtube.com\/embed\/Y9Az8Mdt5Ig?feature=oembed\" frameborder=\"0\" allow=\"accelerometer; autoplay; clipboard-write; encrypted-media; gyroscope; picture-in-picture; web-share\" referrerpolicy=\"strict-origin-when-cross-origin\" allowfullscreen><\/iframe><\/p>\n<p>.Durante el acto, se arm\u00f3 la mesa acad\u00e9mica con el Rector UNSJ, Mg. Ing. Tadeo Berenguer, el Decano de la FI, Esp. Ing. Oscar Mario Fern\u00e1ndez, la Vicedecana de la FI, Dra. Ing. Andrea D\u00edaz y el Coordinador del VII EREI y miembro de la agrupaci\u00f3n Hacer por Todos, Leandro Moll.<\/p>\n<p>En este contexto, el Rector UNSJ, Mg. Ing. Tadeo Berenguer puntualiz\u00f3 que estos encuentros son para vivenciar m\u00e1s sobre la vida de estudiantes de Ingenier\u00eda. Felicit\u00f3 a los organizadores, a los participantes y a los disertantes.<\/p>\n<p>&nbsp;<\/p>\n<p><iframe loading=\"lazy\" title=\"FI UNSJ RECTOR ING TADEO BERENGUER\" width=\"800\" height=\"450\" src=\"https:\/\/www.youtube.com\/embed\/Ml-D6rEYY6Y?feature=oembed\" frameborder=\"0\" allow=\"accelerometer; autoplay; clipboard-write; encrypted-media; gyroscope; picture-in-picture; web-share\" referrerpolicy=\"strict-origin-when-cross-origin\" allowfullscreen><\/iframe><\/p>\n<p>&nbsp;<\/p>\n<p><strong><span style=\"color: #ff6600;\">Programa<\/span><\/strong><\/p>\n<p><strong><span style=\"color: #ff6600;\">Martes, 06 de Mayo<\/span><\/strong><\/p>\n<figure id=\"attachment_85963\" aria-describedby=\"caption-attachment-85963\" style=\"width: 800px\" class=\"wp-caption alignnone\"><img loading=\"lazy\" decoding=\"async\" class=\"size-full wp-image-85963\" src=\"https:\/\/vocesparalelas.com.ar\/sitio\/wp-content\/uploads\/2025\/05\/FI-UNSJ-PONCE.jpg\" alt=\"\" width=\"800\" height=\"533\" srcset=\"https:\/\/vocesparalelas.com.ar\/sitio\/wp-content\/uploads\/2025\/05\/FI-UNSJ-PONCE.jpg 800w, https:\/\/vocesparalelas.com.ar\/sitio\/wp-content\/uploads\/2025\/05\/FI-UNSJ-PONCE-300x200.jpg 300w, https:\/\/vocesparalelas.com.ar\/sitio\/wp-content\/uploads\/2025\/05\/FI-UNSJ-PONCE-768x512.jpg 768w\" sizes=\"auto, (max-width: 800px) 100vw, 800px\" \/><figcaption id=\"caption-attachment-85963\" class=\"wp-caption-text\">Charla \u201cMiner\u00eda y sostenibilidad\u201d a\u00a0cargo del Mg. Ing. Juan Hugo Ponce.<\/figcaption><\/figure>\n<p>&nbsp;<\/p>\n<ul>\n<li><strong><span style=\"color: #ff6600;\">Charla \u201cMiner\u00eda y sostenibilidad\u201d a\u00a0cargo del Mg. Ing. Juan Hugo Ponce.<\/span><\/strong> Es un ejecutivo en Recursos Humanos con m\u00e1s de veinticinco a\u00f1os de experiencia internacional en los sectores minero e industrial. Posee un Mag\u00edster en Administraci\u00f3n de Empresas (MBA) y un Mag\u00edster en Geograf\u00eda con especializaci\u00f3n en Comercio Internacional de la State University of New York at Buffalo, adem\u00e1s de ser Ingeniero Comercial de la Universidad de Chile. A lo largo de su carrera, ha liderado transformaciones organizacionales a gran escala, implementado sistemas avanzados de gesti\u00f3n de personas y manejado exitosamente complejos procesos de relaciones laborales en varios pa\u00edses de Am\u00e9rica Actualmente se desempe\u00f1a como Gerente de Estudio de Capital Humano para el Proyecto El Pach\u00f3n de Glencore.<\/li>\n<li><strong><span style=\"color: #ff6600;\">Charla \u201cIndustria y Calidad\u201d, a cargo del Mg. Ing. Daniel Orlando Cano.<\/span> <\/strong>Es Ingeniero electr\u00f3nico, M\u00e1ster en Econom\u00eda y Administraci\u00f3n Estrat\u00e9gica de Negocios. Ha acumulado d\u00e9cadas de experiencia en la implementaci\u00f3n y certificaci\u00f3n de sistemas basados en normas internacionales como ISO 9001, ISO 14001, ISO 45001, HACCP, IATF 16949, entre otras. Con m\u00e1s de 35 implementaciones exitosas de ISO 9001 y numerosos proyectos en otros est\u00e1ndares, el Ing. Cano ha trabajado con organizaciones de todos los sectores y tama\u00f1os, desde PYMES hasta empresas multinacionales. Su notable trayectoria incluye consultor\u00edas en sectores tan diversos como miner\u00eda, construcci\u00f3n, materiales de construcci\u00f3n, textil, autopartes, pl\u00e1sticos, papel y qu\u00edmicos, salud, educaci\u00f3n, transporte, bodegas, laboratorios y organizaciones estatales. Como ex Gerente Corporativo del Grupo Taranto, lider\u00f3 proyectos galardonados con el Premio Nacional a la Calidad y el Premio Iberoamericano a la Calidad, siendo adem\u00e1s la primer empresa en Latinoam\u00e9rica en postularse al Premio Deming de Jap\u00f3n en 2009. Actualmente se desempe\u00f1a como consultor especialista en implementaci\u00f3n de Sistemas de Gesti\u00f3n de la Calidad, Ambiente y Seguridad e Higiene en Cano Consultores Asociados, es Juez del Premio Nacional a la Calidad, Juez de la Competencia Nacional de Equipos de Mejora, Profesor Titular en la Maestr\u00eda en Administraci\u00f3n Estrat\u00e9gica de Negocios de la Universidad Cat\u00f3lica de Cuyo, miembro de la Uni\u00f3n Industrial Argentina y la Uni\u00f3n Industrial de San Juan.<\/li>\n<li><strong><span style=\"color: #ff6600;\">Charla \u00abConsejo Profesional de Ingenieros Especialistas de la Provincia de San Juan\u00bb &#8211; CPIE &#8211; a cargo de los Ingenieros Alfredo R\u00edos y Edgardo Pereyra<\/span><\/strong>; Presidente y Vicepresidente del Consejo Profesional de Ingenieros Especialistas de la Provincia de San Juan; quienes impartir\u00e1n una charla sobre la jerarquizaci\u00f3n de la profesi\u00f3n en carreras de ingenier\u00eda y responsabilidad social.<\/li>\n<li><strong><span style=\"color: #ff6600;\">Charla \u201cRecursos Humanos e Inteligencia Artificial\u201d a cargo de la Lic. Silvana Culjak.<\/span> <\/strong>Es Licenciada en Psicolog\u00eda egresada de la Universidad Cat\u00f3lica de Cuyo, MBA con enfoque en Recursos Humanos de la Universidad Polit\u00e9cnica de Catalu\u00f1a, Coach Ejecutiva certificada por la Association for Coaching de Londres, Diplomada en Bienestar Organizacional por la Universidad de Nebrija, cursando el M\u00e1ster en Inteligencia Artificial de EUNCET Barcelona. Posee veinte a\u00f1os de experiencia laboral en el \u00e1rea de RRHH en industria minera, con experiencia en empresas multinacionales y nacionales. Su experiencia incluye adem\u00e1s la industria textil, consultor\u00eda para diversas industrias, trabajo en el sector p\u00fablico y docencia. Actualmente trabaja como consultor independiente y es titular de la c\u00e1tedra Psicolog\u00eda Laboral en la Universidad de Congreso.<\/li>\n<li><strong><span style=\"color: #ff6600;\">Charla \u201cInteligencia Emocional y Liderazgo\u201d a cargo del Abog. Ariel Ocampo Abad\u00eda.<\/span><\/strong> Es Abogado, Maestrando en Gesti\u00f3n de las Nuevas Tecnolog\u00edas en la Comunicaci\u00f3n de la UCCuyo e Instructor de la Metodolog\u00eda OTSE. Posee una amplia trayectoria en comunicaci\u00f3n y liderazgo, y actualmente se desempe\u00f1a como Director de la Consultora Comunicaci\u00f3n y Liderazgo desde 2014. Adem\u00e1s, es entrenador de equipos de alto rendimiento y mentor de liderazgo, asesorando a organismos del estado, empresas y l\u00edderes pol\u00edticos y sociales. Ha sido asesor de la Municipalidad de la Capital de la Ciudad de San Juan y consultor director de campa\u00f1as municipales. En el \u00e1mbito acad\u00e9mico, es Profesor de Liderazgo y Gesti\u00f3n de Talentos, Profesor de Oratoria Jur\u00eddica en la Facultad de Derecho de la Universidad Cat\u00f3lica de Cuyo y la Universidad Austral, es Director del Programa Internacional de Comunicaci\u00f3n Pol\u00edtica en la Universidad Cat\u00f3lica de Cuyo. Adem\u00e1s, es Director de la Diplomatura de Liderazgo y Desarrollo de la Comunidad en el IFPS.<\/li>\n<\/ul>\n<p><strong><span style=\"color: #ff6600;\">Mi\u00e9rcoles, 07 de Mayo<\/span><\/strong><\/p>\n<ul>\n<li><strong><span style=\"color: #ff6600;\">Charla \u201cEconom\u00eda Circular y Bioprocesos:<\/span><\/strong> <span style=\"color: #ff6600;\"><strong>Un enfoque ingenieril para la sostenibilidad\u201d a cargo de la Mg. Ing. Laura Rodr\u00edguez y de la Dra. Lic. Mar\u00eda Carla Groff.<\/strong><\/span> Laura Rodr\u00edguez es Ingeniera en Alimentos y Mag\u00edster en Tecnolog\u00edas Ambientales, con m\u00e1s de 15 a\u00f1os de experiencia en investigaci\u00f3n sobre la valorizaci\u00f3n de residuos agroindustriales regionales mediante bioprocesos, especialmente fermentaci\u00f3n en estado s\u00f3lido. Cuenta con una s\u00f3lida trayectoria en la gesti\u00f3n de recursos humanos y en la conducci\u00f3n de proyectos cient\u00edficos y tecnol\u00f3gicos. En sus inicios profesionales, se desempe\u00f1\u00f3 en el sector privado, trabajando en agroindustrias como mosteras y oliv\u00edcolas. Actualmente, es Profesora Titular de las c\u00e1tedras de Ingenier\u00eda Bioqu\u00edmica e Ingenier\u00eda de Bioprocesos, y lidera el programa Procesos y Control del Medioambiente en el Instituto de Biotecnolog\u00eda de la Facultad de Ingenier\u00eda de la UNSJ. Adem\u00e1s, est\u00e1 realizando su formaci\u00f3n doctoral en procesos de biorremediaci\u00f3n utilizando camas biol\u00f3gicas, y encabeza una l\u00ednea de investigaci\u00f3n en Biotecnolog\u00eda de Hongos Comestibles, ganando en 2024 el concurso Ingenier\u00eda Verde de la Fundaci\u00f3n Lunding con acceso a financiamiento del tipo ANR sumado a un proceso de incubaci\u00f3n con el proyecto denominado San Juan Fungi. Mar\u00eda Carla Groff es Licenciada en Tecnolog\u00eda de los Alimentos y Doctora en Ingenier\u00eda Qu\u00edmica. Inici\u00f3 su trayectoria profesional en el sector privado, trabajando en industrias de procesamiento de alimentos. Posteriormente, orient\u00f3 su carrera hacia la docencia y la investigaci\u00f3n cient\u00edfica, enfoc\u00e1ndose en la mitigaci\u00f3n del impacto ambiental de residuos y efluentes agroindustriales mediante bioprocesos innovadores. Desde hace ocho a\u00f1os, explora el aprovechamiento de residuos agroindustriales, como el escobajo de uva, mediante fermentaciones en estado s\u00f3lido (FES) para la producci\u00f3n de \u00e1cido l\u00e1ctico, as\u00ed como la captura de CO\u2082 generado en bodegas a trav\u00e9s del cultivo de microalgas, con especial inter\u00e9s en la cin\u00e9tica microbiana y el modelado matem\u00e1tico. Estos estudios han dado lugar a publicaciones en revistas cient\u00edficas internacionales y presentaciones en congresos especializados. Desde 2021, tambi\u00e9n ha impulsado investigaciones sobre el uso de microalgas, explorando su potencial para la captura de CO\u2082 y su aplicaci\u00f3n como bioestimulantes agr\u00edcolas y fuente proteica para la industria alimentaria, trabajo que fue reconocido con el Premio Molinos Innova 2022. Actualmente, contin\u00faa desarrollando investigaciones en estas \u00e1reas, dirige tesis de grado y maestr\u00eda, y lidera diversos proyectos orientados al desarrollo de soluciones sustentables en biotecnolog\u00eda aplicada a la agroindustria.<\/li>\n<li><span style=\"color: #ff6600;\"><strong>Charla \u201cInvestigaci\u00f3n y Patentes\u201d a cargo del Dr. Ing. Eric Laciar Leber.<\/strong> <\/span>Es Ingeniero Electr\u00f3nico por la UNSJ y Doctor en Ingenier\u00eda Biom\u00e9dica por la Universidad Polit\u00e9cnica de Catalu\u00f1a. Actualmente, se desempe\u00f1a como Secretario de Ciencia y T\u00e9cnica de la UNSJ, donde ha impulsado iniciativas clave para el desarrollo cient\u00edfico y tecnol\u00f3gico de la universidad. Bajo su gesti\u00f3n, se implementaron programas estrat\u00e9gicos como Doctorar Ingenier\u00eda y Equipar Ciencia, el fortalecimiento de la vinculaci\u00f3n con organismos como CONICET, INTA e INTI, y la expansi\u00f3n de la Unidad de Vinculaci\u00f3n y Transferencia, que pas\u00f3 de administrar 4 a 27 unidades en los \u00faltimos a\u00f1os. Lider\u00f3 la reestructuraci\u00f3n de la Secretar\u00eda de Ciencia y T\u00e9cnica, promovi\u00f3 el sistema de becas cofinanciadas con CONICET y otros organismos, gestion\u00f3 concursos para directores de institutos y foment\u00f3 la propiedad intelectual en la UNSJ, logrando el otorgamiento de 6 patentes. Con una amplia trayectoria en gesti\u00f3n acad\u00e9mica, tambi\u00e9n ha sido Secretario T\u00e9cnico de la Facultad de Ingenier\u00eda (2014-2021) y Director de Posgrado, demostrando su compromiso con la innovaci\u00f3n, el desarrollo y la mejora continua de la universidad.<\/li>\n<\/ul>\n<p><img loading=\"lazy\" decoding=\"async\" class=\"alignnone size-full wp-image-85962\" src=\"https:\/\/vocesparalelas.com.ar\/sitio\/wp-content\/uploads\/2025\/05\/FI-UNSJ-ENCUENTRO-ESTUDIANTES.jpg\" alt=\"\" width=\"800\" height=\"533\" srcset=\"https:\/\/vocesparalelas.com.ar\/sitio\/wp-content\/uploads\/2025\/05\/FI-UNSJ-ENCUENTRO-ESTUDIANTES.jpg 800w, https:\/\/vocesparalelas.com.ar\/sitio\/wp-content\/uploads\/2025\/05\/FI-UNSJ-ENCUENTRO-ESTUDIANTES-300x200.jpg 300w, https:\/\/vocesparalelas.com.ar\/sitio\/wp-content\/uploads\/2025\/05\/FI-UNSJ-ENCUENTRO-ESTUDIANTES-768x512.jpg 768w\" sizes=\"auto, (max-width: 800px) 100vw, 800px\" \/><\/p>\n<p><img loading=\"lazy\" decoding=\"async\" class=\"alignnone size-full wp-image-60280\" src=\"https:\/\/vocesparalelas.com.ar\/sitio\/wp-content\/uploads\/2023\/06\/FI-UNSJ-FRENTE.jpg\" alt=\"\" width=\"800\" height=\"600\" srcset=\"https:\/\/vocesparalelas.com.ar\/sitio\/wp-content\/uploads\/2023\/06\/FI-UNSJ-FRENTE.jpg 800w, https:\/\/vocesparalelas.com.ar\/sitio\/wp-content\/uploads\/2023\/06\/FI-UNSJ-FRENTE-300x225.jpg 300w, https:\/\/vocesparalelas.com.ar\/sitio\/wp-content\/uploads\/2023\/06\/FI-UNSJ-FRENTE-768x576.jpg 768w\" sizes=\"auto, (max-width: 800px) 100vw, 800px\" \/><\/p>\n","protected":false},"excerpt":{"rendered":"<p>la Facultad de Ingenier\u00eda de la Universidad Nacional de San Juan junto a la agrupaci\u00f3n estudiantil Hacer por Todos organizaron<\/p>\n","protected":false},"author":3,"featured_media":85961,"comment_status":"closed","ping_status":"closed","sticky":false,"template":"","format":"standard","meta":{"_acf_changed":false,"_seopress_robots_primary_cat":"none","_seopress_titles_title":"","_seopress_titles_desc":"","_seopress_robots_index":"","colormag_page_container_layout":"default_layout","colormag_page_sidebar_layout":"default_layout","footnotes":""},"categories":[9,7],"tags":[],"class_list":["post-85957","post","type-post","status-publish","format-standard","has-post-thumbnail","hentry","category-cursos","category-videos"],"acf":[],"_links":{"self":[{"href":"https:\/\/vocesparalelas.com.ar\/sitio\/wp-json\/wp\/v2\/posts\/85957","targetHints":{"allow":["GET"]}}],"collection":[{"href":"https:\/\/vocesparalelas.com.ar\/sitio\/wp-json\/wp\/v2\/posts"}],"about":[{"href":"https:\/\/vocesparalelas.com.ar\/sitio\/wp-json\/wp\/v2\/types\/post"}],"author":[{"embeddable":true,"href":"https:\/\/vocesparalelas.com.ar\/sitio\/wp-json\/wp\/v2\/users\/3"}],"replies":[{"embeddable":true,"href":"https:\/\/vocesparalelas.com.ar\/sitio\/wp-json\/wp\/v2\/comments?post=85957"}],"version-history":[{"count":1,"href":"https:\/\/vocesparalelas.com.ar\/sitio\/wp-json\/wp\/v2\/posts\/85957\/revisions"}],"predecessor-version":[{"id":85964,"href":"https:\/\/vocesparalelas.com.ar\/sitio\/wp-json\/wp\/v2\/posts\/85957\/revisions\/85964"}],"wp:featuredmedia":[{"embeddable":true,"href":"https:\/\/vocesparalelas.com.ar\/sitio\/wp-json\/wp\/v2\/media\/85961"}],"wp:attachment":[{"href":"https:\/\/vocesparalelas.com.ar\/sitio\/wp-json\/wp\/v2\/media?parent=85957"}],"wp:term":[{"taxonomy":"category","embeddable":true,"href":"https:\/\/vocesparalelas.com.ar\/sitio\/wp-json\/wp\/v2\/categories?post=85957"},{"taxonomy":"post_tag","embeddable":true,"href":"https:\/\/vocesparalelas.com.ar\/sitio\/wp-json\/wp\/v2\/tags?post=85957"}],"curies":[{"name":"wp","href":"https:\/\/api.w.org\/{rel}","templated":true}]}}