{"id":85945,"date":"2025-05-06T20:32:55","date_gmt":"2025-05-06T23:32:55","guid":{"rendered":"https:\/\/vocesparalelas.com.ar\/sitio\/?p=85945"},"modified":"2025-05-06T20:57:09","modified_gmt":"2025-05-06T23:57:09","slug":"definieron-los-temas-para-la-segunda-sesion-del-periodo-ordinario-de-la-camara-de-diputados-de-san-juan-durante-la-labor-parlamentaria","status":"publish","type":"post","link":"https:\/\/vocesparalelas.com.ar\/sitio\/definieron-los-temas-para-la-segunda-sesion-del-periodo-ordinario-de-la-camara-de-diputados-de-san-juan-durante-la-labor-parlamentaria\/","title":{"rendered":"Definieron los temas para la Segunda Sesi\u00f3n del per\u00edodo ordinario de la C\u00e1mara de Diputados de San Juan durante la Labor Parlamentaria"},"content":{"rendered":"<p>En el marco de la reuni\u00f3n de Labor Parlamentaria, los legisladores titulares de los bloques del Poder Legislativo conformaron el temario del orden del d\u00eda para la Segunda Sesi\u00f3n del per\u00edodo ordinario de la C\u00e1mara de Diputados de San Juan a desarrollarse el Jueves, 8 de Mayo de 2025, a las 9 hs..<\/p>\n<p>El encuentro tuvo lugar en el cuarto piso del edificio Anexo y estuvo encabezado por el vicegobernador Fabi\u00e1n Mart\u00edn. Particip\u00f3 tambi\u00e9n el secretario Legislativo, Gustavo Velert; la vicepresidente segundo, Marisa L\u00f3pez; los presidentes de bloques Producci\u00f3n y Trabajo, Juan de la Cruz C\u00f3rdoba; Justicialista, Juan Carlos Quiroga Moyano; Bloquista, legislador Luis Rueda; bloque San Juan Vuelve \u2013 P.T.P., Mario Herrero; bloque UCR, Alejandra Leonardo; Actuar, legislador Gustavo Usin; bloque del Este, Marcelo Mallea; La Libertad Avanza \u2013 ADN, Fernando Patinella;\u00a0 bloque San Juan Te Quiero, diputado Gabriel S\u00e1nchez; Frente Renovador, Franco Aranda; bloque Crecer, Marta Gramajo y bloque Mejor Nosotros, Leopoldo Soler.<\/p>\n<p><strong><span style=\"color: #666699;\">Definieron los temas para tratar en el recinto<\/span><\/strong><\/p>\n<ul>\n<li>Despacho de la comisi\u00f3n de Derechos Humanos y Garant\u00edas en el Proyecto de Comunicaci\u00f3n presentado por el bloque Justicialista, por el que solicita a la Direcci\u00f3n de la Ni\u00f1ez, Adolescencia y Familia que informe sobre los hechos ocurridos en el hogar Paula Albarrac\u00edn de Sarmiento.<\/li>\n<li>Despacho de las comisiones Legislaci\u00f3n y Asuntos Constitucionales, Agricultura y Ganader\u00eda y Hacienda y Presupuesto, en la Comunicaci\u00f3n Oficial remitida por el Poder Ejecutivo, mediante mensaje N\u00b0 1, por la que env\u00eda para su aprobaci\u00f3n Acta Acuerdo de veranadas temporada 2024-2025, suscripto entre el Gobierno de San Juan y el Gobierno de Regional de Coquimbo- Chile.<\/li>\n<li>Despacho de las comisiones de Legislaci\u00f3n y Asuntos Constitucionales y Hacienda y Presupuesto, en la Comunicaci\u00f3n Oficial remitida por el Poder Ejecutivo, mediante mensaje N\u00b0 3, por la que se adhiere a las modificaciones introducidas al texto del Convenio Multilateral de fecha 18\/08\/1977 adherido por Ley 188-1.<\/li>\n<li>Despacho de la comisiones de Legislaci\u00f3n y Asuntos Constitucionales, Salud y Discapacidad y Hacienda y Presupuesto, en la Comunicaci\u00f3n Oficial remitida por el Poder Ejecutivo, mediante mensaje N\u00b0 15, por la que env\u00eda para su aprobaci\u00f3n el Convenio entre el Ministerio de Salud de la provincia de San Juan, el Instituto Nacional Central \u00danico Coordinador de Ablaci\u00f3n e Implante (INCUCAI) y el Instituto de Ablaci\u00f3n e Implante de San Juan (INAISA), cuyo objeto es delegar en el organismo nacional la gesti\u00f3n de facturaci\u00f3n y cobro de costos vinculados a los procesos de procuraci\u00f3n de \u00f3rganos y tejidos que se desarrollen.<\/li>\n<li>Despacho de la comisiones de Legislaci\u00f3n y Asuntos Constitucionales, Hacienda y Presupuesto y Agricultura y Ganader\u00eda, en la Comunicaci\u00f3n Oficial remitida por el Poder Ejecutivo, mediante mensaje N\u00b0 17, por la que se env\u00eda para su aprobaci\u00f3n Convenio celebrado entre el gobierno de la Provincia y el Banco San Juan S.A, con el objeto de implementar un mecanismo especial de bonificaci\u00f3n de la tasa de inter\u00e9s para cr\u00e9ditos otorgados a personas que desarrollen actividades agroindustriales en la Provincia.<\/li>\n<li>Despacho de las comisiones de Legislaci\u00f3n y Asuntos Constitucionales, Desarrollo Humano y Laboral y Hacienda y Presupuesto, en la Comunicaci\u00f3n Oficial remitida por el Poder Ejecutivo, mediante mensaje N\u00b0 13, por la que se env\u00eda para su aprobaci\u00f3n el Convenio celebrado entre el Ministerio de Familia y Desarrollo Humano y AADI-CAPIF ACR.<\/li>\n<li>Despacho de la comisi\u00f3n de Legislaci\u00f3n y Asuntos Constitucionales, en el Proyecto de Ley presentado por la Comisi\u00f3n Permanente por la que se consolidan leyes sancionadas desde el 1 de enero al 31 de diciembre de 2024, publicadas en el Bolet\u00edn Oficial al 31 de enero de 2025 y todas aquellas sancionadas en periodos anteriores al a\u00f1o 2024 que se han publicado al 31 de enero de 2025.<\/li>\n<li>Despacho de las comisiones de Legislaci\u00f3n y Asuntos Constitucionales y Educaci\u00f3n, Ciencia T\u00e9cnica y Cultura en la Comunicaci\u00f3n Oficial remitida por el Poder Ejecutivo, mediante mensaje N\u00b0 18, por la que env\u00eda para su aprobaci\u00f3n el Convenio Marco de colaboraci\u00f3n suscripto entre el Ministerio de Gobierno y la Municipalidad de Valle F\u00e9rtil.<\/li>\n<li>Despacho de las comisiones de Legislaci\u00f3n y Asuntos Constitucionales, Salud y Discapacidad y Desarrollo Humano y Laboral, en la Comunicaci\u00f3n Oficial remitida por el Poder Ejecutivo, mediante mensaje N\u00b0 19, por la que env\u00eda para su aprobaci\u00f3n el Convenio Marco de colaboraci\u00f3n suscripto entre el Ministerio de Gobierno y la Cruz Roja Argentina Filial San Juan.<\/li>\n<li>Despacho de las comisiones de Legislaci\u00f3n y Asuntos Constitucionales Salud y Discapacidad y Educaci\u00f3n, Ciencia T\u00e9cnica y Cultura, en la Comunicaci\u00f3n Oficial remitida por el Poder Ejecutivo, mediante mensaje N\u00ba 20, por la que env\u00eda para su aprobaci\u00f3n el Convenio suscripto entre el Ministerio de Salud y el Hospital de Pediatr\u00eda S.A.M.I.C Prof. Dr Juan P Garrahan.<\/li>\n<li>Despacho de la comisi\u00f3n de Educaci\u00f3n, Ciencia T\u00e9cnica y Cultura, en el Proyecto de Resoluci\u00f3n presentado por el interbloque Cambia San Juan, por el que se declara de inter\u00e9s el XLII Congreso Nacional de Cardiolog\u00eda.<\/li>\n<\/ul>\n<figure id=\"attachment_37951\" aria-describedby=\"caption-attachment-37951\" style=\"width: 800px\" class=\"wp-caption alignnone\"><img loading=\"lazy\" decoding=\"async\" class=\"size-full wp-image-37951\" src=\"https:\/\/vocesparalelas.com.ar\/sitio\/wp-content\/uploads\/2021\/05\/CAMARA-EDIFICIO.jpg\" alt=\"\" width=\"800\" height=\"515\" srcset=\"https:\/\/vocesparalelas.com.ar\/sitio\/wp-content\/uploads\/2021\/05\/CAMARA-EDIFICIO.jpg 800w, https:\/\/vocesparalelas.com.ar\/sitio\/wp-content\/uploads\/2021\/05\/CAMARA-EDIFICIO-300x193.jpg 300w, https:\/\/vocesparalelas.com.ar\/sitio\/wp-content\/uploads\/2021\/05\/CAMARA-EDIFICIO-768x494.jpg 768w\" sizes=\"auto, (max-width: 800px) 100vw, 800px\" \/><figcaption id=\"caption-attachment-37951\" class=\"wp-caption-text\">Legislatura Provincial de San Juan, Rep\u00fablica Argentina<\/figcaption><\/figure>\n","protected":false},"excerpt":{"rendered":"<p>En el marco de la reuni\u00f3n de Labor Parlamentaria, los legisladores titulares de los bloques del Poder Legislativo conformaron el<\/p>\n","protected":false},"author":3,"featured_media":85948,"comment_status":"closed","ping_status":"closed","sticky":false,"template":"","format":"standard","meta":{"_acf_changed":false,"_seopress_robots_primary_cat":"none","_seopress_titles_title":"","_seopress_titles_desc":"","_seopress_robots_index":"","colormag_page_container_layout":"default_layout","colormag_page_sidebar_layout":"default_layout","footnotes":""},"categories":[1],"tags":[],"class_list":["post-85945","post","type-post","status-publish","format-standard","has-post-thumbnail","hentry","category-destacadas"],"acf":[],"_links":{"self":[{"href":"https:\/\/vocesparalelas.com.ar\/sitio\/wp-json\/wp\/v2\/posts\/85945","targetHints":{"allow":["GET"]}}],"collection":[{"href":"https:\/\/vocesparalelas.com.ar\/sitio\/wp-json\/wp\/v2\/posts"}],"about":[{"href":"https:\/\/vocesparalelas.com.ar\/sitio\/wp-json\/wp\/v2\/types\/post"}],"author":[{"embeddable":true,"href":"https:\/\/vocesparalelas.com.ar\/sitio\/wp-json\/wp\/v2\/users\/3"}],"replies":[{"embeddable":true,"href":"https:\/\/vocesparalelas.com.ar\/sitio\/wp-json\/wp\/v2\/comments?post=85945"}],"version-history":[{"count":2,"href":"https:\/\/vocesparalelas.com.ar\/sitio\/wp-json\/wp\/v2\/posts\/85945\/revisions"}],"predecessor-version":[{"id":85956,"href":"https:\/\/vocesparalelas.com.ar\/sitio\/wp-json\/wp\/v2\/posts\/85945\/revisions\/85956"}],"wp:featuredmedia":[{"embeddable":true,"href":"https:\/\/vocesparalelas.com.ar\/sitio\/wp-json\/wp\/v2\/media\/85948"}],"wp:attachment":[{"href":"https:\/\/vocesparalelas.com.ar\/sitio\/wp-json\/wp\/v2\/media?parent=85945"}],"wp:term":[{"taxonomy":"category","embeddable":true,"href":"https:\/\/vocesparalelas.com.ar\/sitio\/wp-json\/wp\/v2\/categories?post=85945"},{"taxonomy":"post_tag","embeddable":true,"href":"https:\/\/vocesparalelas.com.ar\/sitio\/wp-json\/wp\/v2\/tags?post=85945"}],"curies":[{"name":"wp","href":"https:\/\/api.w.org\/{rel}","templated":true}]}}