{"id":85901,"date":"2025-05-05T22:42:48","date_gmt":"2025-05-06T01:42:48","guid":{"rendered":"https:\/\/vocesparalelas.com.ar\/sitio\/?p=85901"},"modified":"2025-05-05T22:42:48","modified_gmt":"2025-05-06T01:42:48","slug":"el-gobierno-de-san-juan-considera-que-el-paro-de-uta-san-juan-es-ilegal","status":"publish","type":"post","link":"https:\/\/vocesparalelas.com.ar\/sitio\/el-gobierno-de-san-juan-considera-que-el-paro-de-uta-san-juan-es-ilegal\/","title":{"rendered":"El Gobierno de San Juan considera que el paro de UTA San Juan es ilegal"},"content":{"rendered":"<p>Ante el conflicto a nivel nacional entre la Uni\u00f3n Tranviarios Automotor &#8211; UTA -, el Ministerio de Gobierno de San Juan informa a la poblaci\u00f3n que se ha instado formalmente a las empresas de transporte p\u00fablico de pasajeros de la provincia a garantizar la continuidad del servicio de colectivos durante el Martes, 6 de Mayo de 2025.<\/p>\n<p>En este sentido, se aclara que a la fecha no se ha recibido ninguna comunicaci\u00f3n formal por parte del gremio UTA en la Subsecretar\u00eda de Trabajo de la provincia anunciando su adhesi\u00f3n a una medida de fuerza.<\/p>\n<p>Por lo tanto, se subraya que cualquier interrupci\u00f3n del servicio que no cuente con la debida notificaci\u00f3n y el cumplimiento de los procedimientos legales vigentes es considerada ilegal.<\/p>\n<p><img loading=\"lazy\" decoding=\"async\" class=\"alignnone size-full wp-image-74417\" src=\"https:\/\/vocesparalelas.com.ar\/sitio\/wp-content\/uploads\/2024\/07\/REDTULUM-LOGO.jpg\" alt=\"\" width=\"800\" height=\"600\" srcset=\"https:\/\/vocesparalelas.com.ar\/sitio\/wp-content\/uploads\/2024\/07\/REDTULUM-LOGO.jpg 800w, https:\/\/vocesparalelas.com.ar\/sitio\/wp-content\/uploads\/2024\/07\/REDTULUM-LOGO-300x225.jpg 300w, https:\/\/vocesparalelas.com.ar\/sitio\/wp-content\/uploads\/2024\/07\/REDTULUM-LOGO-768x576.jpg 768w\" sizes=\"auto, (max-width: 800px) 100vw, 800px\" \/><\/p>\n","protected":false},"excerpt":{"rendered":"<p>Ante el conflicto a nivel nacional entre la Uni\u00f3n Tranviarios Automotor &#8211; UTA -, el Ministerio de Gobierno de San<\/p>\n","protected":false},"author":3,"featured_media":65642,"comment_status":"closed","ping_status":"closed","sticky":false,"template":"","format":"standard","meta":{"_acf_changed":false,"_seopress_robots_primary_cat":"none","_seopress_titles_title":"","_seopress_titles_desc":"","_seopress_robots_index":"","colormag_page_container_layout":"default_layout","colormag_page_sidebar_layout":"default_layout","footnotes":""},"categories":[1],"tags":[],"class_list":["post-85901","post","type-post","status-publish","format-standard","has-post-thumbnail","hentry","category-destacadas"],"acf":[],"_links":{"self":[{"href":"https:\/\/vocesparalelas.com.ar\/sitio\/wp-json\/wp\/v2\/posts\/85901","targetHints":{"allow":["GET"]}}],"collection":[{"href":"https:\/\/vocesparalelas.com.ar\/sitio\/wp-json\/wp\/v2\/posts"}],"about":[{"href":"https:\/\/vocesparalelas.com.ar\/sitio\/wp-json\/wp\/v2\/types\/post"}],"author":[{"embeddable":true,"href":"https:\/\/vocesparalelas.com.ar\/sitio\/wp-json\/wp\/v2\/users\/3"}],"replies":[{"embeddable":true,"href":"https:\/\/vocesparalelas.com.ar\/sitio\/wp-json\/wp\/v2\/comments?post=85901"}],"version-history":[{"count":1,"href":"https:\/\/vocesparalelas.com.ar\/sitio\/wp-json\/wp\/v2\/posts\/85901\/revisions"}],"predecessor-version":[{"id":85904,"href":"https:\/\/vocesparalelas.com.ar\/sitio\/wp-json\/wp\/v2\/posts\/85901\/revisions\/85904"}],"wp:featuredmedia":[{"embeddable":true,"href":"https:\/\/vocesparalelas.com.ar\/sitio\/wp-json\/wp\/v2\/media\/65642"}],"wp:attachment":[{"href":"https:\/\/vocesparalelas.com.ar\/sitio\/wp-json\/wp\/v2\/media?parent=85901"}],"wp:term":[{"taxonomy":"category","embeddable":true,"href":"https:\/\/vocesparalelas.com.ar\/sitio\/wp-json\/wp\/v2\/categories?post=85901"},{"taxonomy":"post_tag","embeddable":true,"href":"https:\/\/vocesparalelas.com.ar\/sitio\/wp-json\/wp\/v2\/tags?post=85901"}],"curies":[{"name":"wp","href":"https:\/\/api.w.org\/{rel}","templated":true}]}}