{"id":85897,"date":"2025-05-05T22:36:32","date_gmt":"2025-05-06T01:36:32","guid":{"rendered":"https:\/\/vocesparalelas.com.ar\/sitio\/?p=85897"},"modified":"2025-05-05T22:36:32","modified_gmt":"2025-05-06T01:36:32","slug":"paro-por-24-hs-del-transporte-de-pasajeros-declarado-por-uta-de-la-republica-argentina","status":"publish","type":"post","link":"https:\/\/vocesparalelas.com.ar\/sitio\/paro-por-24-hs-del-transporte-de-pasajeros-declarado-por-uta-de-la-republica-argentina\/","title":{"rendered":"Paro por 24 hs. del Transporte de Pasajeros declarado por UTA de la Rep\u00fablica Argentina"},"content":{"rendered":"<p>Esta negociaci\u00f3n paritaria se inici\u00f3 en el mes de febrero pasado y hasta la fecha solo se nos han realizado ofrecimientos por debajo de la inflaci\u00f3n.<\/p>\n<p>Queremos desmentir el comunicado estatal, ya que en ning\u00fan momento se pretendi\u00f3 un aumento salarial del 40%. La posici\u00f3n de UTA no es caprichosa, ni extorsiva como nos pretenden calificar, queremos un salario digno, en l\u00ednea con la inflaci\u00f3n, acorde a las tareas que desarrollamos diariamente.<\/p>\n<p>Hemos participado de semanas de reuniones sin ofrecimientos ni siquiera razonables por parte de las c\u00e1maras empresarias. Por ello, si el gobierno nacional pretende tener la tarifa m\u00e1s baja del pa\u00eds, sepan que no lo va a hacer con el sueldo de los trabajadores del transporte. Es justamente el mismo Estado que pretende poner l\u00edmites a las paritarias.<\/p>\n<p>No se puede tolerar llevar adelante negociaciones con ofrecimientos que impliquen una p\u00e9rdida del poder adquisitivo de los salarios, afectando gravemente nuestros ingresos.<\/p>\n<p>Por todo ello, Paramos para defender nuestro trabajo, por un sueldo digno, y por el sustento de nuestras familias, en contra de la precarizaci\u00f3n y del achicamiento del sistema de transporte a la que nos llevan diariamente, con menos unidades y frecuencias, y por ende, menos trabajadores.<\/p>\n<p>No vamos a permitir que los sueldos de los trabajadores sean la variable del ajuste de la eficiencia del sistema de transporte.<\/p>\n<p>Conforme todo ello, se ratifica la medida de acci\u00f3n gremial de paro de actividades por 24 horas para el 06 de mayo del corriente, a partir de las 00.00 Hs. a nivel nacional en empresas de corta y media distancia.<\/p>\n<p>Una vez m\u00e1s los trabajadores todos juntos, sin distinciones, vamos a defender nuestros salarios.<\/p>\n<p>&nbsp;<\/p>\n<p style=\"text-align: right;\">Consejo Directivo Nacional<\/p>\n<p style=\"text-align: right;\">Juntas Ejecutivas Seccionales<\/p>\n<p><strong><span style=\"color: #ff0000;\">UTA San Juan<\/span><\/strong><\/p>\n<p>Se comunica a todas y todos los compa\u00f1eros del trasporte p\u00fablico de pasajeros de corta y media distancia que, atento al fracaso en las negociaciones salariales del sector, luego de haber agotado todas las instancias posibles por parte de nuestro Consejo Directivo Nacional, y ante la persistente negativa por parte de las C\u00e1maras Empresarias de acordar, con el agravante de solo realizar propuestas que son una verdadera verg\u00fcenza y un atropello a la dignidad de los trabajadores y sus familias, es que confirmamos UNA RETENCI\u00d3N DE SERVICIOS A PARTIR DE LAS 00 HORAS DE ESTE MARTES 06 DE MAYO DE 2025, por el lapso de 24 horas, la misma ser\u00e1 \u00abSIN ASISTENCIA A LOS LUGARES DE TRABAJO. No bajaremos los brazos ante las amenazas del sector empresario, estamos pidiendo lo que nos corresponde por derecho y por la dignidad de nuestras familias, reiteramos a los fines de evitar roses innecesarios qu\u00e9 la medida es SIN ASISTENCIA A LOS LUGARES DE TRABAJO.<\/p>\n<p>&nbsp;<\/p>\n<p style=\"text-align: right;\">JUNTA EJECUTIVA Y CUERPOS DE DELEGADOS<\/p>\n<p style=\"text-align: right;\">MARCELO MALDONADO SEC. GENERAL<\/p>\n<p>&nbsp;<\/p>\n<p><img loading=\"lazy\" decoding=\"async\" class=\"alignnone size-full wp-image-69356\" src=\"https:\/\/vocesparalelas.com.ar\/sitio\/wp-content\/uploads\/2024\/02\/UTA-SAN-JUAN.jpg\" alt=\"\" width=\"800\" height=\"450\" srcset=\"https:\/\/vocesparalelas.com.ar\/sitio\/wp-content\/uploads\/2024\/02\/UTA-SAN-JUAN.jpg 800w, https:\/\/vocesparalelas.com.ar\/sitio\/wp-content\/uploads\/2024\/02\/UTA-SAN-JUAN-300x169.jpg 300w, https:\/\/vocesparalelas.com.ar\/sitio\/wp-content\/uploads\/2024\/02\/UTA-SAN-JUAN-768x432.jpg 768w\" sizes=\"auto, (max-width: 800px) 100vw, 800px\" \/><\/p>\n","protected":false},"excerpt":{"rendered":"<p>Esta negociaci\u00f3n paritaria se inici\u00f3 en el mes de febrero pasado y hasta la fecha solo se nos han realizado<\/p>\n","protected":false},"author":3,"featured_media":59582,"comment_status":"closed","ping_status":"closed","sticky":false,"template":"","format":"standard","meta":{"_acf_changed":false,"_seopress_robots_primary_cat":"none","_seopress_titles_title":"","_seopress_titles_desc":"","_seopress_robots_index":"","colormag_page_container_layout":"default_layout","colormag_page_sidebar_layout":"default_layout","footnotes":""},"categories":[1],"tags":[],"class_list":["post-85897","post","type-post","status-publish","format-standard","has-post-thumbnail","hentry","category-destacadas"],"acf":[],"_links":{"self":[{"href":"https:\/\/vocesparalelas.com.ar\/sitio\/wp-json\/wp\/v2\/posts\/85897","targetHints":{"allow":["GET"]}}],"collection":[{"href":"https:\/\/vocesparalelas.com.ar\/sitio\/wp-json\/wp\/v2\/posts"}],"about":[{"href":"https:\/\/vocesparalelas.com.ar\/sitio\/wp-json\/wp\/v2\/types\/post"}],"author":[{"embeddable":true,"href":"https:\/\/vocesparalelas.com.ar\/sitio\/wp-json\/wp\/v2\/users\/3"}],"replies":[{"embeddable":true,"href":"https:\/\/vocesparalelas.com.ar\/sitio\/wp-json\/wp\/v2\/comments?post=85897"}],"version-history":[{"count":1,"href":"https:\/\/vocesparalelas.com.ar\/sitio\/wp-json\/wp\/v2\/posts\/85897\/revisions"}],"predecessor-version":[{"id":85900,"href":"https:\/\/vocesparalelas.com.ar\/sitio\/wp-json\/wp\/v2\/posts\/85897\/revisions\/85900"}],"wp:featuredmedia":[{"embeddable":true,"href":"https:\/\/vocesparalelas.com.ar\/sitio\/wp-json\/wp\/v2\/media\/59582"}],"wp:attachment":[{"href":"https:\/\/vocesparalelas.com.ar\/sitio\/wp-json\/wp\/v2\/media?parent=85897"}],"wp:term":[{"taxonomy":"category","embeddable":true,"href":"https:\/\/vocesparalelas.com.ar\/sitio\/wp-json\/wp\/v2\/categories?post=85897"},{"taxonomy":"post_tag","embeddable":true,"href":"https:\/\/vocesparalelas.com.ar\/sitio\/wp-json\/wp\/v2\/tags?post=85897"}],"curies":[{"name":"wp","href":"https:\/\/api.w.org\/{rel}","templated":true}]}}