{"id":85886,"date":"2025-05-05T21:34:32","date_gmt":"2025-05-06T00:34:32","guid":{"rendered":"https:\/\/vocesparalelas.com.ar\/sitio\/?p=85886"},"modified":"2025-05-05T23:35:41","modified_gmt":"2025-05-06T02:35:41","slug":"las-meninas-de-velazquez-bailan-flamenco-en-el-teatro-del-bicentenario-de-san-juan","status":"publish","type":"post","link":"https:\/\/vocesparalelas.com.ar\/sitio\/las-meninas-de-velazquez-bailan-flamenco-en-el-teatro-del-bicentenario-de-san-juan\/","title":{"rendered":"Las Meninas de Vel\u00e1zquez bailan flamenco en el Teatro del Bicentenario de San Juan"},"content":{"rendered":"<p>El S\u00e1bado, 10 de Mayo de 2025, a las 22, en la Sala Audit\u00f3rium del Teatro del Bicentenario de San Juan es escenario del estreno de\u00a0Variaciones 46, una obra original de flamenco contempor\u00e1neo de la compa\u00f1\u00eda Aires de C\u00e1diz.<\/p>\n<p>M\u00e1s de 18 artistas en escena, bajo la direcci\u00f3n art\u00edstica de Cuky Maestro y con coreograf\u00edas de Alejandra Minet y Julia de Nardi, dan vida a una reinterpretaci\u00f3n vibrante de Las Meninas de Vel\u00e1zquez, fusionando danza, m\u00fasica y artes visuales en un formato in\u00e9dito para el p\u00fablico de San Juan.<\/p>\n<p>La propuesta, seleccionada por la Ley de Mecenazgo Cultural de la provincia y apoyada por la Fundaci\u00f3n Banco San Juan, transforma la ic\u00f3nica pintura del siglo XVII en un espect\u00e1culo vivo que atraviesa el tiempo y dialoga con las 45 versiones de Picasso. Con participaci\u00f3n especial de la DJ Chica Puerca, la obra invita a imaginar qu\u00e9 pasar\u00eda si un cuadro pudiera so\u00f1ar.<\/p>\n<p><span style=\"color: #ff6600;\"><strong>Entradas<\/strong><\/span><\/p>\n<p>Tienen un valor de $12.000 y est\u00e1n disponibles en la boleter\u00eda del Teatro del Bicentenario y en <a href=\"https:\/\/www.tuentrada.com\/eventos\/7DpJPFerGJK7Upk6s1ZO0m1hSToMTskAbz-pJoz1SZ7uFS0VSGH4cWzWBlKfGx9ZPBMFc+OHBUj6yfcjvgpjdgV6mt6JwUO37D03LoVgLGo=\" target=\"_blank\" rel=\"noopener noreferrer\">tuentrada.com<\/a>, con importantes beneficios.<\/p>\n<p><img loading=\"lazy\" decoding=\"async\" class=\"alignnone size-large wp-image-21666\" src=\"https:\/\/vocesparalelas.com.ar\/sitio\/wp-content\/uploads\/2019\/06\/TEATRO-BICENTENARIO-10-800x600.jpg\" alt=\"\" width=\"800\" height=\"600\" srcset=\"https:\/\/vocesparalelas.com.ar\/sitio\/wp-content\/uploads\/2019\/06\/TEATRO-BICENTENARIO-10-800x600.jpg 800w, https:\/\/vocesparalelas.com.ar\/sitio\/wp-content\/uploads\/2019\/06\/TEATRO-BICENTENARIO-10-300x225.jpg 300w, https:\/\/vocesparalelas.com.ar\/sitio\/wp-content\/uploads\/2019\/06\/TEATRO-BICENTENARIO-10-768x576.jpg 768w, https:\/\/vocesparalelas.com.ar\/sitio\/wp-content\/uploads\/2019\/06\/TEATRO-BICENTENARIO-10.jpg 1000w\" sizes=\"auto, (max-width: 800px) 100vw, 800px\" \/><\/p>\n<p>&nbsp;<\/p>\n","protected":false},"excerpt":{"rendered":"<p>El S\u00e1bado, 10 de Mayo de 2025, a las 22, en la Sala Audit\u00f3rium del Teatro del Bicentenario de San<\/p>\n","protected":false},"author":3,"featured_media":85889,"comment_status":"closed","ping_status":"closed","sticky":false,"template":"","format":"standard","meta":{"_acf_changed":false,"_seopress_robots_primary_cat":"none","_seopress_titles_title":"","_seopress_titles_desc":"","_seopress_robots_index":"","colormag_page_container_layout":"default_layout","colormag_page_sidebar_layout":"default_layout","footnotes":""},"categories":[20],"tags":[],"class_list":["post-85886","post","type-post","status-publish","format-standard","has-post-thumbnail","hentry","category-cartelera"],"acf":[],"_links":{"self":[{"href":"https:\/\/vocesparalelas.com.ar\/sitio\/wp-json\/wp\/v2\/posts\/85886","targetHints":{"allow":["GET"]}}],"collection":[{"href":"https:\/\/vocesparalelas.com.ar\/sitio\/wp-json\/wp\/v2\/posts"}],"about":[{"href":"https:\/\/vocesparalelas.com.ar\/sitio\/wp-json\/wp\/v2\/types\/post"}],"author":[{"embeddable":true,"href":"https:\/\/vocesparalelas.com.ar\/sitio\/wp-json\/wp\/v2\/users\/3"}],"replies":[{"embeddable":true,"href":"https:\/\/vocesparalelas.com.ar\/sitio\/wp-json\/wp\/v2\/comments?post=85886"}],"version-history":[{"count":1,"href":"https:\/\/vocesparalelas.com.ar\/sitio\/wp-json\/wp\/v2\/posts\/85886\/revisions"}],"predecessor-version":[{"id":85890,"href":"https:\/\/vocesparalelas.com.ar\/sitio\/wp-json\/wp\/v2\/posts\/85886\/revisions\/85890"}],"wp:featuredmedia":[{"embeddable":true,"href":"https:\/\/vocesparalelas.com.ar\/sitio\/wp-json\/wp\/v2\/media\/85889"}],"wp:attachment":[{"href":"https:\/\/vocesparalelas.com.ar\/sitio\/wp-json\/wp\/v2\/media?parent=85886"}],"wp:term":[{"taxonomy":"category","embeddable":true,"href":"https:\/\/vocesparalelas.com.ar\/sitio\/wp-json\/wp\/v2\/categories?post=85886"},{"taxonomy":"post_tag","embeddable":true,"href":"https:\/\/vocesparalelas.com.ar\/sitio\/wp-json\/wp\/v2\/tags?post=85886"}],"curies":[{"name":"wp","href":"https:\/\/api.w.org\/{rel}","templated":true}]}}