{"id":85858,"date":"2025-05-05T19:29:46","date_gmt":"2025-05-05T22:29:46","guid":{"rendered":"https:\/\/vocesparalelas.com.ar\/sitio\/?p=85858"},"modified":"2025-05-06T01:06:48","modified_gmt":"2025-05-06T04:06:48","slug":"72-familias-del-departamento-rawson-recibieron-las-llaves-de-sus-viviendas-del-complejo-jacaranda-en-san-juan","status":"publish","type":"post","link":"https:\/\/vocesparalelas.com.ar\/sitio\/72-familias-del-departamento-rawson-recibieron-las-llaves-de-sus-viviendas-del-complejo-jacaranda-en-san-juan\/","title":{"rendered":"72 familias del Departamento Rawson recibieron las llaves de sus viviendas del Complejo Jacarand\u00e1 en San Juan"},"content":{"rendered":"<p>El Lunes, 5 de Mayo de 2025, el gobernador de San Juan, Dr. Marcelo Orrego entreg\u00f3 las llaves de su vivienda propia a 72 familias, del Complejo Jacarand\u00e1 del CGI del Personal del Banco San Juan, Departamento Rawson.<\/p>\n<p>La entrega representa un paso m\u00e1s en el sue\u00f1o cumplido de la casa propia, un derecho fundamental que mejora la calidad de vida y fortalece el tejido social.<\/p>\n<p>Acompa\u00f1aron adem\u00e1s, el intendente de la Municipalidad de Rawson, Dr. Carlos Munisaga, ministro de Infraestructura, Agua y Energ\u00eda, Arq. Fernando Perea; directora del IPV, Arq. Elina Peralta; diputadas Nacional por San Juan, Dra. Nancy Pic\u00f3n y Mar\u00eda de los \u00c1ngeles Moreno, dem\u00e1s funcionarios provinciales y departamentales.<\/p>\n<p><iframe loading=\"lazy\" title=\"Orrego encabez\u00f3 una nueva entrega de viviendas, esta vez en Rawson\" width=\"800\" height=\"450\" src=\"https:\/\/www.youtube.com\/embed\/ZW8tcIPmSFY?feature=oembed\" frameborder=\"0\" allow=\"accelerometer; autoplay; clipboard-write; encrypted-media; gyroscope; picture-in-picture; web-share\" referrerpolicy=\"strict-origin-when-cross-origin\" allowfullscreen><\/iframe><\/p>\n<p>Se trata de un conjunto de departamentos de 2 y 3 dormitorios, distribuidos en 8 bloques de 9 unidades cada uno, organizados en 3 niveles: planta baja, primer piso y segundo piso. Su disposici\u00f3n de dise\u00f1o urbano escalonada, responde a la idea de optimizar la ventilaci\u00f3n cruzada y el aprovechamiento de la iluminaci\u00f3n natural norte-sur. Adem\u00e1s, los bloques est\u00e1n ubicados en el lateral oeste de la parcela, lo que permite la disponibilidad de 72 espacios para estacionamiento, y una circulaci\u00f3n eficiente para veh\u00edculos y peatones.<\/p>\n<p>En este contexto, el gobernador de San Juan, Dr. Marcelo Orrego describi\u00f3 que \u00abSan Juan fue la primera provincia en reactivar la obra p\u00fablica en el pa\u00eds, porque creemos profundamente en su valor. La obra p\u00fablica es fundamental: significa hospitales, escuelas, ambulancias, hogares para las familias. Una vivienda se transforma en hogar cuando es habitada con sentimientos, proyectos y momentos compartidos\u201d.<\/p>\n<p>\u201cA pesar del contexto adverso y de no contar con los recursos que tuvieron gobiernos anteriores, seguimos adelante con austeridad y compromiso. Hoy no existen los fondos nacionales que antes sosten\u00edan programas clave: conectividad, incentivos docentes, subsidios al transporte. Ahora, todo lo sostiene el gobierno provincial y el esfuerzo de los sanjuaninos. Este gobierno cumple d\u00eda a d\u00eda con la confianza prestada por los sanjuaninos. No nos regalaron nada. La \u00fanica manera de salir adelante es juntos, construyendo un destino com\u00fan con trabajo, unidad y compromiso\u201d.<\/p>\n<p>La concreci\u00f3n de estas obras es posible gracias al esfuerzo del Gobierno de San Juan, que con fondos provinciales reactiv\u00f3 la construcci\u00f3n de barrios en distintos puntos del territorio. Esta pol\u00edtica p\u00fablica no solo garantiza el acceso a un derecho esencial, sino que tambi\u00e9n impulsa el empleo, la obra local y el bienestar de las familias de San Juan.<\/p>\n<p><img loading=\"lazy\" decoding=\"async\" class=\"alignnone size-full wp-image-85862\" src=\"https:\/\/vocesparalelas.com.ar\/sitio\/wp-content\/uploads\/2025\/05\/RAWSON-CASAS-02.jpg\" alt=\"\" width=\"800\" height=\"535\" srcset=\"https:\/\/vocesparalelas.com.ar\/sitio\/wp-content\/uploads\/2025\/05\/RAWSON-CASAS-02.jpg 800w, https:\/\/vocesparalelas.com.ar\/sitio\/wp-content\/uploads\/2025\/05\/RAWSON-CASAS-02-300x201.jpg 300w, https:\/\/vocesparalelas.com.ar\/sitio\/wp-content\/uploads\/2025\/05\/RAWSON-CASAS-02-768x514.jpg 768w\" sizes=\"auto, (max-width: 800px) 100vw, 800px\" \/><\/p>\n","protected":false},"excerpt":{"rendered":"<p>El Lunes, 5 de Mayo de 2025, el gobernador de San Juan, Dr. Marcelo Orrego entreg\u00f3 las llaves de su<\/p>\n","protected":false},"author":3,"featured_media":85861,"comment_status":"closed","ping_status":"closed","sticky":false,"template":"","format":"standard","meta":{"_acf_changed":false,"_seopress_robots_primary_cat":"none","_seopress_titles_title":"","_seopress_titles_desc":"","_seopress_robots_index":"","colormag_page_container_layout":"default_layout","colormag_page_sidebar_layout":"default_layout","footnotes":""},"categories":[6],"tags":[],"class_list":["post-85858","post","type-post","status-publish","format-standard","has-post-thumbnail","hentry","category-eventos"],"acf":[],"_links":{"self":[{"href":"https:\/\/vocesparalelas.com.ar\/sitio\/wp-json\/wp\/v2\/posts\/85858","targetHints":{"allow":["GET"]}}],"collection":[{"href":"https:\/\/vocesparalelas.com.ar\/sitio\/wp-json\/wp\/v2\/posts"}],"about":[{"href":"https:\/\/vocesparalelas.com.ar\/sitio\/wp-json\/wp\/v2\/types\/post"}],"author":[{"embeddable":true,"href":"https:\/\/vocesparalelas.com.ar\/sitio\/wp-json\/wp\/v2\/users\/3"}],"replies":[{"embeddable":true,"href":"https:\/\/vocesparalelas.com.ar\/sitio\/wp-json\/wp\/v2\/comments?post=85858"}],"version-history":[{"count":1,"href":"https:\/\/vocesparalelas.com.ar\/sitio\/wp-json\/wp\/v2\/posts\/85858\/revisions"}],"predecessor-version":[{"id":85865,"href":"https:\/\/vocesparalelas.com.ar\/sitio\/wp-json\/wp\/v2\/posts\/85858\/revisions\/85865"}],"wp:featuredmedia":[{"embeddable":true,"href":"https:\/\/vocesparalelas.com.ar\/sitio\/wp-json\/wp\/v2\/media\/85861"}],"wp:attachment":[{"href":"https:\/\/vocesparalelas.com.ar\/sitio\/wp-json\/wp\/v2\/media?parent=85858"}],"wp:term":[{"taxonomy":"category","embeddable":true,"href":"https:\/\/vocesparalelas.com.ar\/sitio\/wp-json\/wp\/v2\/categories?post=85858"},{"taxonomy":"post_tag","embeddable":true,"href":"https:\/\/vocesparalelas.com.ar\/sitio\/wp-json\/wp\/v2\/tags?post=85858"}],"curies":[{"name":"wp","href":"https:\/\/api.w.org\/{rel}","templated":true}]}}