{"id":85849,"date":"2025-05-05T11:27:35","date_gmt":"2025-05-05T14:27:35","guid":{"rendered":"https:\/\/vocesparalelas.com.ar\/sitio\/?p=85849"},"modified":"2025-05-06T01:04:32","modified_gmt":"2025-05-06T04:04:32","slug":"san-juan-apuesta-a-la-mineria-en-la-expo-efi-2025","status":"publish","type":"post","link":"https:\/\/vocesparalelas.com.ar\/sitio\/san-juan-apuesta-a-la-mineria-en-la-expo-efi-2025\/","title":{"rendered":"San Juan apuesta a la miner\u00eda en la Expo EFI 2025"},"content":{"rendered":"<p>El ministro de Econom\u00eda, Finanzas y Hacienda del Gobierno de San Juan, CPN Roberto Guti\u00e9rrez, particip\u00f3 como disertante en la Expo EFI y Congreso Econ\u00f3mico Argentino, que se realiz\u00f3 en la Ciudad Aut\u00f3noma de Buenos Aires.<\/p>\n<p>Se trata del evento m\u00e1s relevante de la Rep\u00fablica Argentina en materia de econom\u00eda, finanzas e inversiones, que este a\u00f1o cont\u00f3 con la presencia del presidente Economista Javier Milei y el ministro de Econom\u00eda de la Naci\u00f3n, Lic. Luis Caputo.<\/p>\n<p>En este contexto, el ministro de Econom\u00eda, Finanzas y Hacienda del Gobierno de San Juan, CPN Roberto Guti\u00e9rrez expuso sobre la realidad financiera y fiscal de las provincias argentinas, as\u00ed como tambi\u00e9n la coyuntura macroecon\u00f3mica nacional.<\/p>\n<p>Respecto al acuerdo del Gobierno nacional con el Fondo Monetario Internacional (FMI), destac\u00f3 que su objetivo central es reducir el riesgo pa\u00eds, lo que permitir\u00eda a la Argentina recuperar el acceso al mercado internacional de capitales y evitar el uso de reservas para refinanciar deuda. Actualmente, el riesgo pa\u00eds se ubica en torno a los 700 puntos b\u00e1sicos.<\/p>\n<p>Se mostr\u00f3 optimista frente al futuro econ\u00f3mico, al se\u00f1alar que medidas como la salida del cepo cambiario, el super\u00e1vit fiscal proyectado del 1,6% del PBI para 2025, la capitalizaci\u00f3n del Banco Central por USD 20.000 millones y el nuevo r\u00e9gimen de bandas cambiarias, podr\u00edan reducir el riesgo pa\u00eds a un rango de entre 400 y 500 puntos b\u00e1sicos en el corto plazo.<\/p>\n<p>Sobre el valor del d\u00f3lar, subray\u00f3 que el tipo de cambio es ahora libre y determinado por la oferta y la demanda. Estim\u00f3 una posible tendencia a la banda inferior, respaldado por el super\u00e1vit fiscal y el ingreso de divisas provenientes de Vaca Muerta y la miner\u00eda.<\/p>\n<p>En relaci\u00f3n con la inflaci\u00f3n, Guti\u00e9rrez afirm\u00f3 que el traslado a precios &#8211; pass through &#8211; no ha sido significativo y que se espera una trayectoria descendente para 2025.<\/p>\n<p>Tambi\u00e9n se refiri\u00f3 al panorama fiscal de las provincias y remarc\u00f3 que, al igual que el Estado nacional, estas realizaron un fuerte ajuste del gasto p\u00fablico en 2024, aunque sin subir impuestos, algo in\u00e9dito en otros procesos de ajuste en la Argentina.<\/p>\n<p>Se\u00f1al\u00f3 que las provincias enfrentaron tres grandes ca\u00eddas de ingresos: la disminuci\u00f3n de la coparticipaci\u00f3n federal por la ca\u00edda de la actividad econ\u00f3mica; la baja en transferencias discrecionales como subsidios al transporte, el FONID y fondos de conectividad; y la frenada de la obra p\u00fablica nacional.<\/p>\n<p>En el caso de San Juan, el gobierno provincial absorbi\u00f3 con recursos propios varios de estos recortes, especialmente en educaci\u00f3n, salud, programas sociales y en obra p\u00fablica. A pesar del contexto adverso, las provincias en su conjunto lograron pasar de un d\u00e9ficit del 0,3 % del PBI en 2023 a un super\u00e1vit del 0,1 % en 2024, gracias a una gesti\u00f3n fiscal responsable y adaptada a la nueva realidad.<\/p>\n<p><strong><span style=\"color: #0000ff;\">Apuesta en la miner\u00eda<\/span><\/strong><\/p>\n<p>Durante el panel clave sobre el futuro de la miner\u00eda en Argentina, destac\u00f3 el enorme potencial de San Juan en la actividad, para convertirse en un motor generador de divisas.\u00a0Hay un PBI entero de Argentina enterrado en la Cordillera de Los Andes, al poner en valor los recursos minerales que posee la regi\u00f3n.<\/p>\n<p>La expansi\u00f3n del sector no solo impulsar\u00e1 las exportaciones, sino que tambi\u00e9n generar\u00e1 miles de empleos directos e indirectos, consolidando a la miner\u00eda como un pilar clave para el crecimiento econ\u00f3mico de San Juan.<\/p>\n<figure id=\"attachment_66197\" aria-describedby=\"caption-attachment-66197\" style=\"width: 800px\" class=\"wp-caption alignnone\"><img loading=\"lazy\" decoding=\"async\" class=\"size-full wp-image-66197\" src=\"https:\/\/vocesparalelas.com.ar\/sitio\/wp-content\/uploads\/2023\/11\/PACHON-SAN-JUAN.jpg\" alt=\"\" width=\"800\" height=\"450\" srcset=\"https:\/\/vocesparalelas.com.ar\/sitio\/wp-content\/uploads\/2023\/11\/PACHON-SAN-JUAN.jpg 800w, https:\/\/vocesparalelas.com.ar\/sitio\/wp-content\/uploads\/2023\/11\/PACHON-SAN-JUAN-300x169.jpg 300w, https:\/\/vocesparalelas.com.ar\/sitio\/wp-content\/uploads\/2023\/11\/PACHON-SAN-JUAN-768x432.jpg 768w\" sizes=\"auto, (max-width: 800px) 100vw, 800px\" \/><figcaption id=\"caption-attachment-66197\" class=\"wp-caption-text\">Minera Glencor Pach\u00f3n, Provincia de San Juan, Rep\u00fablica Argentina<\/figcaption><\/figure>\n","protected":false},"excerpt":{"rendered":"<p>El ministro de Econom\u00eda, Finanzas y Hacienda del Gobierno de San Juan, CPN Roberto Guti\u00e9rrez, particip\u00f3 como disertante en la<\/p>\n","protected":false},"author":3,"featured_media":85852,"comment_status":"closed","ping_status":"closed","sticky":false,"template":"","format":"standard","meta":{"_acf_changed":false,"_seopress_robots_primary_cat":"none","_seopress_titles_title":"","_seopress_titles_desc":"","_seopress_robots_index":"","colormag_page_container_layout":"default_layout","colormag_page_sidebar_layout":"default_layout","footnotes":""},"categories":[10],"tags":[],"class_list":["post-85849","post","type-post","status-publish","format-standard","has-post-thumbnail","hentry","category-opiniones"],"acf":[],"_links":{"self":[{"href":"https:\/\/vocesparalelas.com.ar\/sitio\/wp-json\/wp\/v2\/posts\/85849","targetHints":{"allow":["GET"]}}],"collection":[{"href":"https:\/\/vocesparalelas.com.ar\/sitio\/wp-json\/wp\/v2\/posts"}],"about":[{"href":"https:\/\/vocesparalelas.com.ar\/sitio\/wp-json\/wp\/v2\/types\/post"}],"author":[{"embeddable":true,"href":"https:\/\/vocesparalelas.com.ar\/sitio\/wp-json\/wp\/v2\/users\/3"}],"replies":[{"embeddable":true,"href":"https:\/\/vocesparalelas.com.ar\/sitio\/wp-json\/wp\/v2\/comments?post=85849"}],"version-history":[{"count":2,"href":"https:\/\/vocesparalelas.com.ar\/sitio\/wp-json\/wp\/v2\/posts\/85849\/revisions"}],"predecessor-version":[{"id":85857,"href":"https:\/\/vocesparalelas.com.ar\/sitio\/wp-json\/wp\/v2\/posts\/85849\/revisions\/85857"}],"wp:featuredmedia":[{"embeddable":true,"href":"https:\/\/vocesparalelas.com.ar\/sitio\/wp-json\/wp\/v2\/media\/85852"}],"wp:attachment":[{"href":"https:\/\/vocesparalelas.com.ar\/sitio\/wp-json\/wp\/v2\/media?parent=85849"}],"wp:term":[{"taxonomy":"category","embeddable":true,"href":"https:\/\/vocesparalelas.com.ar\/sitio\/wp-json\/wp\/v2\/categories?post=85849"},{"taxonomy":"post_tag","embeddable":true,"href":"https:\/\/vocesparalelas.com.ar\/sitio\/wp-json\/wp\/v2\/tags?post=85849"}],"curies":[{"name":"wp","href":"https:\/\/api.w.org\/{rel}","templated":true}]}}