{"id":85844,"date":"2025-05-03T20:34:55","date_gmt":"2025-05-03T23:34:55","guid":{"rendered":"https:\/\/vocesparalelas.com.ar\/sitio\/?p=85844"},"modified":"2025-05-05T22:05:21","modified_gmt":"2025-05-06T01:05:21","slug":"taller-comer-sin-gluten-vivir-sin-limites-en-el-hospital-dr-marcial-quiroga-de-san-juan","status":"publish","type":"post","link":"https:\/\/vocesparalelas.com.ar\/sitio\/taller-comer-sin-gluten-vivir-sin-limites-en-el-hospital-dr-marcial-quiroga-de-san-juan\/","title":{"rendered":"Taller \u201cComer sin Gluten, vivir sin l\u00edmites\u00bb en el Hospital Dr. Marcial Quiroga de San Juan"},"content":{"rendered":"<p>El Lunes, 05 de Mayo, desde las 8:30 hs.; en el ingreso del Hospital Dr. Marcial Quiroga se desarrolla el\u00a0Taller \u201cComer sin Gluten, vivir sin l\u00edmites\u00bb en el marco del D\u00eda Internacional de Enfermedad Celiaca se invita a la comunidad a participar para recibir asesoramiento.<\/p>\n<p><strong><span style=\"color: #ff6600;\">Temas<\/span><\/strong><\/p>\n<ul>\n<li>Ministerio de Salud, Divisi\u00f3n de Alimentos, Manipulaci\u00f3n Segura de alimentos libre de gluten a cargo de la Ing. Yesica Godoy, Lic. en Nutrici\u00f3n Silvana Mattar.<\/li>\n<li>Hospital Dr. Marcial Quiroga, Servicio de Nutrici\u00f3n, Consejer\u00eda de alimentaci\u00f3n a cargo de la Jefa de Servicio Lic. en Nutrici\u00f3n Anal\u00eda Font y equipo.<\/li>\n<li>Hospital Dr. Marcial Quiroga, Secci\u00f3n de Gastroenterolog\u00eda y Endoscopia, consejer\u00eda y asesoramiento<\/li>\n<li>Hospital Dr. Marcial Quiroga, Secci\u00f3n de Gastroenterolog\u00eda Pedi\u00e1trica consejer\u00eda y asesoramiento<\/li>\n<\/ul>\n<p><span style=\"color: #ff6600;\"><strong>Participan<\/strong><\/span><\/p>\n<ul>\n<li>Gobierno de San Juan<\/li>\n<li>Ministerio de Salud<\/li>\n<li>Servicio de Nutrici\u00f3n<\/li>\n<li>Secci\u00f3n de Gastroenterolog\u00eda y Endoscopia<\/li>\n<li>Secci\u00f3n de Gastroenterolog\u00eda Pedi\u00e1trica<\/li>\n<\/ul>\n<p><img loading=\"lazy\" decoding=\"async\" class=\"alignnone size-full wp-image-50515\" src=\"https:\/\/vocesparalelas.com.ar\/sitio\/wp-content\/uploads\/2022\/07\/HMQ-FRENTE.jpg\" alt=\"\" width=\"800\" height=\"600\" srcset=\"https:\/\/vocesparalelas.com.ar\/sitio\/wp-content\/uploads\/2022\/07\/HMQ-FRENTE.jpg 800w, https:\/\/vocesparalelas.com.ar\/sitio\/wp-content\/uploads\/2022\/07\/HMQ-FRENTE-300x225.jpg 300w, https:\/\/vocesparalelas.com.ar\/sitio\/wp-content\/uploads\/2022\/07\/HMQ-FRENTE-768x576.jpg 768w\" sizes=\"auto, (max-width: 800px) 100vw, 800px\" \/><\/p>\n","protected":false},"excerpt":{"rendered":"<p>El Lunes, 05 de Mayo, desde las 8:30 hs.; en el ingreso del Hospital Dr. Marcial Quiroga se desarrolla el\u00a0Taller<\/p>\n","protected":false},"author":3,"featured_media":28167,"comment_status":"closed","ping_status":"closed","sticky":false,"template":"","format":"standard","meta":{"_acf_changed":false,"_seopress_robots_primary_cat":"none","_seopress_titles_title":"","_seopress_titles_desc":"","_seopress_robots_index":"","colormag_page_container_layout":"default_layout","colormag_page_sidebar_layout":"default_layout","footnotes":""},"categories":[1],"tags":[],"class_list":["post-85844","post","type-post","status-publish","format-standard","has-post-thumbnail","hentry","category-destacadas"],"acf":[],"_links":{"self":[{"href":"https:\/\/vocesparalelas.com.ar\/sitio\/wp-json\/wp\/v2\/posts\/85844","targetHints":{"allow":["GET"]}}],"collection":[{"href":"https:\/\/vocesparalelas.com.ar\/sitio\/wp-json\/wp\/v2\/posts"}],"about":[{"href":"https:\/\/vocesparalelas.com.ar\/sitio\/wp-json\/wp\/v2\/types\/post"}],"author":[{"embeddable":true,"href":"https:\/\/vocesparalelas.com.ar\/sitio\/wp-json\/wp\/v2\/users\/3"}],"replies":[{"embeddable":true,"href":"https:\/\/vocesparalelas.com.ar\/sitio\/wp-json\/wp\/v2\/comments?post=85844"}],"version-history":[{"count":2,"href":"https:\/\/vocesparalelas.com.ar\/sitio\/wp-json\/wp\/v2\/posts\/85844\/revisions"}],"predecessor-version":[{"id":85848,"href":"https:\/\/vocesparalelas.com.ar\/sitio\/wp-json\/wp\/v2\/posts\/85844\/revisions\/85848"}],"wp:featuredmedia":[{"embeddable":true,"href":"https:\/\/vocesparalelas.com.ar\/sitio\/wp-json\/wp\/v2\/media\/28167"}],"wp:attachment":[{"href":"https:\/\/vocesparalelas.com.ar\/sitio\/wp-json\/wp\/v2\/media?parent=85844"}],"wp:term":[{"taxonomy":"category","embeddable":true,"href":"https:\/\/vocesparalelas.com.ar\/sitio\/wp-json\/wp\/v2\/categories?post=85844"},{"taxonomy":"post_tag","embeddable":true,"href":"https:\/\/vocesparalelas.com.ar\/sitio\/wp-json\/wp\/v2\/tags?post=85844"}],"curies":[{"name":"wp","href":"https:\/\/api.w.org\/{rel}","templated":true}]}}