{"id":85836,"date":"2025-05-04T12:42:44","date_gmt":"2025-05-04T15:42:44","guid":{"rendered":"https:\/\/vocesparalelas.com.ar\/sitio\/?p=85836"},"modified":"2025-05-08T00:21:43","modified_gmt":"2025-05-08T03:21:43","slug":"hacia-2-miradores-disenados-para-mejorar-la-experiencia-de-los-visitantes-y-fortalecer-el-turismo-en-el-dique-punta-negra-de-san-juan","status":"publish","type":"post","link":"https:\/\/vocesparalelas.com.ar\/sitio\/hacia-2-miradores-disenados-para-mejorar-la-experiencia-de-los-visitantes-y-fortalecer-el-turismo-en-el-dique-punta-negra-de-san-juan\/","title":{"rendered":"Hacia 2 miradores dise\u00f1ados para mejorar la experiencia de los visitantes y fortalecer el turismo en el Dique Punta Negra de San Juan"},"content":{"rendered":"<p>El Dique Punta Negra, uno de los principales destinos tur\u00edsticos de la provincia de San Juan, contar\u00e1 con dos nuevos miradores dise\u00f1ados para mejorar la experiencia de los visitantes y fortalecer el turismo.\u00a0 Se trata de los miradores N\u00ba 1 y N\u00ba 2, que estar\u00e1n ubicados sobre la Ruta Provincial N\u00ba 12, departamento Zonda.<\/p>\n<p>Cada uno de estos espacios estar\u00e1 conformado por una plataforma elevada que permitir\u00e1 una vista panor\u00e1mica del paisaje. El Mirador N\u00ba 1 tendr\u00e1 una superficie de intervenci\u00f3n de 1.098,68 m\u00b2, mientras que el Mirador N\u00ba 2 abarcar\u00e1 1.025,73 m\u00b2.<\/p>\n<p>Ambos. ser\u00e1n equipados con sombrillas met\u00e1licas tipo parasol, mesas y bancos de hormig\u00f3n, con el objetivo de brindar un entorno c\u00f3modo y funcional para el descanso y disfrute de quienes recorran la zona.<\/p>\n<p><img loading=\"lazy\" decoding=\"async\" class=\"alignnone size-full wp-image-86008\" src=\"https:\/\/vocesparalelas.com.ar\/sitio\/wp-content\/uploads\/2025\/05\/PUNTA-NEGRA-MIRADORES.jpg\" alt=\"\" width=\"800\" height=\"450\" srcset=\"https:\/\/vocesparalelas.com.ar\/sitio\/wp-content\/uploads\/2025\/05\/PUNTA-NEGRA-MIRADORES.jpg 800w, https:\/\/vocesparalelas.com.ar\/sitio\/wp-content\/uploads\/2025\/05\/PUNTA-NEGRA-MIRADORES-300x169.jpg 300w, https:\/\/vocesparalelas.com.ar\/sitio\/wp-content\/uploads\/2025\/05\/PUNTA-NEGRA-MIRADORES-768x432.jpg 768w\" sizes=\"auto, (max-width: 800px) 100vw, 800px\" \/><\/p>\n<p>Tambi\u00e9n, se proyecta la instalaci\u00f3n de un recorrido peatonal con barandas de seguridad, estaciones solares para carga de celulares e infladores solares, fomentando el uso de energ\u00edas limpias. Las obras prev\u00e9n, adem\u00e1s, estacionamiento pavimentado para autos y motos, bicicleteros y se\u00f1al\u00e9tica para ordenar el tr\u00e1nsito vehicular y peatonal.<\/p>\n<p>La apertura de sobres con las ofertas presentadas por las empresas interesadas se realizar\u00e1 el Mi\u00e9rcoles, 7 de Mayo de 2025 en el Ministerio de Econom\u00eda, Finanza y Hacienda del Gobierno de San Juan.<\/p>\n<p><img loading=\"lazy\" decoding=\"async\" class=\"alignnone size-large wp-image-42613\" src=\"https:\/\/vocesparalelas.com.ar\/sitio\/wp-content\/uploads\/2021\/10\/PUNTA-NEGRA-1-800x600.jpg\" alt=\"\" width=\"800\" height=\"600\" srcset=\"https:\/\/vocesparalelas.com.ar\/sitio\/wp-content\/uploads\/2021\/10\/PUNTA-NEGRA-1-800x600.jpg 800w, https:\/\/vocesparalelas.com.ar\/sitio\/wp-content\/uploads\/2021\/10\/PUNTA-NEGRA-1-300x225.jpg 300w, https:\/\/vocesparalelas.com.ar\/sitio\/wp-content\/uploads\/2021\/10\/PUNTA-NEGRA-1-768x576.jpg 768w, https:\/\/vocesparalelas.com.ar\/sitio\/wp-content\/uploads\/2021\/10\/PUNTA-NEGRA-1.jpg 1024w\" sizes=\"auto, (max-width: 800px) 100vw, 800px\" \/><\/p>\n<p>Los nuevos miradores se integrar\u00e1n a un circuito de infraestructura tur\u00edstica planificada en torno al embalse. Estas obras se suman a la del Mirador N\u00ba 5, cuya construcci\u00f3n comenz\u00f3 en abril, consolidando una propuesta tur\u00edstica moderna, accesible y sustentable.<\/p>\n<p>La licitaci\u00f3n de estos miradores forma parte de un proyecto integral: un master plan cuyo objetivo es transformar el Dique Punta Negra en un espacio m\u00e1s seguro, confortable y sostenible, potenciando su atractivo como destino tur\u00edstico y espacio de recreaci\u00f3n.<\/p>\n<p><img loading=\"lazy\" decoding=\"async\" class=\"alignnone size-full wp-image-68725\" src=\"https:\/\/vocesparalelas.com.ar\/sitio\/wp-content\/uploads\/2024\/01\/PUNTA-NEGRA-BANO.jpg\" alt=\"\" width=\"800\" height=\"484\" srcset=\"https:\/\/vocesparalelas.com.ar\/sitio\/wp-content\/uploads\/2024\/01\/PUNTA-NEGRA-BANO.jpg 800w, https:\/\/vocesparalelas.com.ar\/sitio\/wp-content\/uploads\/2024\/01\/PUNTA-NEGRA-BANO-300x182.jpg 300w, https:\/\/vocesparalelas.com.ar\/sitio\/wp-content\/uploads\/2024\/01\/PUNTA-NEGRA-BANO-768x465.jpg 768w\" sizes=\"auto, (max-width: 800px) 100vw, 800px\" \/><\/p>\n","protected":false},"excerpt":{"rendered":"<p>El Dique Punta Negra, uno de los principales destinos tur\u00edsticos de la provincia de San Juan, contar\u00e1 con dos nuevos<\/p>\n","protected":false},"author":3,"featured_media":56116,"comment_status":"closed","ping_status":"closed","sticky":false,"template":"","format":"standard","meta":{"_acf_changed":false,"_seopress_robots_primary_cat":"none","_seopress_titles_title":"","_seopress_titles_desc":"","_seopress_robots_index":"","colormag_page_container_layout":"default_layout","colormag_page_sidebar_layout":"default_layout","footnotes":""},"categories":[2],"tags":[],"class_list":["post-85836","post","type-post","status-publish","format-standard","has-post-thumbnail","hentry","category-convocatorias"],"acf":[],"_links":{"self":[{"href":"https:\/\/vocesparalelas.com.ar\/sitio\/wp-json\/wp\/v2\/posts\/85836","targetHints":{"allow":["GET"]}}],"collection":[{"href":"https:\/\/vocesparalelas.com.ar\/sitio\/wp-json\/wp\/v2\/posts"}],"about":[{"href":"https:\/\/vocesparalelas.com.ar\/sitio\/wp-json\/wp\/v2\/types\/post"}],"author":[{"embeddable":true,"href":"https:\/\/vocesparalelas.com.ar\/sitio\/wp-json\/wp\/v2\/users\/3"}],"replies":[{"embeddable":true,"href":"https:\/\/vocesparalelas.com.ar\/sitio\/wp-json\/wp\/v2\/comments?post=85836"}],"version-history":[{"count":2,"href":"https:\/\/vocesparalelas.com.ar\/sitio\/wp-json\/wp\/v2\/posts\/85836\/revisions"}],"predecessor-version":[{"id":86009,"href":"https:\/\/vocesparalelas.com.ar\/sitio\/wp-json\/wp\/v2\/posts\/85836\/revisions\/86009"}],"wp:featuredmedia":[{"embeddable":true,"href":"https:\/\/vocesparalelas.com.ar\/sitio\/wp-json\/wp\/v2\/media\/56116"}],"wp:attachment":[{"href":"https:\/\/vocesparalelas.com.ar\/sitio\/wp-json\/wp\/v2\/media?parent=85836"}],"wp:term":[{"taxonomy":"category","embeddable":true,"href":"https:\/\/vocesparalelas.com.ar\/sitio\/wp-json\/wp\/v2\/categories?post=85836"},{"taxonomy":"post_tag","embeddable":true,"href":"https:\/\/vocesparalelas.com.ar\/sitio\/wp-json\/wp\/v2\/tags?post=85836"}],"curies":[{"name":"wp","href":"https:\/\/api.w.org\/{rel}","templated":true}]}}