{"id":85829,"date":"2025-05-05T18:32:18","date_gmt":"2025-05-05T21:32:18","guid":{"rendered":"https:\/\/vocesparalelas.com.ar\/sitio\/?p=85829"},"modified":"2025-05-06T19:54:31","modified_gmt":"2025-05-06T22:54:31","slug":"vii-encuentro-regional-de-estudiantes-de-ingenieria-en-la-fi-de-la-unsj","status":"publish","type":"post","link":"https:\/\/vocesparalelas.com.ar\/sitio\/vii-encuentro-regional-de-estudiantes-de-ingenieria-en-la-fi-de-la-unsj\/","title":{"rendered":"VII Encuentro Regional de Estudiantes de Ingenier\u00eda en la FI de la UNSJ"},"content":{"rendered":"<p>La Facultad de Ingenier\u00eda\u00a0 de la Universidad Nacional de San Juan junto a la Agrupaci\u00f3n Estudiantil \u00abHacer por Todos\u00bb organizan el VII Encuentro Regional de Estudiantes de Ingenier\u00eda &#8211; EREI &#8211; y se desarrolla el Martes, 06 y Mi\u00e9rcoles, 7 de Mayo, en el Instituto de Energ\u00eda El\u00e9ctrica, de la Unidad Acad\u00e9mica.<\/p>\n<p><span style=\"color: #808000;\"><strong>Cronograma<\/strong><\/span><\/p>\n<p><span style=\"color: #808000;\"><strong>Martes 06 de Mayo \u00abInnovaci\u00f3n y Sostenibilidad en Ingenier\u00eda\u00bb<\/strong><\/span><\/p>\n<ul>\n<li>08:30 &#8211; 09:30 hs.; Registro de Participantes<\/li>\n<li>09:30 &#8211; 10:00 hs.; Acto de apertura Palabras de bienvenida y objetivos del evento.<\/li>\n<li>10:00 &#8211; 11:00 hs.; Charla Magistral 1: Miner\u00eda y Sostenibilidad<\/li>\n<li>11:00 &#8211; 11:30 hs.; Coffee break<\/li>\n<li>11:30 &#8211; 12:30 hs.; Charla Magistral 2: Industria y Calidad<\/li>\n<li>12:30 \u2013 13:00 hs.; Charla Consejo de Ingenieros Especialistas<\/li>\n<li>13:00 &#8211; 15:30 hs.; Almuerzo<\/li>\n<li>15:30 &#8211; 16:30 hs.; Charla Magistral 3: RRHH e Inteligencia Artificial<\/li>\n<li>16:30 &#8211; 17:00 hs.; Coffee break<\/li>\n<li>17:00 &#8211; 18:00 hs.; Charla Magistral 4: Inteligencia Emocional y Liderazgo<\/li>\n<\/ul>\n<p><span style=\"color: #808000;\"><strong>Mi\u00e9rcoles 07 de Mayo \u00abFuturo de la Ingenier\u00eda y Contribuci\u00f3n Global\u00bb<\/strong><\/span><\/p>\n<ul>\n<li>09:00 &#8211; 10:00 hs.; Charla Magistral 5: Qu\u00edmica Verde<\/li>\n<li>10:00 &#8211; 10:30 hs.; Coffee break<\/li>\n<li>10:30 &#8211; 11:30 hs.; Charla Magistral 6: Investigaci\u00f3n y Patentes<\/li>\n<li>11:30 &#8211; 12:00 hs.; Clausura y Despedida<\/li>\n<\/ul>\n<p><img loading=\"lazy\" decoding=\"async\" class=\"alignnone size-large wp-image-19821\" src=\"https:\/\/vocesparalelas.com.ar\/sitio\/wp-content\/uploads\/2019\/03\/FI-ALUMNOS-INGRESANTES-800x600.jpg\" alt=\"\" width=\"800\" height=\"600\" srcset=\"https:\/\/vocesparalelas.com.ar\/sitio\/wp-content\/uploads\/2019\/03\/FI-ALUMNOS-INGRESANTES-800x600.jpg 800w, https:\/\/vocesparalelas.com.ar\/sitio\/wp-content\/uploads\/2019\/03\/FI-ALUMNOS-INGRESANTES-300x225.jpg 300w, https:\/\/vocesparalelas.com.ar\/sitio\/wp-content\/uploads\/2019\/03\/FI-ALUMNOS-INGRESANTES-768x576.jpg 768w, https:\/\/vocesparalelas.com.ar\/sitio\/wp-content\/uploads\/2019\/03\/FI-ALUMNOS-INGRESANTES.jpg 1000w\" sizes=\"auto, (max-width: 800px) 100vw, 800px\" \/><\/p>\n","protected":false},"excerpt":{"rendered":"<p>La Facultad de Ingenier\u00eda\u00a0 de la Universidad Nacional de San Juan junto a la Agrupaci\u00f3n Estudiantil \u00abHacer por Todos\u00bb organizan<\/p>\n","protected":false},"author":3,"featured_media":60280,"comment_status":"closed","ping_status":"closed","sticky":false,"template":"","format":"standard","meta":{"_acf_changed":false,"_seopress_robots_primary_cat":"none","_seopress_titles_title":"","_seopress_titles_desc":"","_seopress_robots_index":"","colormag_page_container_layout":"default_layout","colormag_page_sidebar_layout":"default_layout","footnotes":""},"categories":[9],"tags":[],"class_list":["post-85829","post","type-post","status-publish","format-standard","has-post-thumbnail","hentry","category-cursos"],"acf":[],"_links":{"self":[{"href":"https:\/\/vocesparalelas.com.ar\/sitio\/wp-json\/wp\/v2\/posts\/85829","targetHints":{"allow":["GET"]}}],"collection":[{"href":"https:\/\/vocesparalelas.com.ar\/sitio\/wp-json\/wp\/v2\/posts"}],"about":[{"href":"https:\/\/vocesparalelas.com.ar\/sitio\/wp-json\/wp\/v2\/types\/post"}],"author":[{"embeddable":true,"href":"https:\/\/vocesparalelas.com.ar\/sitio\/wp-json\/wp\/v2\/users\/3"}],"replies":[{"embeddable":true,"href":"https:\/\/vocesparalelas.com.ar\/sitio\/wp-json\/wp\/v2\/comments?post=85829"}],"version-history":[{"count":3,"href":"https:\/\/vocesparalelas.com.ar\/sitio\/wp-json\/wp\/v2\/posts\/85829\/revisions"}],"predecessor-version":[{"id":85834,"href":"https:\/\/vocesparalelas.com.ar\/sitio\/wp-json\/wp\/v2\/posts\/85829\/revisions\/85834"}],"wp:featuredmedia":[{"embeddable":true,"href":"https:\/\/vocesparalelas.com.ar\/sitio\/wp-json\/wp\/v2\/media\/60280"}],"wp:attachment":[{"href":"https:\/\/vocesparalelas.com.ar\/sitio\/wp-json\/wp\/v2\/media?parent=85829"}],"wp:term":[{"taxonomy":"category","embeddable":true,"href":"https:\/\/vocesparalelas.com.ar\/sitio\/wp-json\/wp\/v2\/categories?post=85829"},{"taxonomy":"post_tag","embeddable":true,"href":"https:\/\/vocesparalelas.com.ar\/sitio\/wp-json\/wp\/v2\/tags?post=85829"}],"curies":[{"name":"wp","href":"https:\/\/api.w.org\/{rel}","templated":true}]}}