{"id":85825,"date":"2025-05-03T21:10:39","date_gmt":"2025-05-04T00:10:39","guid":{"rendered":"https:\/\/vocesparalelas.com.ar\/sitio\/?p=85825"},"modified":"2025-05-05T20:29:28","modified_gmt":"2025-05-05T23:29:28","slug":"domingo-del-compartir-2025-la-esperanza-se-comparte","status":"publish","type":"post","link":"https:\/\/vocesparalelas.com.ar\/sitio\/domingo-del-compartir-2025-la-esperanza-se-comparte\/","title":{"rendered":"Domingo del Compartir 2025 \u00a1La esperanza se comparte!"},"content":{"rendered":"<p>Por el Arzobispo de San Juan de Cuyo, Monse\u00f1or Jorge Lozano<\/p>\n<p>Este pr\u00f3ximo domingo, todas las comunidades de la Iglesia en la Argentina nos unimos en una jornada muy especial: el Domingo del Compartir. Bajo el lema \u00abLa esperanza se comparte\u00bb, nos preparamos para vivir un d\u00eda de profunda comuni\u00f3n, generosidad y compromiso con la misi\u00f3n evangelizadora de nuestra Iglesia.<\/p>\n<p>La misi\u00f3n no se sostiene sola. Cada gesto de solidaridad, cada peque\u00f1o aporte, es un acto de fe que alimenta la vida de nuestras parroquias, capillas, comunidades rurales, barrios populares, casas de formaci\u00f3n, y tantos otros espacios donde el Evangelio se anuncia y se hace vida.<\/p>\n<p>La tarea misionera de la Iglesia es inmensa: acompa\u00f1ar a los que sufren, visitar a los enfermos, catequesis para los ni\u00f1os y j\u00f3venes, asistir a los pobres, anunciar a Jesucristo a quienes a\u00fan no lo conocen. Para que todo esto sea posible, necesitamos no s\u00f3lo orar y ofrecer nuestro tiempo, sino tambi\u00e9n comprometernos a sostener econ\u00f3micamente esta obra de amor. Realizar celebraciones en comunidades distantes implica gastos de combustible, energ\u00eda el\u00e9ctrica en los Templos y salones, elementos de limpieza\u2026<\/p>\n<p>Tal vez puedas pensar que tu aporte es peque\u00f1o frente a tantas necesidades. Pero cuando los peque\u00f1os gestos se multiplican en el coraz\u00f3n de la comunidad, se vuelven grandes. Sumate. Una peque\u00f1a semilla, sembrada con amor, puede dar frutos inmensos.<\/p>\n<p>Al compartir lo que tenemos \u2014lo mucho o lo poco\u2014 estamos diciendo: \u00abAqu\u00ed estoy, Se\u00f1or, quiero ser parte de tu misi\u00f3n\u00bb.<\/p>\n<p>El Domingo del Compartir es tambi\u00e9n una oportunidad para renovar nuestra conciencia de pertenencia a la Iglesia. No caminamos solos. Como nos insist\u00eda el Papa Francisco \u201cestamos todos en la misma barca, nadie se salva solo\u201d. Somos parte de una familia m\u00e1s grande que abraza a todos: desde las grandes ciudades hasta los rincones m\u00e1s alejados del pa\u00eds.<\/p>\n<p>Con lo que ofrecemos, no solo sostenemos las actividades de nuestra propia parroquia o capilla. Estamos ayudando tambi\u00e9n a aquellos lugares donde la comunidad es peque\u00f1a, donde los recursos escasean, donde la misi\u00f3n es dif\u00edcil y hermosa a la vez. Compartir nos hace sentir verdaderamente hermanos.<\/p>\n<p>Nuestro mundo tiene hambre de esperanza. Muchos viven atrapados en el desaliento, la soledad o la indiferencia. Pero la esperanza cristiana, esa que se alimenta de la fe, se vuelve luz en medio de las oscuridades. Y <strong>la esperanza se comparte<\/strong>: se comparte en un abrazo, en una palabra, en un gesto&#8230; y tambi\u00e9n en una colaboraci\u00f3n concreta que permite que la alegr\u00eda del Evangelio llegue cada vez m\u00e1s lejos.<\/p>\n<p>Hoy m\u00e1s que nunca, la Iglesia necesita de nosotros. De vos y de m\u00ed. No como obligaci\u00f3n, sino como una invitaci\u00f3n a la alegr\u00eda de dar, como nos ense\u00f1a San Pablo: <em>\u00abDios ama al que da con alegr\u00eda\u00bb (2 Corintios 9,7)<\/em>.<\/p>\n<p>Gracias por cada gesto, por cada colaboraci\u00f3n, por cada oraci\u00f3n. Gracias por confiar en que, juntos, podemos sostener y hacer crecer la misi\u00f3n de Jes\u00fas entre nosotros. Este domingo, te pod\u00e9s realizar tu aporte por medio del Programa FE. Este programa es una propuesta de la Conferencia Episcopal, para la generaci\u00f3n de recursos para todas las di\u00f3cesis de la Argentina. Tambi\u00e9n es un medio para visibilizar la labor que realiza la iglesia en nuestro pa\u00eds. Desde la p\u00e1gina web www.programafe.org, podr\u00e1s gestionar tu donaci\u00f3n a la instituci\u00f3n con la que te sientas parte. Tu colaboraci\u00f3n puede ser realizada a una parroquia en particular o hasta un seminario.<\/p>\n<p>Sumate a compartir con generosidad, sabiendo que el Se\u00f1or multiplica todo lo que se entrega con amor. La esperanza se comparte&#8230; \u00a1y juntos la hacemos crecer!<\/p>\n<p>El pr\u00f3ximo mi\u00e9rcoles comienza el C\u00f3nclave en el cual los Cardenales van a elegir al pr\u00f3ximo Papa, sucesor del Ap\u00f3stol San Pedro. Acompa\u00f1emos con la oraci\u00f3n confiada que nos pidieron ellos mismos, los cardenales, quienes conf\u00edan en que el Esp\u00edritu Santo har\u00e1 su obra en ellos, que \u201cperciben la necesidad de ser sostenidos por la oraci\u00f3n de todos los fieles, (\u2026) verdadera fuerza que en la Iglesia favorece la unidad de todos los miembros en el \u00fanico Cuerpo de Cristo. Ante la grandeza de la tarea inminente y las urgencias de los tiempos actuales, es necesario ante todo hacerse humildes instrumentos de la Sabidur\u00eda y de la Providencia infinitas del Padre celestial, en docilidad a la acci\u00f3n del Esp\u00edritu Santo. En efecto, \u00c9l es el protagonista de la vida del Pueblo de Dios, a quien debemos escuchar, acogiendo lo que dice a la Iglesia\u201d.<\/p>\n<p>A partir del lunes los obispos argentinos estaremos reunidos en asamblea plenaria de la conferencia episcopal en la ciudad bonaerense de Pilar.<\/p>\n<p>&nbsp;<\/p>\n<p><iframe loading=\"lazy\" title=\"SAN JUAN MONSE\u00d1OR JORGE LOZANO\" width=\"800\" height=\"450\" src=\"https:\/\/www.youtube.com\/embed\/WXSnCofDsd0?feature=oembed\" frameborder=\"0\" allow=\"accelerometer; autoplay; clipboard-write; encrypted-media; gyroscope; picture-in-picture; web-share\" referrerpolicy=\"strict-origin-when-cross-origin\" allowfullscreen><\/iframe><\/p>\n<p>&nbsp;<\/p>\n<p><img loading=\"lazy\" decoding=\"async\" class=\"alignnone size-full wp-image-61416\" src=\"https:\/\/vocesparalelas.com.ar\/sitio\/wp-content\/uploads\/2023\/07\/ARZOBISPADO-EDIFICIO.jpg\" alt=\"\" width=\"800\" height=\"600\" srcset=\"https:\/\/vocesparalelas.com.ar\/sitio\/wp-content\/uploads\/2023\/07\/ARZOBISPADO-EDIFICIO.jpg 800w, https:\/\/vocesparalelas.com.ar\/sitio\/wp-content\/uploads\/2023\/07\/ARZOBISPADO-EDIFICIO-300x225.jpg 300w, https:\/\/vocesparalelas.com.ar\/sitio\/wp-content\/uploads\/2023\/07\/ARZOBISPADO-EDIFICIO-768x576.jpg 768w\" sizes=\"auto, (max-width: 800px) 100vw, 800px\" \/><\/p>\n","protected":false},"excerpt":{"rendered":"<p>Por el Arzobispo de San Juan de Cuyo, Monse\u00f1or Jorge Lozano Este pr\u00f3ximo domingo, todas las comunidades de la Iglesia<\/p>\n","protected":false},"author":3,"featured_media":81112,"comment_status":"closed","ping_status":"closed","sticky":false,"template":"","format":"standard","meta":{"_acf_changed":false,"_seopress_robots_primary_cat":"none","_seopress_titles_title":"","_seopress_titles_desc":"","_seopress_robots_index":"","colormag_page_container_layout":"default_layout","colormag_page_sidebar_layout":"default_layout","footnotes":""},"categories":[10,7],"tags":[],"class_list":["post-85825","post","type-post","status-publish","format-standard","has-post-thumbnail","hentry","category-opiniones","category-videos"],"acf":[],"_links":{"self":[{"href":"https:\/\/vocesparalelas.com.ar\/sitio\/wp-json\/wp\/v2\/posts\/85825","targetHints":{"allow":["GET"]}}],"collection":[{"href":"https:\/\/vocesparalelas.com.ar\/sitio\/wp-json\/wp\/v2\/posts"}],"about":[{"href":"https:\/\/vocesparalelas.com.ar\/sitio\/wp-json\/wp\/v2\/types\/post"}],"author":[{"embeddable":true,"href":"https:\/\/vocesparalelas.com.ar\/sitio\/wp-json\/wp\/v2\/users\/3"}],"replies":[{"embeddable":true,"href":"https:\/\/vocesparalelas.com.ar\/sitio\/wp-json\/wp\/v2\/comments?post=85825"}],"version-history":[{"count":1,"href":"https:\/\/vocesparalelas.com.ar\/sitio\/wp-json\/wp\/v2\/posts\/85825\/revisions"}],"predecessor-version":[{"id":85828,"href":"https:\/\/vocesparalelas.com.ar\/sitio\/wp-json\/wp\/v2\/posts\/85825\/revisions\/85828"}],"wp:featuredmedia":[{"embeddable":true,"href":"https:\/\/vocesparalelas.com.ar\/sitio\/wp-json\/wp\/v2\/media\/81112"}],"wp:attachment":[{"href":"https:\/\/vocesparalelas.com.ar\/sitio\/wp-json\/wp\/v2\/media?parent=85825"}],"wp:term":[{"taxonomy":"category","embeddable":true,"href":"https:\/\/vocesparalelas.com.ar\/sitio\/wp-json\/wp\/v2\/categories?post=85825"},{"taxonomy":"post_tag","embeddable":true,"href":"https:\/\/vocesparalelas.com.ar\/sitio\/wp-json\/wp\/v2\/tags?post=85825"}],"curies":[{"name":"wp","href":"https:\/\/api.w.org\/{rel}","templated":true}]}}