{"id":85776,"date":"2025-05-02T19:17:27","date_gmt":"2025-05-02T22:17:27","guid":{"rendered":"https:\/\/vocesparalelas.com.ar\/sitio\/?p=85776"},"modified":"2025-05-03T14:41:15","modified_gmt":"2025-05-03T17:41:15","slug":"obra-de-teatro-velorios-llega-al-teatro-del-bicentenario-de-san-juan","status":"publish","type":"post","link":"https:\/\/vocesparalelas.com.ar\/sitio\/obra-de-teatro-velorios-llega-al-teatro-del-bicentenario-de-san-juan\/","title":{"rendered":"Obra de Teatro Velorios llega al Teatro del Bicentenario de San Juan"},"content":{"rendered":"<p>La Obra de Teatro \u201cVelorios\u201d es una propuesta para re\u00edr, emocionarse y dejarse sorprender, se presenta el Viernes, 9 de Mayo,\u00a0en la\u00a0Sala Audit\u00f3rium del Teatro del Bicentenario, bajo la direcci\u00f3n de Liliana Guti\u00e9rrez y cuenta con la producci\u00f3n de Stars.<\/p>\n<p>La historia comienza con cinco ex compa\u00f1eras del secundario que se encuentran inesperadamente en el velorio de una vieja amiga. Lo que parece una coincidencia, pronto se transforma en una serie de encuentros inquietantes y cada vez con una menos. Entre risas, secretos del pasado, viejas rencillas y una apuesta inesperada,\u00a0\u201cVelorios\u201d combina humor negro, iron\u00eda y emoci\u00f3n\u00a0en una historia que sorprende hasta el final. \u00bfQui\u00e9n ser\u00e1 la pr\u00f3xima?.<\/p>\n<p>Con un elenco afilado, Patricia Nappa, Ethel de Filippi, Cecilia Berenguer, Sandra Gonz\u00e1lez y Elsa Acosta protagonizar\u00e1n di\u00e1logos cargados de picard\u00eda y una puesta en escena din\u00e1mica. De esta manera, \u201cVelorios\u201d invita al p\u00fablico a transitar la delgada l\u00ednea entre la risa y la reflexi\u00f3n.<\/p>\n<p><span style=\"color: #ff6600;\"><strong>Entradas<\/strong><\/span><\/p>\n<p>General de $7000 se encuentra disponible en Boleter\u00eda del Teatro del Bicentenario de Lunes a Viernes, de 9:30 a 14 hs., de 16 a 20 hs., y los S\u00e1bados, de 9:30 a 14 hs.<\/p>\n<p>Tambi\u00e9n pueden adquirirse en\u00a0TuEntrada.com<\/p>\n<p><a href=\"https:\/\/www.tuentrada.com\/eventos\/G57QU7hAU3Y6O4fV+6uopWUO9anmWFmo5a6u2Pa3XS-ekNcjXeebmG5fLhihQ+tRVp+Wkhn7qS4YRNKmS1wikA==\">https:\/\/www.tuentrada.com\/eventos\/G57QU7hAU3Y6O4fV+6uopWUO9anmWFmo5a6u2Pa3XS-ekNcjXeebmG5fLhihQ+tRVp+Wkhn7qS4YRNKmS1wikA==<\/a><\/p>\n<p>&nbsp;<\/p>\n<figure id=\"attachment_59510\" aria-describedby=\"caption-attachment-59510\" style=\"width: 800px\" class=\"wp-caption alignnone\"><img loading=\"lazy\" decoding=\"async\" class=\"size-full wp-image-59510\" src=\"https:\/\/vocesparalelas.com.ar\/sitio\/wp-content\/uploads\/2023\/05\/TB-PATRIO.jpg\" alt=\"\" width=\"800\" height=\"534\" srcset=\"https:\/\/vocesparalelas.com.ar\/sitio\/wp-content\/uploads\/2023\/05\/TB-PATRIO.jpg 800w, https:\/\/vocesparalelas.com.ar\/sitio\/wp-content\/uploads\/2023\/05\/TB-PATRIO-300x200.jpg 300w, https:\/\/vocesparalelas.com.ar\/sitio\/wp-content\/uploads\/2023\/05\/TB-PATRIO-768x513.jpg 768w\" sizes=\"auto, (max-width: 800px) 100vw, 800px\" \/><figcaption id=\"caption-attachment-59510\" class=\"wp-caption-text\">Teatro Bicentenario en la Provincia de San Juan, Rep\u00fablica Argentina<\/figcaption><\/figure>\n","protected":false},"excerpt":{"rendered":"<p>La Obra de Teatro \u201cVelorios\u201d es una propuesta para re\u00edr, emocionarse y dejarse sorprender, se presenta el Viernes, 9 de<\/p>\n","protected":false},"author":3,"featured_media":85779,"comment_status":"closed","ping_status":"closed","sticky":false,"template":"","format":"standard","meta":{"_acf_changed":false,"_seopress_robots_primary_cat":"none","_seopress_titles_title":"","_seopress_titles_desc":"","_seopress_robots_index":"","colormag_page_container_layout":"default_layout","colormag_page_sidebar_layout":"default_layout","footnotes":""},"categories":[20],"tags":[],"class_list":["post-85776","post","type-post","status-publish","format-standard","has-post-thumbnail","hentry","category-cartelera"],"acf":[],"_links":{"self":[{"href":"https:\/\/vocesparalelas.com.ar\/sitio\/wp-json\/wp\/v2\/posts\/85776","targetHints":{"allow":["GET"]}}],"collection":[{"href":"https:\/\/vocesparalelas.com.ar\/sitio\/wp-json\/wp\/v2\/posts"}],"about":[{"href":"https:\/\/vocesparalelas.com.ar\/sitio\/wp-json\/wp\/v2\/types\/post"}],"author":[{"embeddable":true,"href":"https:\/\/vocesparalelas.com.ar\/sitio\/wp-json\/wp\/v2\/users\/3"}],"replies":[{"embeddable":true,"href":"https:\/\/vocesparalelas.com.ar\/sitio\/wp-json\/wp\/v2\/comments?post=85776"}],"version-history":[{"count":1,"href":"https:\/\/vocesparalelas.com.ar\/sitio\/wp-json\/wp\/v2\/posts\/85776\/revisions"}],"predecessor-version":[{"id":85780,"href":"https:\/\/vocesparalelas.com.ar\/sitio\/wp-json\/wp\/v2\/posts\/85776\/revisions\/85780"}],"wp:featuredmedia":[{"embeddable":true,"href":"https:\/\/vocesparalelas.com.ar\/sitio\/wp-json\/wp\/v2\/media\/85779"}],"wp:attachment":[{"href":"https:\/\/vocesparalelas.com.ar\/sitio\/wp-json\/wp\/v2\/media?parent=85776"}],"wp:term":[{"taxonomy":"category","embeddable":true,"href":"https:\/\/vocesparalelas.com.ar\/sitio\/wp-json\/wp\/v2\/categories?post=85776"},{"taxonomy":"post_tag","embeddable":true,"href":"https:\/\/vocesparalelas.com.ar\/sitio\/wp-json\/wp\/v2\/tags?post=85776"}],"curies":[{"name":"wp","href":"https:\/\/api.w.org\/{rel}","templated":true}]}}