{"id":85742,"date":"2025-04-30T22:54:20","date_gmt":"2025-05-01T01:54:20","guid":{"rendered":"https:\/\/vocesparalelas.com.ar\/sitio\/?p=85742"},"modified":"2025-04-30T23:11:47","modified_gmt":"2025-05-01T02:11:47","slug":"el-jueves-01-de-mayo-no-hay-servicio-transporte-publico-de-la-redtulum-en-san-juan-por-ser-el-dia-del-trabajador","status":"publish","type":"post","link":"https:\/\/vocesparalelas.com.ar\/sitio\/el-jueves-01-de-mayo-no-hay-servicio-transporte-publico-de-la-redtulum-en-san-juan-por-ser-el-dia-del-trabajador\/","title":{"rendered":"El Jueves, 01 de Mayo no hay servicio transporte p\u00fablico de la RedTulum en San Juan por ser el D\u00eda del Trabajador"},"content":{"rendered":"<p>El Ministerio de Gobierno de San Juan, a trav\u00e9s de su Direcci\u00f3n de Coordinaci\u00f3n de RedTulum, dio a conocer que no habr\u00e1 servicio de transporte p\u00fablico en la jornada del 1 de Mayo, por tratarse de la fecha conmemorativa internacional del D\u00eda del Trabajador.<\/p>\n<p>Esto significa que, el Jueves, 1 de Mayo no se presta el servicio de colectivos, en tanto que durante el Viernes, 2 de Mayo y el S\u00e1bado, 3 de mayo el transporte funciona con los horarios habituales correspondientes a d\u00eda S\u00e1bado.<\/p>\n<p>Ante cualquier eventualidad, se les recuerda a los usuarios del servicio revisar con anticipaci\u00f3n los horarios y frecuencias de sus l\u00edneas de colectivo a trav\u00e9s de la aplicaci\u00f3n RedTulum.<\/p>\n<p><strong><span style=\"color: #ff6600;\">Aporte de Voces Paralelas<\/span><\/strong><\/p>\n<p>Feliz d\u00eda a los que apuestan con el trabajo a San Juan.<\/p>\n<p><img loading=\"lazy\" decoding=\"async\" class=\"alignnone size-full wp-image-69800\" src=\"https:\/\/vocesparalelas.com.ar\/sitio\/wp-content\/uploads\/2024\/02\/REDTULUM-ESTACION-02.jpg\" alt=\"\" width=\"800\" height=\"600\" srcset=\"https:\/\/vocesparalelas.com.ar\/sitio\/wp-content\/uploads\/2024\/02\/REDTULUM-ESTACION-02.jpg 800w, https:\/\/vocesparalelas.com.ar\/sitio\/wp-content\/uploads\/2024\/02\/REDTULUM-ESTACION-02-300x225.jpg 300w, https:\/\/vocesparalelas.com.ar\/sitio\/wp-content\/uploads\/2024\/02\/REDTULUM-ESTACION-02-768x576.jpg 768w\" sizes=\"auto, (max-width: 800px) 100vw, 800px\" \/><\/p>\n","protected":false},"excerpt":{"rendered":"<p>El Ministerio de Gobierno de San Juan, a trav\u00e9s de su Direcci\u00f3n de Coordinaci\u00f3n de RedTulum, dio a conocer que<\/p>\n","protected":false},"author":3,"featured_media":74417,"comment_status":"closed","ping_status":"closed","sticky":false,"template":"","format":"standard","meta":{"_acf_changed":false,"_seopress_robots_primary_cat":"none","_seopress_titles_title":"","_seopress_titles_desc":"","_seopress_robots_index":"","colormag_page_container_layout":"default_layout","colormag_page_sidebar_layout":"default_layout","footnotes":""},"categories":[1],"tags":[],"class_list":["post-85742","post","type-post","status-publish","format-standard","has-post-thumbnail","hentry","category-destacadas"],"acf":[],"_links":{"self":[{"href":"https:\/\/vocesparalelas.com.ar\/sitio\/wp-json\/wp\/v2\/posts\/85742","targetHints":{"allow":["GET"]}}],"collection":[{"href":"https:\/\/vocesparalelas.com.ar\/sitio\/wp-json\/wp\/v2\/posts"}],"about":[{"href":"https:\/\/vocesparalelas.com.ar\/sitio\/wp-json\/wp\/v2\/types\/post"}],"author":[{"embeddable":true,"href":"https:\/\/vocesparalelas.com.ar\/sitio\/wp-json\/wp\/v2\/users\/3"}],"replies":[{"embeddable":true,"href":"https:\/\/vocesparalelas.com.ar\/sitio\/wp-json\/wp\/v2\/comments?post=85742"}],"version-history":[{"count":4,"href":"https:\/\/vocesparalelas.com.ar\/sitio\/wp-json\/wp\/v2\/posts\/85742\/revisions"}],"predecessor-version":[{"id":85748,"href":"https:\/\/vocesparalelas.com.ar\/sitio\/wp-json\/wp\/v2\/posts\/85742\/revisions\/85748"}],"wp:featuredmedia":[{"embeddable":true,"href":"https:\/\/vocesparalelas.com.ar\/sitio\/wp-json\/wp\/v2\/media\/74417"}],"wp:attachment":[{"href":"https:\/\/vocesparalelas.com.ar\/sitio\/wp-json\/wp\/v2\/media?parent=85742"}],"wp:term":[{"taxonomy":"category","embeddable":true,"href":"https:\/\/vocesparalelas.com.ar\/sitio\/wp-json\/wp\/v2\/categories?post=85742"},{"taxonomy":"post_tag","embeddable":true,"href":"https:\/\/vocesparalelas.com.ar\/sitio\/wp-json\/wp\/v2\/tags?post=85742"}],"curies":[{"name":"wp","href":"https:\/\/api.w.org\/{rel}","templated":true}]}}