{"id":85695,"date":"2025-04-29T22:26:06","date_gmt":"2025-04-30T01:26:06","guid":{"rendered":"https:\/\/vocesparalelas.com.ar\/sitio\/?p=85695"},"modified":"2025-05-01T11:55:40","modified_gmt":"2025-05-01T14:55:40","slug":"se-inauguro-la-comisaria-38-sierras-de-marquesado-de-la-policia-de-san-juan","status":"publish","type":"post","link":"https:\/\/vocesparalelas.com.ar\/sitio\/se-inauguro-la-comisaria-38-sierras-de-marquesado-de-la-policia-de-san-juan\/","title":{"rendered":"Se inaugur\u00f3 la Comisar\u00eda 38 Sierras de Marquesado de la Polic\u00eda de San Juan"},"content":{"rendered":"<p>El Gobierno de San Juan inaugur\u00f3 la Comisar\u00eda 38, Pellegrini Sur, Localidad La Bebida, Departamento Rivadavia, una zona muy poblada por la existencia de varios Barrio pero con mucha inseguridad y de esta manera se trabaja para fortalecer la seguridad en San Juan.<\/p>\n<p>Antes de su inauguraci\u00f3n, se realiz\u00f3 el acto con la presencia del gobernador de San Juan, Dr. Marcelo Orrego junto al Vicegobernador, Dr. Fabi\u00e1n Mart\u00edn y distintos funcionarios.<\/p>\n<p>Es as\u00ed que el capell\u00e1n de la Polic\u00eda de San Juan fue el responsable de la bendici\u00f3n del edificio, de los presentes y del personal que van a trabajar en este espacio.<\/p>\n<p><iframe loading=\"lazy\" title=\"POLIC\u00cdA SAN JUAN SACERDOTE\" width=\"800\" height=\"450\" src=\"https:\/\/www.youtube.com\/embed\/YgMj3cCc6zY?feature=oembed\" frameborder=\"0\" allow=\"accelerometer; autoplay; clipboard-write; encrypted-media; gyroscope; picture-in-picture; web-share\" referrerpolicy=\"strict-origin-when-cross-origin\" allowfullscreen><\/iframe><\/p>\n<p>&nbsp;<\/p>\n<p>Posteriormente, el Jefe de la Polic\u00eda de San Juan, N\u00e9stor Alvarez, quien centr\u00f3 sus palabras al trabajo conjunto para la seguridad de los vecinos.<\/p>\n<p>&nbsp;<\/p>\n<p><iframe loading=\"lazy\" title=\"POLIC\u00cdA SAN JUAN JEFE\" width=\"800\" height=\"450\" src=\"https:\/\/www.youtube.com\/embed\/aF7QtbwFjGg?feature=oembed\" frameborder=\"0\" allow=\"accelerometer; autoplay; clipboard-write; encrypted-media; gyroscope; picture-in-picture; web-share\" referrerpolicy=\"strict-origin-when-cross-origin\" allowfullscreen><\/iframe><\/p>\n<p>&nbsp;<\/p>\n<p>Seguidamente, el intendente de la Municipalidad de la Ciudad de Rivadavia, Sergio Miodowsky, quien agradeci\u00f3 el esfuerzo del Gobierno de San Juan para poner un servicio a la comunidad de Rivadavia.<\/p>\n<p><iframe loading=\"lazy\" title=\"POLIC\u00cdA SAN JUAN INTENDENTE SERGIO MIODOWSKY\" width=\"800\" height=\"450\" src=\"https:\/\/www.youtube.com\/embed\/B-z3dq8pLMk?feature=oembed\" frameborder=\"0\" allow=\"accelerometer; autoplay; clipboard-write; encrypted-media; gyroscope; picture-in-picture; web-share\" referrerpolicy=\"strict-origin-when-cross-origin\" allowfullscreen><\/iframe><\/p>\n<p>A continuaci\u00f3n, el Vicegobernador, Dr. Fabi\u00e1n Mart\u00edn invit\u00f3 a los vecinos y al personal de la Comisar\u00eda 38, en el Barrio Sierras de Marquesado para vivir tranquilos y seguros.<\/p>\n<p><iframe loading=\"lazy\" title=\"POLIC\u00cdA SAN JUAN VICEGOBERNADOR DR FABI\u00c1N MART\u00cdN\" width=\"800\" height=\"450\" src=\"https:\/\/www.youtube.com\/embed\/4JgRmWXWqyg?feature=oembed\" frameborder=\"0\" allow=\"accelerometer; autoplay; clipboard-write; encrypted-media; gyroscope; picture-in-picture; web-share\" referrerpolicy=\"strict-origin-when-cross-origin\" allowfullscreen><\/iframe><\/p>\n<p>Finalmente, el Gobernador, Dr. Marcelo Orrego, destac\u00f3 que la gesti\u00f3n tiene tres pilares que se deben fortalecer, la educaci\u00f3n, la seguridad y la salud para lograr un San Juan con mirada vecinal.<\/p>\n<p><iframe loading=\"lazy\" title=\"POLIC\u00cdA SAN JUAN GOBERNADOR DR MARCELO ORREGO\" width=\"800\" height=\"450\" src=\"https:\/\/www.youtube.com\/embed\/etyPWStScy4?feature=oembed\" frameborder=\"0\" allow=\"accelerometer; autoplay; clipboard-write; encrypted-media; gyroscope; picture-in-picture; web-share\" referrerpolicy=\"strict-origin-when-cross-origin\" allowfullscreen><\/iframe><\/p>\n<p>De esta manera se puso en funcionamiento de la Comisar\u00eda 38<\/p>\n<ul>\n<li>Circuito cerrado de video (CCV) con sala de rack especialmente acondicionada<\/li>\n<li>Sistema de aire acondicionado VRF con unidades interiores murales<\/li>\n<li>Pisos de mosaico gran\u00edtico<\/li>\n<li>Instalaciones sanitarias, el\u00e9ctricas y de seguridad conforme a las normativas vigentes<\/li>\n<\/ul>\n<p>Su puesta en funcionamiento permite una respuesta m\u00e1s r\u00e1pida ante emergencias y una mejor organizaci\u00f3n territorial, beneficiando no solo al barrio Sierras de Marquesado, sino tambi\u00e9n a sectores cercanos de La Bebida y zonas donde circulan varias l\u00edneas de transporte p\u00fablico.<\/p>\n<p><img loading=\"lazy\" decoding=\"async\" class=\"alignnone size-full wp-image-85698\" src=\"https:\/\/vocesparalelas.com.ar\/sitio\/wp-content\/uploads\/2025\/04\/SEGURIDAD-RIVADAVIA-01.jpg\" alt=\"\" width=\"800\" height=\"533\" srcset=\"https:\/\/vocesparalelas.com.ar\/sitio\/wp-content\/uploads\/2025\/04\/SEGURIDAD-RIVADAVIA-01.jpg 800w, https:\/\/vocesparalelas.com.ar\/sitio\/wp-content\/uploads\/2025\/04\/SEGURIDAD-RIVADAVIA-01-300x200.jpg 300w, https:\/\/vocesparalelas.com.ar\/sitio\/wp-content\/uploads\/2025\/04\/SEGURIDAD-RIVADAVIA-01-768x512.jpg 768w\" sizes=\"auto, (max-width: 800px) 100vw, 800px\" \/><\/p>\n<p><img loading=\"lazy\" decoding=\"async\" class=\"alignnone size-full wp-image-85700\" src=\"https:\/\/vocesparalelas.com.ar\/sitio\/wp-content\/uploads\/2025\/04\/SEGURIDAD-RIVADAVIA-03.jpg\" alt=\"\" width=\"800\" height=\"533\" srcset=\"https:\/\/vocesparalelas.com.ar\/sitio\/wp-content\/uploads\/2025\/04\/SEGURIDAD-RIVADAVIA-03.jpg 800w, https:\/\/vocesparalelas.com.ar\/sitio\/wp-content\/uploads\/2025\/04\/SEGURIDAD-RIVADAVIA-03-300x200.jpg 300w, https:\/\/vocesparalelas.com.ar\/sitio\/wp-content\/uploads\/2025\/04\/SEGURIDAD-RIVADAVIA-03-768x512.jpg 768w\" sizes=\"auto, (max-width: 800px) 100vw, 800px\" \/><\/p>\n<p>&nbsp;<\/p>\n","protected":false},"excerpt":{"rendered":"<p>El Gobierno de San Juan inaugur\u00f3 la Comisar\u00eda 38, Pellegrini Sur, Localidad La Bebida, Departamento Rivadavia, una zona muy poblada<\/p>\n","protected":false},"author":3,"featured_media":85699,"comment_status":"closed","ping_status":"closed","sticky":false,"template":"","format":"standard","meta":{"_acf_changed":false,"_seopress_robots_primary_cat":"none","_seopress_titles_title":"","_seopress_titles_desc":"","_seopress_robots_index":"","colormag_page_container_layout":"default_layout","colormag_page_sidebar_layout":"default_layout","footnotes":""},"categories":[6,7],"tags":[],"class_list":["post-85695","post","type-post","status-publish","format-standard","has-post-thumbnail","hentry","category-eventos","category-videos"],"acf":[],"_links":{"self":[{"href":"https:\/\/vocesparalelas.com.ar\/sitio\/wp-json\/wp\/v2\/posts\/85695","targetHints":{"allow":["GET"]}}],"collection":[{"href":"https:\/\/vocesparalelas.com.ar\/sitio\/wp-json\/wp\/v2\/posts"}],"about":[{"href":"https:\/\/vocesparalelas.com.ar\/sitio\/wp-json\/wp\/v2\/types\/post"}],"author":[{"embeddable":true,"href":"https:\/\/vocesparalelas.com.ar\/sitio\/wp-json\/wp\/v2\/users\/3"}],"replies":[{"embeddable":true,"href":"https:\/\/vocesparalelas.com.ar\/sitio\/wp-json\/wp\/v2\/comments?post=85695"}],"version-history":[{"count":1,"href":"https:\/\/vocesparalelas.com.ar\/sitio\/wp-json\/wp\/v2\/posts\/85695\/revisions"}],"predecessor-version":[{"id":85701,"href":"https:\/\/vocesparalelas.com.ar\/sitio\/wp-json\/wp\/v2\/posts\/85695\/revisions\/85701"}],"wp:featuredmedia":[{"embeddable":true,"href":"https:\/\/vocesparalelas.com.ar\/sitio\/wp-json\/wp\/v2\/media\/85699"}],"wp:attachment":[{"href":"https:\/\/vocesparalelas.com.ar\/sitio\/wp-json\/wp\/v2\/media?parent=85695"}],"wp:term":[{"taxonomy":"category","embeddable":true,"href":"https:\/\/vocesparalelas.com.ar\/sitio\/wp-json\/wp\/v2\/categories?post=85695"},{"taxonomy":"post_tag","embeddable":true,"href":"https:\/\/vocesparalelas.com.ar\/sitio\/wp-json\/wp\/v2\/tags?post=85695"}],"curies":[{"name":"wp","href":"https:\/\/api.w.org\/{rel}","templated":true}]}}