{"id":85682,"date":"2025-04-29T22:09:28","date_gmt":"2025-04-30T01:09:28","guid":{"rendered":"https:\/\/vocesparalelas.com.ar\/sitio\/?p=85682"},"modified":"2025-04-30T00:27:36","modified_gmt":"2025-04-30T03:27:36","slug":"dia-de-la-danza-con-un-espectaculo-en-el-ferro-urbanistico-en-san-juan","status":"publish","type":"post","link":"https:\/\/vocesparalelas.com.ar\/sitio\/dia-de-la-danza-con-un-espectaculo-en-el-ferro-urbanistico-en-san-juan\/","title":{"rendered":"D\u00eda de la Danza con un espect\u00e1culo en el Ferro Urban\u00edstico en San Juan"},"content":{"rendered":"<p>El Ministerio de Turismo, Cultura y Deporte del Gobierno de San Juan, a trav\u00e9s de la Secretaria de Cultura, invita a la comunidad a participar del espect\u00e1culo art\u00edstico en conmemoraci\u00f3n del D\u00eda Internacional de la Danza, que se desarrolla el S\u00e1bado, 3 de Mayo de 2025, a las 17 hs., en la Explanada del Ferro Urban\u00edstico, frente al espacio \u201cEspacios Compartidos\u201d.<\/p>\n<p>La actividad cuenta con la participaci\u00f3n de 15 grupos art\u00edsticos, quienes presentan n\u00fameros de danza de diferentes estilos cada uno. Adem\u00e1s, se suman artistas invitados que enriquecen la propuesta con talento local y diversidad de expresiones art\u00edsticas.<\/p>\n<p>La actividad est\u00e1 pensada para disfrutar en familia, en un entorno al aire libre y con entrada libre y gratuita, con el objetivo de acercar el arte y la cultura a la comunidad interesada.<\/p>\n<p>Este encuentro se enmarca dentro de las acciones de promoci\u00f3n cultural que lleva adelante el Ministerio, reconociendo a la danza como una manifestaci\u00f3n art\u00edstica fundamental para la identidad y el desarrollo cultural de la provincia.<\/p>\n<p><img loading=\"lazy\" decoding=\"async\" class=\"alignnone size-full wp-image-82181\" src=\"https:\/\/vocesparalelas.com.ar\/sitio\/wp-content\/uploads\/2025\/02\/TB-DANZA.jpg\" alt=\"\" width=\"800\" height=\"502\" srcset=\"https:\/\/vocesparalelas.com.ar\/sitio\/wp-content\/uploads\/2025\/02\/TB-DANZA.jpg 800w, https:\/\/vocesparalelas.com.ar\/sitio\/wp-content\/uploads\/2025\/02\/TB-DANZA-300x188.jpg 300w, https:\/\/vocesparalelas.com.ar\/sitio\/wp-content\/uploads\/2025\/02\/TB-DANZA-768x482.jpg 768w\" sizes=\"auto, (max-width: 800px) 100vw, 800px\" \/><\/p>\n<p>&nbsp;<\/p>\n","protected":false},"excerpt":{"rendered":"<p>El Ministerio de Turismo, Cultura y Deporte del Gobierno de San Juan, a trav\u00e9s de la Secretaria de Cultura, invita<\/p>\n","protected":false},"author":3,"featured_media":31596,"comment_status":"closed","ping_status":"closed","sticky":false,"template":"","format":"standard","meta":{"_acf_changed":false,"_seopress_robots_primary_cat":"none","_seopress_titles_title":"","_seopress_titles_desc":"","_seopress_robots_index":"","colormag_page_container_layout":"default_layout","colormag_page_sidebar_layout":"default_layout","footnotes":""},"categories":[20],"tags":[],"class_list":["post-85682","post","type-post","status-publish","format-standard","has-post-thumbnail","hentry","category-cartelera"],"acf":[],"_links":{"self":[{"href":"https:\/\/vocesparalelas.com.ar\/sitio\/wp-json\/wp\/v2\/posts\/85682","targetHints":{"allow":["GET"]}}],"collection":[{"href":"https:\/\/vocesparalelas.com.ar\/sitio\/wp-json\/wp\/v2\/posts"}],"about":[{"href":"https:\/\/vocesparalelas.com.ar\/sitio\/wp-json\/wp\/v2\/types\/post"}],"author":[{"embeddable":true,"href":"https:\/\/vocesparalelas.com.ar\/sitio\/wp-json\/wp\/v2\/users\/3"}],"replies":[{"embeddable":true,"href":"https:\/\/vocesparalelas.com.ar\/sitio\/wp-json\/wp\/v2\/comments?post=85682"}],"version-history":[{"count":1,"href":"https:\/\/vocesparalelas.com.ar\/sitio\/wp-json\/wp\/v2\/posts\/85682\/revisions"}],"predecessor-version":[{"id":85685,"href":"https:\/\/vocesparalelas.com.ar\/sitio\/wp-json\/wp\/v2\/posts\/85682\/revisions\/85685"}],"wp:featuredmedia":[{"embeddable":true,"href":"https:\/\/vocesparalelas.com.ar\/sitio\/wp-json\/wp\/v2\/media\/31596"}],"wp:attachment":[{"href":"https:\/\/vocesparalelas.com.ar\/sitio\/wp-json\/wp\/v2\/media?parent=85682"}],"wp:term":[{"taxonomy":"category","embeddable":true,"href":"https:\/\/vocesparalelas.com.ar\/sitio\/wp-json\/wp\/v2\/categories?post=85682"},{"taxonomy":"post_tag","embeddable":true,"href":"https:\/\/vocesparalelas.com.ar\/sitio\/wp-json\/wp\/v2\/tags?post=85682"}],"curies":[{"name":"wp","href":"https:\/\/api.w.org\/{rel}","templated":true}]}}