{"id":85667,"date":"2025-04-29T20:15:06","date_gmt":"2025-04-29T23:15:06","guid":{"rendered":"https:\/\/vocesparalelas.com.ar\/sitio\/?p=85667"},"modified":"2025-04-29T20:15:06","modified_gmt":"2025-04-29T23:15:06","slug":"el-director-nacional-de-control-de-fronteras-e-hidrovia-ing-gustavo-ferragut-en-san-juan","status":"publish","type":"post","link":"https:\/\/vocesparalelas.com.ar\/sitio\/el-director-nacional-de-control-de-fronteras-e-hidrovia-ing-gustavo-ferragut-en-san-juan\/","title":{"rendered":"El Director Nacional de Control de Fronteras e Hidrov\u00eda, Ing. Gustavo Ferragut en San Juan"},"content":{"rendered":"<p>El gobernador de San Juan, Dr. Marcelo Orrego recibi\u00f3 en Casa de Gobierno al director Nacional de Control de Fronteras e Hidrov\u00edas, Ing. Gustavo Ferragut, para dialogar sobre la posibilidad de ampliar la conectividad con otro paso fronterizo \u201cLa Chapetona\u201d.<\/p>\n<p>Lo acompa\u00f1aron el subdirector general de Operaciones Aduaneras del Interior, Horacio Alasia; director regional Aduanera Cuyo, Mauro Falvella; titular de la Comisi\u00f3n Nacional de Fronteras, Mariano Ferreiros, y la titular de la Aduana de San Juan, Mar\u00eda de los Milagros Racana. Tambi\u00e9n, estuvieron el asesor letrado de Gobierno, Dr. Ricardo Alejandro Ferrari, y el asesor adjunto letrado, Dr. Facundo Rojas.<\/p>\n<p>Tras el encuentro, el director nacional de Control de Fronteras e Hidrov\u00edas, Ing. Gustavo Ferragut destac\u00f3 que \u00abfue una reuni\u00f3n muy satisfactoria, no es la primera porque ya tuvimos algunas en Buenos Aires trabajando por los pasos fronterizos, no solo el de Agua Negra, sino tambi\u00e9n la posibilidad de concretar un paso de tr\u00e1nsito habitual en lo que es El Azufre que conectar\u00eda con La Chapetona. La idea es empezar a trabajar para que la expansi\u00f3n de la producci\u00f3n, que es algo muy importante para nuestro pa\u00eds, tenga una viabilidad r\u00e1pida tanto con camiones como tambi\u00e9n mejorar el turismo\u201d.<\/p>\n<p>\u00abHicimos un recorrido y vimos que est\u00e1 bastante prolijo para poder trabajarlo. Estamos conversando para avanzar en este proyecto. No es un paso que se genera solo con San Juan, sino para toda la Argentina y tambi\u00e9n todo Chile. Adem\u00e1s descomprimir\u00eda algunos problemas que suceden en \u00e9pocas tur\u00edsticas con el paso de Cristo Redentor y tambi\u00e9n Agua Negra\u201d.<\/p>\n<p>\u201cEs un proyecto, estamos trabajando ideas y viendo posibilidades de inversi\u00f3n porque es un volumen grande, y creemos que la inversi\u00f3n p\u00fablico-privada ser\u00e1 una herramienta importante para resolver esta cuesti\u00f3n\u201d.<\/p>\n<p>\u201cHoy, el paso est\u00e1 destinado solo para las empresas mineras, est\u00e1 inactivo y solo puede ser usado ante alguna eventualidad porque todo circula por el Paso de Agua Negra o Cristo Redentor\u201d &#8211; sintetiz\u00f3 el director Nacional de Control de Fronteras e Hidrov\u00edas, Ing. Gustavo Ferragut.<\/p>\n<p><img loading=\"lazy\" decoding=\"async\" class=\"alignnone size-full wp-image-84853\" src=\"https:\/\/vocesparalelas.com.ar\/sitio\/wp-content\/uploads\/2025\/04\/PASO-LA-CHAPETONA.jpg\" alt=\"\" width=\"800\" height=\"409\" srcset=\"https:\/\/vocesparalelas.com.ar\/sitio\/wp-content\/uploads\/2025\/04\/PASO-LA-CHAPETONA.jpg 800w, https:\/\/vocesparalelas.com.ar\/sitio\/wp-content\/uploads\/2025\/04\/PASO-LA-CHAPETONA-300x153.jpg 300w, https:\/\/vocesparalelas.com.ar\/sitio\/wp-content\/uploads\/2025\/04\/PASO-LA-CHAPETONA-768x393.jpg 768w\" sizes=\"auto, (max-width: 800px) 100vw, 800px\" \/><\/p>\n<p>&nbsp;<\/p>\n","protected":false},"excerpt":{"rendered":"<p>El gobernador de San Juan, Dr. Marcelo Orrego recibi\u00f3 en Casa de Gobierno al director Nacional de Control de Fronteras<\/p>\n","protected":false},"author":3,"featured_media":85670,"comment_status":"closed","ping_status":"closed","sticky":false,"template":"","format":"standard","meta":{"_acf_changed":false,"_seopress_robots_primary_cat":"none","_seopress_titles_title":"","_seopress_titles_desc":"","_seopress_robots_index":"","colormag_page_container_layout":"default_layout","colormag_page_sidebar_layout":"default_layout","footnotes":""},"categories":[1],"tags":[],"class_list":["post-85667","post","type-post","status-publish","format-standard","has-post-thumbnail","hentry","category-destacadas"],"acf":[],"_links":{"self":[{"href":"https:\/\/vocesparalelas.com.ar\/sitio\/wp-json\/wp\/v2\/posts\/85667","targetHints":{"allow":["GET"]}}],"collection":[{"href":"https:\/\/vocesparalelas.com.ar\/sitio\/wp-json\/wp\/v2\/posts"}],"about":[{"href":"https:\/\/vocesparalelas.com.ar\/sitio\/wp-json\/wp\/v2\/types\/post"}],"author":[{"embeddable":true,"href":"https:\/\/vocesparalelas.com.ar\/sitio\/wp-json\/wp\/v2\/users\/3"}],"replies":[{"embeddable":true,"href":"https:\/\/vocesparalelas.com.ar\/sitio\/wp-json\/wp\/v2\/comments?post=85667"}],"version-history":[{"count":1,"href":"https:\/\/vocesparalelas.com.ar\/sitio\/wp-json\/wp\/v2\/posts\/85667\/revisions"}],"predecessor-version":[{"id":85671,"href":"https:\/\/vocesparalelas.com.ar\/sitio\/wp-json\/wp\/v2\/posts\/85667\/revisions\/85671"}],"wp:featuredmedia":[{"embeddable":true,"href":"https:\/\/vocesparalelas.com.ar\/sitio\/wp-json\/wp\/v2\/media\/85670"}],"wp:attachment":[{"href":"https:\/\/vocesparalelas.com.ar\/sitio\/wp-json\/wp\/v2\/media?parent=85667"}],"wp:term":[{"taxonomy":"category","embeddable":true,"href":"https:\/\/vocesparalelas.com.ar\/sitio\/wp-json\/wp\/v2\/categories?post=85667"},{"taxonomy":"post_tag","embeddable":true,"href":"https:\/\/vocesparalelas.com.ar\/sitio\/wp-json\/wp\/v2\/tags?post=85667"}],"curies":[{"name":"wp","href":"https:\/\/api.w.org\/{rel}","templated":true}]}}