{"id":85627,"date":"2025-04-28T19:49:15","date_gmt":"2025-04-28T22:49:15","guid":{"rendered":"https:\/\/vocesparalelas.com.ar\/sitio\/?p=85627"},"modified":"2025-04-29T22:42:21","modified_gmt":"2025-04-30T01:42:21","slug":"imposicion-del-nombre-a-la-escuela-secundaria-licenciado-edgardo-mendoza-de-san-juan","status":"publish","type":"post","link":"https:\/\/vocesparalelas.com.ar\/sitio\/imposicion-del-nombre-a-la-escuela-secundaria-licenciado-edgardo-mendoza-de-san-juan\/","title":{"rendered":"Imposici\u00f3n del nombre a la Escuela Secundaria \u00abLicenciado Edgardo Mendoza\u00bb de San Juan"},"content":{"rendered":"<p>La ministra de Educaci\u00f3n del Gobierno de San Juan, Lic. Silvia Fuentes, particip\u00f3 del acto de imposici\u00f3n de nombre de la \u201cEscuela Secundaria Licenciado Edgardo Mendoza\u201d, Departamento Chimbas.<\/p>\n<p>La actividad estuvo cargada de emotividad, con el recuerdo latente de la familia del reconocido historiador, quien falleci\u00f3 en Agosto de 2019.<\/p>\n<p>El cambio de nombre de la escuela, que se denominaba Bachillerato Jos\u00e9 Manuel Estrada, se dio en el marco de la Ley 2719-H sancionada por la C\u00e1mara de Diputados de San Juan. Por este motivo, ahora la instituci\u00f3n ubicada en el barrio Costanera, en Chimbas, se denomina \u201cEscuela Secundaria Licenciado Edgardo Mendoza\u201d.<\/p>\n<p>En este contexto, la ministra de Educaci\u00f3n del Gobierno de San Juan, Lic. Silvia Fuentes record\u00f3 que \u00abcon afecto al Lic. Edgardo Mendoza, historiador, escritor, colaborador period\u00edstico, profesor y referente de la cultura, quien falleci\u00f3 a los 66 a\u00f1os. Nos emociona su legado, su impronta, y nos refuerza la idea de poder dejar huella. Cada uno de nosotros va a dejar una marca imborrable en nuestras familias y, para quienes somos docentes, en nuestros alumnos. A la vez, somos un poquito de cada uno de los peque\u00f1os granitos de arena que nos han dejado nuestros profesores\u201d.<\/p>\n<p>Los familiares de Edgardo Mendoza, su esposa Miriam Chac\u00f3n y sus hijos Juli\u00e1n y Camila Mendoza, se mostraron emocionados, a la vez que agradecieron la iniciativa para el cambio de nombre de la instituci\u00f3n.<\/p>\n<p>Por su parte, el directivo de la escuela, Prof. Ra\u00fal Mu\u00f1oz destac\u00f3 que \u00abhemos recorrido un largo camino para llegar a este momento. El cambio de nombre, m\u00e1s all\u00e1 de ser un homenaje a Edgardo Mendoza, marca un gran acontecimiento en nuestra historia como escuela y nos brinda la posibilidad de un nuevo inicio, que no significa cambiar, sino que implica renovar energ\u00eda, expectativa y esperanza. Invito a trabajar por nuestros alumnos con la misma pasi\u00f3n con que lo hizo Edgardo\u201d.<\/p>\n<p>El acto cont\u00f3 con la presencia de la directora de Educaci\u00f3n Secundaria y Art\u00edstica, Prof.\u00a0 Magrini; la supervisora escolar general de la Direcci\u00f3n de Educaci\u00f3n Secundaria, Orientada y Art\u00edstica, Prof. Gabriela Vidable; la vicepresidenta del Concejo Deliberante de Chimbas, Mariela Arredondo de Reyes; los directivos de la escuela, Prof. Ra\u00fal Mu\u00f1oz y la Prof. Natalia Bord\u00f3n, y la comunidad educativa.<\/p>\n<p><img loading=\"lazy\" decoding=\"async\" class=\"alignnone size-full wp-image-28629\" src=\"https:\/\/vocesparalelas.com.ar\/sitio\/wp-content\/uploads\/2020\/05\/MINISTERIO-EDUCACION-SJ.jpg\" alt=\"\" width=\"800\" height=\"533\" srcset=\"https:\/\/vocesparalelas.com.ar\/sitio\/wp-content\/uploads\/2020\/05\/MINISTERIO-EDUCACION-SJ.jpg 800w, https:\/\/vocesparalelas.com.ar\/sitio\/wp-content\/uploads\/2020\/05\/MINISTERIO-EDUCACION-SJ-300x200.jpg 300w, https:\/\/vocesparalelas.com.ar\/sitio\/wp-content\/uploads\/2020\/05\/MINISTERIO-EDUCACION-SJ-768x512.jpg 768w\" sizes=\"auto, (max-width: 800px) 100vw, 800px\" \/><\/p>\n","protected":false},"excerpt":{"rendered":"<p>La ministra de Educaci\u00f3n del Gobierno de San Juan, Lic. Silvia Fuentes, particip\u00f3 del acto de imposici\u00f3n de nombre de<\/p>\n","protected":false},"author":3,"featured_media":85630,"comment_status":"closed","ping_status":"closed","sticky":false,"template":"","format":"standard","meta":{"_acf_changed":false,"_seopress_robots_primary_cat":"none","_seopress_titles_title":"","_seopress_titles_desc":"","_seopress_robots_index":"","colormag_page_container_layout":"default_layout","colormag_page_sidebar_layout":"default_layout","footnotes":""},"categories":[5],"tags":[],"class_list":["post-85627","post","type-post","status-publish","format-standard","has-post-thumbnail","hentry","category-ofrecimientos"],"acf":[],"_links":{"self":[{"href":"https:\/\/vocesparalelas.com.ar\/sitio\/wp-json\/wp\/v2\/posts\/85627","targetHints":{"allow":["GET"]}}],"collection":[{"href":"https:\/\/vocesparalelas.com.ar\/sitio\/wp-json\/wp\/v2\/posts"}],"about":[{"href":"https:\/\/vocesparalelas.com.ar\/sitio\/wp-json\/wp\/v2\/types\/post"}],"author":[{"embeddable":true,"href":"https:\/\/vocesparalelas.com.ar\/sitio\/wp-json\/wp\/v2\/users\/3"}],"replies":[{"embeddable":true,"href":"https:\/\/vocesparalelas.com.ar\/sitio\/wp-json\/wp\/v2\/comments?post=85627"}],"version-history":[{"count":3,"href":"https:\/\/vocesparalelas.com.ar\/sitio\/wp-json\/wp\/v2\/posts\/85627\/revisions"}],"predecessor-version":[{"id":85633,"href":"https:\/\/vocesparalelas.com.ar\/sitio\/wp-json\/wp\/v2\/posts\/85627\/revisions\/85633"}],"wp:featuredmedia":[{"embeddable":true,"href":"https:\/\/vocesparalelas.com.ar\/sitio\/wp-json\/wp\/v2\/media\/85630"}],"wp:attachment":[{"href":"https:\/\/vocesparalelas.com.ar\/sitio\/wp-json\/wp\/v2\/media?parent=85627"}],"wp:term":[{"taxonomy":"category","embeddable":true,"href":"https:\/\/vocesparalelas.com.ar\/sitio\/wp-json\/wp\/v2\/categories?post=85627"},{"taxonomy":"post_tag","embeddable":true,"href":"https:\/\/vocesparalelas.com.ar\/sitio\/wp-json\/wp\/v2\/tags?post=85627"}],"curies":[{"name":"wp","href":"https:\/\/api.w.org\/{rel}","templated":true}]}}