{"id":85619,"date":"2025-04-28T13:50:35","date_gmt":"2025-04-28T16:50:35","guid":{"rendered":"https:\/\/vocesparalelas.com.ar\/sitio\/?p=85619"},"modified":"2025-04-30T21:40:22","modified_gmt":"2025-05-01T00:40:22","slug":"preguntas-que-se-puede-hacer-el-usuario-de-la-receta-electronica-en-san-juan","status":"publish","type":"post","link":"https:\/\/vocesparalelas.com.ar\/sitio\/preguntas-que-se-puede-hacer-el-usuario-de-la-receta-electronica-en-san-juan\/","title":{"rendered":"Preguntas que se puede hacer el usuario de la\u00a0 Receta Electr\u00f3nica en San Juan"},"content":{"rendered":"<p>El Ministerio de Salud del Gobierno de San Juan informa y explica las preguntas que se puede hacer el usuario de la\u00a0 Receta Electr\u00f3nica.<\/p>\n<p><strong><span style=\"color: #ff0000;\">\u00bfPor qu\u00e9 es conveniente la receta electr\u00f3nica?<\/span><\/strong><\/p>\n<p>Este nuevo sistema mejora la accesibilidad del paciente, permite una mayor trazabilidad de los medicamentos y contribuye al cuidado del medio ambiente.<\/p>\n<p><strong><span style=\"color: #ff0000;\">\u00bfC\u00f3mo accede el paciente a la receta electr\u00f3nica?<\/span><\/strong><\/p>\n<p>Una vez que el profesional de la salud cargue la receta en el sistema, el paciente la recibir\u00e1 autom\u00e1ticamente por mensaje de texto y por correo electr\u00f3nico.<\/p>\n<p><strong><span style=\"color: #ff0000;\">\u00bfDe qu\u00e9 manera el paciente obtiene la medicaci\u00f3n?<\/span><\/strong><\/p>\n<p>Para retirar la medicaci\u00f3n, el paciente podr\u00e1 hacerlo en la farmacia del mismo centro de salud donde fue atendido o en cualquier otra farmacia del sistema p\u00fablico de salud, presentando su DNI.<\/p>\n<p>En caso de que la medicaci\u00f3n deba ser retirada por un tercero, esta persona deber\u00e1 presentar el DNI del paciente.<\/p>\n<p><strong><span style=\"color: #ff0000;\">\u00bfSe puede continuar adquiriendo la medicaci\u00f3n con receta papel?<\/span><\/strong><\/p>\n<p>Es importante destacar que ambas modalidades \u2014la receta electr\u00f3nica y la receta en papel\u2014 coexistir\u00e1n temporalmente, hasta que todos los usuarios se hayan adaptado completamente al nuevo sistema.<\/p>\n<p><strong><span style=\"color: #ff0000;\">\u00bfC\u00f3mo reciben la medicaci\u00f3n los pacientes con patolog\u00edas cr\u00f3nicas?<\/span><\/strong><\/p>\n<p>Adem\u00e1s, los pacientes con tratamientos cr\u00f3nicos recibir\u00e1n sus recetas de manera mensual, de acuerdo con la indicaci\u00f3n del m\u00e9dico tratante.<\/p>\n<p><span style=\"color: #ff0000;\"><strong>\u00bfC\u00f3mo es el tr\u00e1mite para acceder a la receta electr\u00f3nica?<\/strong><\/span><\/p>\n<ol>\n<li>Asistir al turno m\u00e9dico, solicitado previamente por CIDI, v\u00eda telef\u00f3nica (0800) o de forma presencial.<\/li>\n<li>Recepci\u00f3n en la Admisi\u00f3n<\/li>\n<li>Ingreso a la Consulta de Salud.<\/li>\n<li>El profesional ingresa el pedido de la Receta Electr\u00f3nica.<\/li>\n<li>Finaliza la consulta m\u00e9dica<\/li>\n<li>El paciente recibe la Receta Electr\u00f3nica por correo electr\u00f3nico o por mensaje de texto<\/li>\n<li>El paciente puede ir a retirar el medicamento con el DNI por cualquier Farmacia de los centros de salud y hospitales p\u00fablicos.<\/li>\n<li>Si el paciente no cuenta con Celular o Internet, puede ir con el DNI por las farmacias del sistema p\u00fablico y retirar el medicamento<\/li>\n<li>Retiro del Medicamento<\/li>\n<\/ol>\n<p><span style=\"color: #ff0000;\"><strong>\u00bfAd\u00f3nde se puede consultar en caso de dudas?<\/strong><\/span><\/p>\n<p>Ante cualquier duda o consulta, los usuarios podr\u00e1n hacerlo a trav\u00e9s de las redes sociales del Ministerio de Salud del Gobierno de San Juan.<\/p>\n<p><img loading=\"lazy\" decoding=\"async\" class=\"alignnone size-full wp-image-65642\" src=\"https:\/\/vocesparalelas.com.ar\/sitio\/wp-content\/uploads\/2023\/11\/GOBIERNO-SAN-JUAN.jpg\" alt=\"\" width=\"800\" height=\"600\" srcset=\"https:\/\/vocesparalelas.com.ar\/sitio\/wp-content\/uploads\/2023\/11\/GOBIERNO-SAN-JUAN.jpg 800w, https:\/\/vocesparalelas.com.ar\/sitio\/wp-content\/uploads\/2023\/11\/GOBIERNO-SAN-JUAN-300x225.jpg 300w, https:\/\/vocesparalelas.com.ar\/sitio\/wp-content\/uploads\/2023\/11\/GOBIERNO-SAN-JUAN-768x576.jpg 768w\" sizes=\"auto, (max-width: 800px) 100vw, 800px\" \/><\/p>\n","protected":false},"excerpt":{"rendered":"<p>El Ministerio de Salud del Gobierno de San Juan informa y explica las preguntas que se puede hacer el usuario<\/p>\n","protected":false},"author":3,"featured_media":85622,"comment_status":"closed","ping_status":"closed","sticky":false,"template":"","format":"standard","meta":{"_acf_changed":false,"_seopress_robots_primary_cat":"none","_seopress_titles_title":"","_seopress_titles_desc":"","_seopress_robots_index":"","colormag_page_container_layout":"default_layout","colormag_page_sidebar_layout":"default_layout","footnotes":""},"categories":[2],"tags":[],"class_list":["post-85619","post","type-post","status-publish","format-standard","has-post-thumbnail","hentry","category-convocatorias"],"acf":[],"_links":{"self":[{"href":"https:\/\/vocesparalelas.com.ar\/sitio\/wp-json\/wp\/v2\/posts\/85619","targetHints":{"allow":["GET"]}}],"collection":[{"href":"https:\/\/vocesparalelas.com.ar\/sitio\/wp-json\/wp\/v2\/posts"}],"about":[{"href":"https:\/\/vocesparalelas.com.ar\/sitio\/wp-json\/wp\/v2\/types\/post"}],"author":[{"embeddable":true,"href":"https:\/\/vocesparalelas.com.ar\/sitio\/wp-json\/wp\/v2\/users\/3"}],"replies":[{"embeddable":true,"href":"https:\/\/vocesparalelas.com.ar\/sitio\/wp-json\/wp\/v2\/comments?post=85619"}],"version-history":[{"count":1,"href":"https:\/\/vocesparalelas.com.ar\/sitio\/wp-json\/wp\/v2\/posts\/85619\/revisions"}],"predecessor-version":[{"id":85623,"href":"https:\/\/vocesparalelas.com.ar\/sitio\/wp-json\/wp\/v2\/posts\/85619\/revisions\/85623"}],"wp:featuredmedia":[{"embeddable":true,"href":"https:\/\/vocesparalelas.com.ar\/sitio\/wp-json\/wp\/v2\/media\/85622"}],"wp:attachment":[{"href":"https:\/\/vocesparalelas.com.ar\/sitio\/wp-json\/wp\/v2\/media?parent=85619"}],"wp:term":[{"taxonomy":"category","embeddable":true,"href":"https:\/\/vocesparalelas.com.ar\/sitio\/wp-json\/wp\/v2\/categories?post=85619"},{"taxonomy":"post_tag","embeddable":true,"href":"https:\/\/vocesparalelas.com.ar\/sitio\/wp-json\/wp\/v2\/tags?post=85619"}],"curies":[{"name":"wp","href":"https:\/\/api.w.org\/{rel}","templated":true}]}}