{"id":85568,"date":"2025-04-27T22:35:42","date_gmt":"2025-04-28T01:35:42","guid":{"rendered":"https:\/\/vocesparalelas.com.ar\/sitio\/?p=85568"},"modified":"2025-04-28T20:55:50","modified_gmt":"2025-04-28T23:55:50","slug":"tributo-a-queen-de-la-banda-dios-salve-a-la-reina-en-el-teatro-del-bicentenario-en-san-juan","status":"publish","type":"post","link":"https:\/\/vocesparalelas.com.ar\/sitio\/tributo-a-queen-de-la-banda-dios-salve-a-la-reina-en-el-teatro-del-bicentenario-en-san-juan\/","title":{"rendered":"\u00abTributo a Queen\u00bb de la Banda \u00abDios salve a la reina\u00bb en el Teatro del Bicentenario en San Juan"},"content":{"rendered":"<p>Dios salve a la reina, la banda argentina tributo a\u00a0Queen, regresa a la provincia de San Juan con su show considerado, por muchos, como el m\u00e1s importante del mundo.<\/p>\n<p>Desde sus inicios en 1998, la banda logr\u00f3 cautivar a miles de fans alrededor del planeta con sus espectaculares presentaciones en vivo. Dios salve a la reina mantiene una dedicaci\u00f3n y fidelidad excepcional al legado musical de Queen. Su habilidad para recrear tanto la m\u00fasica como la personalidad de Freddie Mercury emociona al p\u00fablico, ofreciendo interpretaciones inolvidables de temas ic\u00f3nicos como &#8216;Bohemian Rhapsody&#8217;, &#8216;We Will Rock You&#8217; y &#8216;We Are the Champions&#8217;, entre otros.<\/p>\n<p>La cita es el S\u00e1bado, 3 de Mayo, a las 22 hs., y el Domingo, 4 de Mayo, a las 21 hs., en la Sala Principal del\u00a0Teatro del Bicentenario.<\/p>\n<p><iframe loading=\"lazy\" title=\"GOD SAVE THE QUEEN - DIOS SALVE A LA REINA - BOHEMIAN RHAPSODY LIVE\" width=\"800\" height=\"450\" src=\"https:\/\/www.youtube.com\/embed\/CuHAa0ChhdM?feature=oembed\" frameborder=\"0\" allow=\"accelerometer; autoplay; clipboard-write; encrypted-media; gyroscope; picture-in-picture; web-share\" referrerpolicy=\"strict-origin-when-cross-origin\" allowfullscreen><\/iframe><\/p>\n<p><strong><span style=\"color: #ff6600;\">Entradas<\/span><\/strong><\/p>\n<p>A partir de $20.000 se encuentran disponibles en Boleter\u00eda del teatro y a trav\u00e9s de <a href=\"https:\/\/www.tuentrada.com\/eventos\/detalle\/DIOSSALVE-SJ\/683073354674\">TuEntrada.com<\/a><\/p>\n<p><span style=\"color: #ff6600;\"><strong>Una experiencia \u00fanica que recrea la magia de Queen<\/strong><\/span><\/p>\n<p>El show no s\u00f3lo revive la m\u00fasica de Queen, sino que tambi\u00e9n ofrece una experiencia visual de primera l\u00ednea. Con vestuarios aut\u00e9nticos, luces y efectos especiales, el espect\u00e1culo busca transportar al p\u00fablico al coraz\u00f3n de los conciertos que marcaron una era. Cada presentaci\u00f3n recrea la atm\u00f3sfera de un recital de Freddie Mercury y compa\u00f1\u00eda, convirti\u00e9ndose en un viaje para todas las generaciones.<\/p>\n<p>Dios salve a la reina es una banda formada en 1998 en Rosario y est\u00e1 integrada por Pablo Pad\u00edn (voz), Francisco Calgaro, Dani Marcos (guitarra), Mat\u00edas Albornoz (bater\u00eda) y Ezequiel Tibaldo (bajo). La banda tom\u00f3 su nombre del himno nacional del Reino Unido que se tocaba en cinta al final de cada show de Queen mientras la banda saludaba.<\/p>\n<p>Elegidos por Rolling Stone como el show tributo m\u00e1s importante del mundo, \u201cGood Save The Queen\u201d logr\u00f3 en 2023 m\u00e1s de 250 mil entradas vendidas y un Luna Park agotado. Adem\u00e1s, la banda contin\u00faa consolid\u00e1ndose como un fen\u00f3meno global al compartir escenario con grandes artistas como Aerosmith, llevando la m\u00fasica de Queen a nuevas audiencias.<\/p>\n<p>La actuaci\u00f3n esc\u00e9nica de la banda, incluido el vestuario y la presencia en el escenario, se parece a la de Queen durante la d\u00e9cada de 1980. As\u00ed, la banda recorri\u00f3 Latinoam\u00e9rica, Europa y Asia con total \u00e9xito, recreando en vivo la magia de la banda.<\/p>\n<figure id=\"attachment_32104\" aria-describedby=\"caption-attachment-32104\" style=\"width: 800px\" class=\"wp-caption alignnone\"><img loading=\"lazy\" decoding=\"async\" class=\"size-full wp-image-32104\" src=\"https:\/\/vocesparalelas.com.ar\/sitio\/wp-content\/uploads\/2020\/10\/TEATRO-DEL-BICENTENARIO.jpg\" alt=\"\" width=\"800\" height=\"475\" srcset=\"https:\/\/vocesparalelas.com.ar\/sitio\/wp-content\/uploads\/2020\/10\/TEATRO-DEL-BICENTENARIO.jpg 800w, https:\/\/vocesparalelas.com.ar\/sitio\/wp-content\/uploads\/2020\/10\/TEATRO-DEL-BICENTENARIO-300x178.jpg 300w, https:\/\/vocesparalelas.com.ar\/sitio\/wp-content\/uploads\/2020\/10\/TEATRO-DEL-BICENTENARIO-768x456.jpg 768w\" sizes=\"auto, (max-width: 800px) 100vw, 800px\" \/><figcaption id=\"caption-attachment-32104\" class=\"wp-caption-text\">Teatro del Bicentenario<\/figcaption><\/figure>\n","protected":false},"excerpt":{"rendered":"<p>Dios salve a la reina, la banda argentina tributo a\u00a0Queen, regresa a la provincia de San Juan con su show<\/p>\n","protected":false},"author":3,"featured_media":85571,"comment_status":"closed","ping_status":"closed","sticky":false,"template":"","format":"standard","meta":{"_acf_changed":false,"_seopress_robots_primary_cat":"none","_seopress_titles_title":"","_seopress_titles_desc":"","_seopress_robots_index":"","colormag_page_container_layout":"default_layout","colormag_page_sidebar_layout":"default_layout","footnotes":""},"categories":[20,7],"tags":[],"class_list":["post-85568","post","type-post","status-publish","format-standard","has-post-thumbnail","hentry","category-cartelera","category-videos"],"acf":[],"_links":{"self":[{"href":"https:\/\/vocesparalelas.com.ar\/sitio\/wp-json\/wp\/v2\/posts\/85568","targetHints":{"allow":["GET"]}}],"collection":[{"href":"https:\/\/vocesparalelas.com.ar\/sitio\/wp-json\/wp\/v2\/posts"}],"about":[{"href":"https:\/\/vocesparalelas.com.ar\/sitio\/wp-json\/wp\/v2\/types\/post"}],"author":[{"embeddable":true,"href":"https:\/\/vocesparalelas.com.ar\/sitio\/wp-json\/wp\/v2\/users\/3"}],"replies":[{"embeddable":true,"href":"https:\/\/vocesparalelas.com.ar\/sitio\/wp-json\/wp\/v2\/comments?post=85568"}],"version-history":[{"count":4,"href":"https:\/\/vocesparalelas.com.ar\/sitio\/wp-json\/wp\/v2\/posts\/85568\/revisions"}],"predecessor-version":[{"id":85575,"href":"https:\/\/vocesparalelas.com.ar\/sitio\/wp-json\/wp\/v2\/posts\/85568\/revisions\/85575"}],"wp:featuredmedia":[{"embeddable":true,"href":"https:\/\/vocesparalelas.com.ar\/sitio\/wp-json\/wp\/v2\/media\/85571"}],"wp:attachment":[{"href":"https:\/\/vocesparalelas.com.ar\/sitio\/wp-json\/wp\/v2\/media?parent=85568"}],"wp:term":[{"taxonomy":"category","embeddable":true,"href":"https:\/\/vocesparalelas.com.ar\/sitio\/wp-json\/wp\/v2\/categories?post=85568"},{"taxonomy":"post_tag","embeddable":true,"href":"https:\/\/vocesparalelas.com.ar\/sitio\/wp-json\/wp\/v2\/tags?post=85568"}],"curies":[{"name":"wp","href":"https:\/\/api.w.org\/{rel}","templated":true}]}}