{"id":85563,"date":"2025-04-27T22:19:21","date_gmt":"2025-04-28T01:19:21","guid":{"rendered":"https:\/\/vocesparalelas.com.ar\/sitio\/?p=85563"},"modified":"2025-04-28T14:58:59","modified_gmt":"2025-04-28T17:58:59","slug":"opera-pinocchio-para-los-alumnos-de-las-escuelas-del-nivel-primario-de-san-juan-en-el-teatro-del-bicentenario","status":"publish","type":"post","link":"https:\/\/vocesparalelas.com.ar\/sitio\/opera-pinocchio-para-los-alumnos-de-las-escuelas-del-nivel-primario-de-san-juan-en-el-teatro-del-bicentenario\/","title":{"rendered":"\u00d3pera \u201cPinocchio\u201d para los alumnos de las Escuelas del Nivel Primario de San Juan en el Teatro del Bicentenario"},"content":{"rendered":"<p>El Ministerio de Turismo, Cultura y Deporte del Gobierno de San Juan, a trav\u00e9s del Teatro del Bicentenario y en colaboraci\u00f3n de la Fundaci\u00f3n Amigos del Teatro del Bicentenario, invita a vivir un momento \u00fanico con el estreno mundial de la \u00f3pera \u201cPinocchio\u201d.<\/p>\n<p>Cabe destacar que esta producci\u00f3n es posible gracias a la Ley de Mecenazgo Cultural, y su patrocinador \u201cSe\u00f1or Gonz\u00e1lez\u201d. Esta producci\u00f3n original de gran envergadura, tambi\u00e9n, cuenta con el acompa\u00f1amiento fundamental de grandes aliados: Veladero, Banco San Juan y la Fundaci\u00f3n Banco San Juan a trav\u00e9s del programa \u201cCon la m\u00fasica a otra parte\u201d.<\/p>\n<p>En esta oportunidad, la propuesta art\u00edstica y did\u00e1ctica est\u00e1 destinada a alumnos de 4\u00b0, 5\u00b0 y 6\u00b0 grado de escuelas primarias de la provincia, y busca acercar a m\u00e1s de 7000 ni\u00f1os de San Juan a vivir una experiencia \u00fanica e introducirse en el maravilloso mundo de la \u00f3pera. Pinocchio es una obra deslumbrante que marcar\u00e1 un hito en la cultura de San Juan y Argentina, y pasar\u00e1 a conformar el repertorio del Teatro y legado cultural de la comunidad sanjuanina.<\/p>\n<p>La convocatoria est\u00e1 abierta a escuelas e instituciones educativas de segundo ciclo de educaci\u00f3n Primaria, 4\u00b0, 5\u00b0 y 6\u00b0 grado, tanto de gesti\u00f3n p\u00fablica como privada de la Provincia de San Juan, con cupo limitado.<\/p>\n<p>Para poder participar, los docentes a cargo deben inscribir previamente a sus alumnos a trav\u00e9s del siguiente formulario:<\/p>\n<p><a href=\"https:\/\/forms.gle\/8hWdVEUmgeRuTmWQ8\">https:\/\/forms.gle\/8hWdVEUmgeRuTmWQ8<\/a><\/p>\n<p><span style=\"color: #ff6600;\"><strong>Las inscripciones estar\u00e1n disponibles desde el 28 al 30 de Abril<\/strong><\/span><\/p>\n<p>Esta creaci\u00f3n de la compositora alemana Gloria Bruni est\u00e1 dirigida a toda la familia y se realizar\u00e1 bajo la direcci\u00f3n art\u00edstica de Eleonora Comelli. La concepci\u00f3n y puesta en escena significa un nuevo desaf\u00edo art\u00edstico, t\u00e9cnico y de producci\u00f3n para el Teatro del Bicentenario, transportando a peque\u00f1os y grandes, a un mundo cargado de magia, m\u00fasica y emoci\u00f3n.<\/p>\n<p>La iniciativa cuenta con Declaraci\u00f3n de Inter\u00e9s Cultural con resoluci\u00f3n N\u00b0 0061-SC-2025 del Ministerio de Turismo, Cultura y Deporte y Declaraci\u00f3n de Inter\u00e9s Educativo del Ministerio de Educaci\u00f3n. Esto fomenta su car\u00e1cter pedag\u00f3gico y su integraci\u00f3n al calendario escolar.<\/p>\n<p><strong><span style=\"color: #ff6600;\">El Teatro del Bicentenario en su Sala Principal presenta funciones gratuitas de Pinocchio<\/span><\/strong><\/p>\n<ul>\n<li>Lunes, 30 de Junio, a las 11 hs.,<\/li>\n<li>Martes, 01 de Julio, a las 11 hs. y a las 15 hs.,<\/li>\n<li>Mi\u00e9rcoles, 02 de Julio, a las 11 hs,,<\/li>\n<li>Jueves, 03 de Julio, a las 11 hs.; y a ls 15 hs.<\/li>\n<\/ul>\n<p><strong><span style=\"color: #ff6600;\">Para mayor informaci\u00f3n<\/span><\/strong><\/p>\n<p>Puede hacer sus consultas al siguiente e-mail: <span id=\"cloak8cc860473ab3470d55647a25bffb6d63\"><a href=\"mailto:gestiondepublicotdb@gmail.com\">gestiondepublicotdb@gmail.com<\/a><\/span><\/p>\n<p>&nbsp;<\/p>\n<figure id=\"attachment_59510\" aria-describedby=\"caption-attachment-59510\" style=\"width: 800px\" class=\"wp-caption alignnone\"><img loading=\"lazy\" decoding=\"async\" class=\"size-full wp-image-59510\" src=\"https:\/\/vocesparalelas.com.ar\/sitio\/wp-content\/uploads\/2023\/05\/TB-PATRIO.jpg\" alt=\"\" width=\"800\" height=\"534\" srcset=\"https:\/\/vocesparalelas.com.ar\/sitio\/wp-content\/uploads\/2023\/05\/TB-PATRIO.jpg 800w, https:\/\/vocesparalelas.com.ar\/sitio\/wp-content\/uploads\/2023\/05\/TB-PATRIO-300x200.jpg 300w, https:\/\/vocesparalelas.com.ar\/sitio\/wp-content\/uploads\/2023\/05\/TB-PATRIO-768x513.jpg 768w\" sizes=\"auto, (max-width: 800px) 100vw, 800px\" \/><figcaption id=\"caption-attachment-59510\" class=\"wp-caption-text\">Teatro Bicentenario en la Provincia de San Juan, Rep\u00fablica Argentina<\/figcaption><\/figure>\n","protected":false},"excerpt":{"rendered":"<p>El Ministerio de Turismo, Cultura y Deporte del Gobierno de San Juan, a trav\u00e9s del Teatro del Bicentenario y en<\/p>\n","protected":false},"author":3,"featured_media":85566,"comment_status":"closed","ping_status":"closed","sticky":false,"template":"","format":"standard","meta":{"_acf_changed":false,"_seopress_robots_primary_cat":"none","_seopress_titles_title":"","_seopress_titles_desc":"","_seopress_robots_index":"","colormag_page_container_layout":"default_layout","colormag_page_sidebar_layout":"default_layout","footnotes":""},"categories":[5],"tags":[],"class_list":["post-85563","post","type-post","status-publish","format-standard","has-post-thumbnail","hentry","category-ofrecimientos"],"acf":[],"_links":{"self":[{"href":"https:\/\/vocesparalelas.com.ar\/sitio\/wp-json\/wp\/v2\/posts\/85563","targetHints":{"allow":["GET"]}}],"collection":[{"href":"https:\/\/vocesparalelas.com.ar\/sitio\/wp-json\/wp\/v2\/posts"}],"about":[{"href":"https:\/\/vocesparalelas.com.ar\/sitio\/wp-json\/wp\/v2\/types\/post"}],"author":[{"embeddable":true,"href":"https:\/\/vocesparalelas.com.ar\/sitio\/wp-json\/wp\/v2\/users\/3"}],"replies":[{"embeddable":true,"href":"https:\/\/vocesparalelas.com.ar\/sitio\/wp-json\/wp\/v2\/comments?post=85563"}],"version-history":[{"count":1,"href":"https:\/\/vocesparalelas.com.ar\/sitio\/wp-json\/wp\/v2\/posts\/85563\/revisions"}],"predecessor-version":[{"id":85567,"href":"https:\/\/vocesparalelas.com.ar\/sitio\/wp-json\/wp\/v2\/posts\/85563\/revisions\/85567"}],"wp:featuredmedia":[{"embeddable":true,"href":"https:\/\/vocesparalelas.com.ar\/sitio\/wp-json\/wp\/v2\/media\/85566"}],"wp:attachment":[{"href":"https:\/\/vocesparalelas.com.ar\/sitio\/wp-json\/wp\/v2\/media?parent=85563"}],"wp:term":[{"taxonomy":"category","embeddable":true,"href":"https:\/\/vocesparalelas.com.ar\/sitio\/wp-json\/wp\/v2\/categories?post=85563"},{"taxonomy":"post_tag","embeddable":true,"href":"https:\/\/vocesparalelas.com.ar\/sitio\/wp-json\/wp\/v2\/tags?post=85563"}],"curies":[{"name":"wp","href":"https:\/\/api.w.org\/{rel}","templated":true}]}}