{"id":85559,"date":"2025-04-26T21:46:04","date_gmt":"2025-04-27T00:46:04","guid":{"rendered":"https:\/\/vocesparalelas.com.ar\/sitio\/?p=85559"},"modified":"2025-04-28T12:17:33","modified_gmt":"2025-04-28T15:17:33","slug":"adios-papa-francisco-el-amor-no-termina-con-la-muerte","status":"publish","type":"post","link":"https:\/\/vocesparalelas.com.ar\/sitio\/adios-papa-francisco-el-amor-no-termina-con-la-muerte\/","title":{"rendered":"Adi\u00f3s, Papa Francisco: el amor no termina con la muerte"},"content":{"rendered":"<p>Por el Arzobispo de San Juan de Cuyo, Monse\u00f1or Jorge Eduardo Lozano<\/p>\n<p>Hemos vivido una semana intensa, de esas que dejan huella en la historia y en el coraz\u00f3n. Desde que supimos el lunes temprano, que el Papa Francisco hab\u00eda fallecido, el mundo se detuvo un instante. Silencio, l\u00e1grimas, oraciones. Y luego, como una oleada imparable, comenzaron a brotar los recuerdos, las evocaciones, los homenajes. Porque Francisco no fue solo un Papa: fue un hermano cercano, un pastor con olor a oveja, un testigo coherente del Evangelio, un hombre que supo abrazar al mundo entero con sencillez, profundidad y ternura.<\/p>\n<p>En cada rinc\u00f3n del planeta se han compartido an\u00e9cdotas inolvidables. Algunos recordaron su sonrisa bajo la lluvia, su saludo espont\u00e1neo a un ni\u00f1o que sub\u00eda al papam\u00f3vil, su valent\u00eda para hablar con firmeza a los poderosos, su oraci\u00f3n silenciosa en Auschwitz, su gesto de arrodillarse para pedir perd\u00f3n. Otros contaron c\u00f3mo una carta suya cambi\u00f3 el rumbo de una comunidad, c\u00f3mo su llamada telef\u00f3nica inesperada ilumin\u00f3 una noche oscura, c\u00f3mo sus palabras los empujaron a volver a confiar en Dios y en la Iglesia. Lo cierto es que nadie qued\u00f3 indiferente: Francisco toc\u00f3 el alma de creyentes y no creyentes con la fuerza de su autenticidad.<\/p>\n<p>En medio de esta despedida, la imagen del ata\u00fad cerrado ha quedado grabada en millones de miradas. Un caj\u00f3n de madera sencillo, como \u00e9l quiso. Se cerr\u00f3 el caj\u00f3n, s\u00ed, pero eso no es el final, ni el suyo ni el nuestro.<\/p>\n<p>El Evangelio de este domingo viene a confirmarlo de una manera luminosa. Jes\u00fas, despu\u00e9s de su muerte, se presenta ante sus disc\u00edpulos con las puertas cerradas por el miedo. Y lo hace mostr\u00e1ndoles sus llagas glorificadas, como diciendo: \u00abAqu\u00ed estoy, soy yo, el Crucificado que vive\u00bb. Las llagas de Francisco \u2014su edad, su debilidad f\u00edsica, sus noches de insomnio, sus l\u00e1grimas ante el dolor del mundo\u2014 tambi\u00e9n han quedado glorificadas en la memoria de todos nosotros.<\/p>\n<p>Hoy lloramos su partida y con raz\u00f3n. Vamos a extra\u00f1ar su voz inconfundible en el balc\u00f3n del Vaticano, sus gestos de afecto a los m\u00e1s pobres, su risa c\u00f3mplice, sus frases directas que no buscaban agradar sino despertar. Nos har\u00e1 falta su presencia de abuelo sabio, su oraci\u00f3n constante por la paz, su valent\u00eda para iniciar reformas, su manera de mirar a todos con bondad sin perder la firmeza de sus convicciones.<\/p>\n<p>Francisco nos ha dejado una herencia inmensa. Su magisterio, claro y prof\u00e9tico, seguir\u00e1 guiando a la Iglesia en temas claves como la ecolog\u00eda integral, la sinodalidad, la opci\u00f3n preferencial por los pobres, la misericordia como rostro del Padre. Su estilo pastoral, marcado por la escucha, la cercan\u00eda y el servicio, seguir\u00e1 siendo br\u00fajula para los nuevos<\/p>\n<p>tiempos. Y, sobre todo, su ejemplo de vida nos invita a confiar con audacia, a abrir las puertas cerradas por el miedo, a dejarnos transformar por el amor de Cristo.<\/p>\n<p>Tal vez sea ahora, en su ausencia f\u00edsica, cuando m\u00e1s sentimos su presencia espiritual. No estamos hu\u00e9rfanos. El ejemplo de Francisco sigue moviendo el \u00e1nimo de nuestras comunidades que a veces est\u00e1n paralizadas por el miedo o la rutina. Nos muestra las llagas del mundo, nos habla al coraz\u00f3n, nos recuerda que el Evangelio sigue siendo una fuerza de vida.<\/p>\n<p>La mejor manera de honrar su memoria no es quedarnos en la nostalgia, sino seguir andando. No dejar que su testimonio se archive en un museo, sino que inspire nuestras decisiones cotidianas. Seguir saliendo, como \u00e9l nos pidi\u00f3, hacia las periferias, hacia los descartados, hacia los que necesitan que les digan: \u201cNo est\u00e1s solo, Dios te ama\u201d.<\/p>\n<p>Gracias, querido Francisco, por haber sido puente, profeta, sembrador de paz. Gracias por habernos recordado que la ternura no es debilidad, que la verdad no necesita gritar, que la Iglesia puede ser madre y hospital de campa\u00f1a. Hoy cerramos el caj\u00f3n con dolor, pero tambi\u00e9n con gratitud. Tu vida ha dejado una huella imborrable. Tu partida nos sacude, pero no nos deja vac\u00edos.<\/p>\n<p>Porque lo que se vive desde el amor, nunca muere del todo. Hasta siempre, Papa Francisco. Ruega por nosotros.<\/p>\n<p>Este Domingo de la Misericordia es una invitaci\u00f3n a dejarnos alcanzar por la Vida Nueva de Jes\u00fas, a tocar sus llagas gloriosas en los pobres, en los enfermos, en los que sufren. A volver a la comunidad si nos hab\u00edamos alejado. A dejarnos llenar por su Esp\u00edritu para vivir como testigos de su amor.<\/p>\n<p>&nbsp;<\/p>\n<p><iframe loading=\"lazy\" title=\"SAN JUAN MONSE\u00d1OR JORGE LOZANO\" width=\"800\" height=\"450\" src=\"https:\/\/www.youtube.com\/embed\/Jr-CKkCAe-A?feature=oembed\" frameborder=\"0\" allow=\"accelerometer; autoplay; clipboard-write; encrypted-media; gyroscope; picture-in-picture; web-share\" referrerpolicy=\"strict-origin-when-cross-origin\" allowfullscreen><\/iframe><\/p>\n<p><img loading=\"lazy\" decoding=\"async\" class=\"alignnone size-full wp-image-61416\" src=\"https:\/\/vocesparalelas.com.ar\/sitio\/wp-content\/uploads\/2023\/07\/ARZOBISPADO-EDIFICIO.jpg\" alt=\"\" width=\"800\" height=\"600\" srcset=\"https:\/\/vocesparalelas.com.ar\/sitio\/wp-content\/uploads\/2023\/07\/ARZOBISPADO-EDIFICIO.jpg 800w, https:\/\/vocesparalelas.com.ar\/sitio\/wp-content\/uploads\/2023\/07\/ARZOBISPADO-EDIFICIO-300x225.jpg 300w, https:\/\/vocesparalelas.com.ar\/sitio\/wp-content\/uploads\/2023\/07\/ARZOBISPADO-EDIFICIO-768x576.jpg 768w\" sizes=\"auto, (max-width: 800px) 100vw, 800px\" \/><\/p>\n","protected":false},"excerpt":{"rendered":"<p>Por el Arzobispo de San Juan de Cuyo, Monse\u00f1or Jorge Eduardo Lozano Hemos vivido una semana intensa, de esas que<\/p>\n","protected":false},"author":3,"featured_media":15740,"comment_status":"closed","ping_status":"closed","sticky":false,"template":"","format":"standard","meta":{"_acf_changed":false,"_seopress_robots_primary_cat":"none","_seopress_titles_title":"","_seopress_titles_desc":"","_seopress_robots_index":"","colormag_page_container_layout":"default_layout","colormag_page_sidebar_layout":"default_layout","footnotes":""},"categories":[10,7],"tags":[],"class_list":["post-85559","post","type-post","status-publish","format-standard","has-post-thumbnail","hentry","category-opiniones","category-videos"],"acf":[],"_links":{"self":[{"href":"https:\/\/vocesparalelas.com.ar\/sitio\/wp-json\/wp\/v2\/posts\/85559","targetHints":{"allow":["GET"]}}],"collection":[{"href":"https:\/\/vocesparalelas.com.ar\/sitio\/wp-json\/wp\/v2\/posts"}],"about":[{"href":"https:\/\/vocesparalelas.com.ar\/sitio\/wp-json\/wp\/v2\/types\/post"}],"author":[{"embeddable":true,"href":"https:\/\/vocesparalelas.com.ar\/sitio\/wp-json\/wp\/v2\/users\/3"}],"replies":[{"embeddable":true,"href":"https:\/\/vocesparalelas.com.ar\/sitio\/wp-json\/wp\/v2\/comments?post=85559"}],"version-history":[{"count":1,"href":"https:\/\/vocesparalelas.com.ar\/sitio\/wp-json\/wp\/v2\/posts\/85559\/revisions"}],"predecessor-version":[{"id":85562,"href":"https:\/\/vocesparalelas.com.ar\/sitio\/wp-json\/wp\/v2\/posts\/85559\/revisions\/85562"}],"wp:featuredmedia":[{"embeddable":true,"href":"https:\/\/vocesparalelas.com.ar\/sitio\/wp-json\/wp\/v2\/media\/15740"}],"wp:attachment":[{"href":"https:\/\/vocesparalelas.com.ar\/sitio\/wp-json\/wp\/v2\/media?parent=85559"}],"wp:term":[{"taxonomy":"category","embeddable":true,"href":"https:\/\/vocesparalelas.com.ar\/sitio\/wp-json\/wp\/v2\/categories?post=85559"},{"taxonomy":"post_tag","embeddable":true,"href":"https:\/\/vocesparalelas.com.ar\/sitio\/wp-json\/wp\/v2\/tags?post=85559"}],"curies":[{"name":"wp","href":"https:\/\/api.w.org\/{rel}","templated":true}]}}