{"id":85488,"date":"2025-04-25T13:09:07","date_gmt":"2025-04-25T16:09:07","guid":{"rendered":"https:\/\/vocesparalelas.com.ar\/sitio\/?p=85488"},"modified":"2025-04-26T19:35:17","modified_gmt":"2025-04-26T22:35:17","slug":"disfruta-en-familia-el-dia-internacional-de-la-danza-en-san-juan","status":"publish","type":"post","link":"https:\/\/vocesparalelas.com.ar\/sitio\/disfruta-en-familia-el-dia-internacional-de-la-danza-en-san-juan\/","title":{"rendered":"Disfruta en familia el D\u00eda Internacional de la Danza en San Juan"},"content":{"rendered":"<p>El Ministerio de Turismo, Cultura y Deporte del Gobierno de San Juan, a trav\u00e9s del Teatro del Bicentenario, el Ministerio de Educaci\u00f3n a trav\u00e9s de la Direcci\u00f3n de Ense\u00f1anza Privada, la Municipalidad de la Ciudad de San Juan y la Red Integral Privada Educativa &#8211; RIPE &#8211; organizaron actividades durante la semana del 25 al 29 de Abril en el marco del D\u00eda Internacional de la Danza.<\/p>\n<p><img loading=\"lazy\" decoding=\"async\" class=\"alignnone size-full wp-image-85492\" src=\"https:\/\/vocesparalelas.com.ar\/sitio\/wp-content\/uploads\/2025\/04\/DANZA-DIA-01-1.jpg\" alt=\"\" width=\"800\" height=\"465\" srcset=\"https:\/\/vocesparalelas.com.ar\/sitio\/wp-content\/uploads\/2025\/04\/DANZA-DIA-01-1.jpg 800w, https:\/\/vocesparalelas.com.ar\/sitio\/wp-content\/uploads\/2025\/04\/DANZA-DIA-01-1-300x174.jpg 300w, https:\/\/vocesparalelas.com.ar\/sitio\/wp-content\/uploads\/2025\/04\/DANZA-DIA-01-1-768x446.jpg 768w\" sizes=\"auto, (max-width: 800px) 100vw, 800px\" \/><\/p>\n<p><strong><span style=\"color: #ff6600;\">Cronograma<\/span><\/strong><\/p>\n<ul>\n<li>Viernes, 25 de Abril, se dicta el Seminario Intensivo de Danza por las maestras Lidia Segni, Cecilia Figaredo y Sol Rourich.<\/li>\n<li>S\u00e1bado 26 de Abril, a las 11 hs.;\u00a0 en la Plaza del Bicentenario se realiza la muestra Sentir Danza organizado por RIPE, donde las instituciones de danza que nuclea realizar\u00e1n una presentaci\u00f3n individual y culminar\u00e1 con una presentaci\u00f3n grupal. En el 2024 asistieron 800 personas aproximadamente. Esta iniciativa se lleva a delante en el marco de los 60 a\u00f1os de la Direcci\u00f3n de Ense\u00f1anza Privada en colaboraci\u00f3n con la Municipalidad de la Ciudad de San Juan y el Ministerio de Turismo, Cultura y Deporte.<\/li>\n<li>Martes, 29 de Abril, comienzan las visitas guiadas para Institutos de Danza. Esta actividad es una iniciativa presentada por el instituto Estudio Ballet para que sus alumnas puedan conocer todos los espacios del Teatro del Bicentenario. Las maestras del Programa de danza tambi\u00e9n participan de esta actividad cont\u00e1ndoles sobre su experiencia y trabajo en el mundo de la danza.<\/li>\n<\/ul>\n<p><span style=\"color: #ff6600;\"><strong>D\u00eda Internacional de la Danza<\/strong><\/span><\/p>\n<p>El 29 de abril se celebra el D\u00eda Internacional de la Danza, declarado por la UNESCO en el a\u00f1o 1982, en conmemoraci\u00f3n al nacimiento del bailar\u00edn y pedagogo Jean George Noverre, con el esp\u00edritu de resignificar y valorizar el arte de la danza y el movimiento como lenguaje universal que transforma, trasciende barreras y conecta culturas.<\/p>\n<p>&nbsp;<\/p>\n<p><img loading=\"lazy\" decoding=\"async\" class=\"alignnone size-large wp-image-21666\" src=\"https:\/\/vocesparalelas.com.ar\/sitio\/wp-content\/uploads\/2019\/06\/TEATRO-BICENTENARIO-10-800x600.jpg\" alt=\"\" width=\"800\" height=\"600\" srcset=\"https:\/\/vocesparalelas.com.ar\/sitio\/wp-content\/uploads\/2019\/06\/TEATRO-BICENTENARIO-10-800x600.jpg 800w, https:\/\/vocesparalelas.com.ar\/sitio\/wp-content\/uploads\/2019\/06\/TEATRO-BICENTENARIO-10-300x225.jpg 300w, https:\/\/vocesparalelas.com.ar\/sitio\/wp-content\/uploads\/2019\/06\/TEATRO-BICENTENARIO-10-768x576.jpg 768w, https:\/\/vocesparalelas.com.ar\/sitio\/wp-content\/uploads\/2019\/06\/TEATRO-BICENTENARIO-10.jpg 1000w\" sizes=\"auto, (max-width: 800px) 100vw, 800px\" \/><\/p>\n","protected":false},"excerpt":{"rendered":"<p>El Ministerio de Turismo, Cultura y Deporte del Gobierno de San Juan, a trav\u00e9s del Teatro del Bicentenario, el Ministerio<\/p>\n","protected":false},"author":3,"featured_media":85491,"comment_status":"closed","ping_status":"closed","sticky":false,"template":"","format":"standard","meta":{"_acf_changed":false,"_seopress_robots_primary_cat":"none","_seopress_titles_title":"","_seopress_titles_desc":"","_seopress_robots_index":"","colormag_page_container_layout":"default_layout","colormag_page_sidebar_layout":"default_layout","footnotes":""},"categories":[20],"tags":[],"class_list":["post-85488","post","type-post","status-publish","format-standard","has-post-thumbnail","hentry","category-cartelera"],"acf":[],"_links":{"self":[{"href":"https:\/\/vocesparalelas.com.ar\/sitio\/wp-json\/wp\/v2\/posts\/85488","targetHints":{"allow":["GET"]}}],"collection":[{"href":"https:\/\/vocesparalelas.com.ar\/sitio\/wp-json\/wp\/v2\/posts"}],"about":[{"href":"https:\/\/vocesparalelas.com.ar\/sitio\/wp-json\/wp\/v2\/types\/post"}],"author":[{"embeddable":true,"href":"https:\/\/vocesparalelas.com.ar\/sitio\/wp-json\/wp\/v2\/users\/3"}],"replies":[{"embeddable":true,"href":"https:\/\/vocesparalelas.com.ar\/sitio\/wp-json\/wp\/v2\/comments?post=85488"}],"version-history":[{"count":1,"href":"https:\/\/vocesparalelas.com.ar\/sitio\/wp-json\/wp\/v2\/posts\/85488\/revisions"}],"predecessor-version":[{"id":85493,"href":"https:\/\/vocesparalelas.com.ar\/sitio\/wp-json\/wp\/v2\/posts\/85488\/revisions\/85493"}],"wp:featuredmedia":[{"embeddable":true,"href":"https:\/\/vocesparalelas.com.ar\/sitio\/wp-json\/wp\/v2\/media\/85491"}],"wp:attachment":[{"href":"https:\/\/vocesparalelas.com.ar\/sitio\/wp-json\/wp\/v2\/media?parent=85488"}],"wp:term":[{"taxonomy":"category","embeddable":true,"href":"https:\/\/vocesparalelas.com.ar\/sitio\/wp-json\/wp\/v2\/categories?post=85488"},{"taxonomy":"post_tag","embeddable":true,"href":"https:\/\/vocesparalelas.com.ar\/sitio\/wp-json\/wp\/v2\/tags?post=85488"}],"curies":[{"name":"wp","href":"https:\/\/api.w.org\/{rel}","templated":true}]}}