{"id":85482,"date":"2025-04-24T23:18:23","date_gmt":"2025-04-25T02:18:23","guid":{"rendered":"https:\/\/vocesparalelas.com.ar\/sitio\/?p=85482"},"modified":"2025-04-24T23:18:23","modified_gmt":"2025-04-25T02:18:23","slug":"se-presento-el-potencial-de-san-juan-ante-diplomaticos-de-22-paises-de-la-union-europea-en-argentina","status":"publish","type":"post","link":"https:\/\/vocesparalelas.com.ar\/sitio\/se-presento-el-potencial-de-san-juan-ante-diplomaticos-de-22-paises-de-la-union-europea-en-argentina\/","title":{"rendered":"Se present\u00f3 el potencial de San Juan ante diplom\u00e1ticos de 22 pa\u00edses de la Uni\u00f3n Europea en Argentina"},"content":{"rendered":"<p>En una reuni\u00f3n poco habitual, el gobernador de San Juan, Dr. Marcelo Orrego, fue recibido en la sede de la Embajada de la Uni\u00f3n Europea en Buenos Aires por el embajador Amador S\u00e1nchez Rico y representantes diplom\u00e1ticos de otros 22 pa\u00edses miembros del bloque.<\/p>\n<p>La invitaci\u00f3n, exclusiva para la provincia de San Juan, se enmarca en la estrategia europea de fortalecer v\u00ednculos con regiones clave de Argentina por su perfil productivo y su proyecci\u00f3n internacional.<\/p>\n<p>Por ello, el gobernador de San Juan, Dr. Marcelo Orrego asisti\u00f3 acompa\u00f1ado por el ministro de Producci\u00f3n, Trabajo e Innovaci\u00f3n, CPN Gustavo Fern\u00e1ndez; el ministro de Turismo, Cultura y Deportes, Dr. Guido Romero; la ministra de Gobierno, Dra. Laura Palma; el ministro de Miner\u00eda, Dr. Juan Pablo Perea; y la diputada nacional Dra. Nancy Pic\u00f3n.<\/p>\n<p>Durante la reuni\u00f3n, la delegaci\u00f3n de San Juan present\u00f3 las ventajas competitivas de la provincia en sectores como miner\u00eda, energ\u00edas renovables, agroindustria y turismo, con el objetivo de atraer inversiones extranjeras.<\/p>\n<p>El mandatario provincial resalt\u00f3 los cambios producidos en el pa\u00eds y en San Juan para favorecer un mejor clima de inversiones, y la relevancia que la provincia otorga a la inversi\u00f3n privada como generadora de empleo, siempre con una mirada basada en la sustentabilidad.<\/p>\n<p>\u201cArgentina transita un camino de reformas y apertura al mundo, ordenando su macroeconom\u00eda y recuperando confianza y estabilidad. Desde San Juan acompa\u00f1amos todas aquellas propuestas orientadas a mejorar la calidad de vida de los argentinos y de los sanjuaninos en particular\u201d, sostuvo Orrego.<\/p>\n<p>El embajador S\u00e1nchez Rico destac\u00f3 la relevancia estrat\u00e9gica que tiene San Juan para la transici\u00f3n energ\u00e9tica y la electromovilidad, se\u00f1alando su potencial como futuro proveedor global de cobre.<\/p>\n<p>La reuni\u00f3n concluy\u00f3 con un intercambio de preguntas y respuestas entre los diplom\u00e1ticos europeos y la comitiva sanjuanina, quienes coincidieron en la importancia de generar alianzas estrat\u00e9gicas que potencien el crecimiento.<\/p>\n<p><span style=\"color: #ff6600;\"><strong>Listado de pa\u00edses presentes en la reuni\u00f3n<\/strong><\/span><\/p>\n<p>01. Alemania<br \/>\n02. Austria<br \/>\n03. B\u00e9lgica<br \/>\n04. Bulgaria<br \/>\n05. Croacia<br \/>\n06. Rep\u00fablica Checa<br \/>\n07. Dinamarca<br \/>\n08. Eslovaquia<br \/>\n09. Eslovenia<br \/>\n10. Espa\u00f1a<br \/>\n11. Estonia<br \/>\n12. Finlandia<br \/>\n13. Francia<br \/>\n14. Grecia<br \/>\n15. Hungr\u00eda<br \/>\n16. Irlanda<br \/>\n17. Italia<br \/>\n18. Letonia<br \/>\n19. Lituania<br \/>\n20. Pa\u00edses Bajos<br \/>\n21. Polonia<br \/>\n22. Portugal<\/p>\n<p><strong><span style=\"color: #ff6600;\">Informaci\u00f3n adicional<\/span><\/strong><\/p>\n<ul>\n<li>La Uni\u00f3n Europea tiene una poblaci\u00f3n de m\u00e1s de 440 millones de personas y una econom\u00eda diversificada.<\/li>\n<li>La UE tiene una pol\u00edtica com\u00fan en \u00e1reas como la agricultura, el comercio y la pol\u00edtica exterior.<\/li>\n<li>La UE tambi\u00e9n tiene una moneda com\u00fan, el euro, que es utilizada por 19 de los 27 pa\u00edses miembros.<\/li>\n<\/ul>\n<p><img loading=\"lazy\" decoding=\"async\" class=\"alignnone size-full wp-image-65642\" src=\"https:\/\/vocesparalelas.com.ar\/sitio\/wp-content\/uploads\/2023\/11\/GOBIERNO-SAN-JUAN.jpg\" alt=\"\" width=\"800\" height=\"600\" srcset=\"https:\/\/vocesparalelas.com.ar\/sitio\/wp-content\/uploads\/2023\/11\/GOBIERNO-SAN-JUAN.jpg 800w, https:\/\/vocesparalelas.com.ar\/sitio\/wp-content\/uploads\/2023\/11\/GOBIERNO-SAN-JUAN-300x225.jpg 300w, https:\/\/vocesparalelas.com.ar\/sitio\/wp-content\/uploads\/2023\/11\/GOBIERNO-SAN-JUAN-768x576.jpg 768w\" sizes=\"auto, (max-width: 800px) 100vw, 800px\" \/><\/p>\n","protected":false},"excerpt":{"rendered":"<p>En una reuni\u00f3n poco habitual, el gobernador de San Juan, Dr. Marcelo Orrego, fue recibido en la sede de la<\/p>\n","protected":false},"author":3,"featured_media":85485,"comment_status":"closed","ping_status":"closed","sticky":false,"template":"","format":"standard","meta":{"_acf_changed":false,"_seopress_robots_primary_cat":"none","_seopress_titles_title":"","_seopress_titles_desc":"","_seopress_robots_index":"","colormag_page_container_layout":"default_layout","colormag_page_sidebar_layout":"default_layout","footnotes":""},"categories":[1],"tags":[],"class_list":["post-85482","post","type-post","status-publish","format-standard","has-post-thumbnail","hentry","category-destacadas"],"acf":[],"_links":{"self":[{"href":"https:\/\/vocesparalelas.com.ar\/sitio\/wp-json\/wp\/v2\/posts\/85482","targetHints":{"allow":["GET"]}}],"collection":[{"href":"https:\/\/vocesparalelas.com.ar\/sitio\/wp-json\/wp\/v2\/posts"}],"about":[{"href":"https:\/\/vocesparalelas.com.ar\/sitio\/wp-json\/wp\/v2\/types\/post"}],"author":[{"embeddable":true,"href":"https:\/\/vocesparalelas.com.ar\/sitio\/wp-json\/wp\/v2\/users\/3"}],"replies":[{"embeddable":true,"href":"https:\/\/vocesparalelas.com.ar\/sitio\/wp-json\/wp\/v2\/comments?post=85482"}],"version-history":[{"count":1,"href":"https:\/\/vocesparalelas.com.ar\/sitio\/wp-json\/wp\/v2\/posts\/85482\/revisions"}],"predecessor-version":[{"id":85486,"href":"https:\/\/vocesparalelas.com.ar\/sitio\/wp-json\/wp\/v2\/posts\/85482\/revisions\/85486"}],"wp:featuredmedia":[{"embeddable":true,"href":"https:\/\/vocesparalelas.com.ar\/sitio\/wp-json\/wp\/v2\/media\/85485"}],"wp:attachment":[{"href":"https:\/\/vocesparalelas.com.ar\/sitio\/wp-json\/wp\/v2\/media?parent=85482"}],"wp:term":[{"taxonomy":"category","embeddable":true,"href":"https:\/\/vocesparalelas.com.ar\/sitio\/wp-json\/wp\/v2\/categories?post=85482"},{"taxonomy":"post_tag","embeddable":true,"href":"https:\/\/vocesparalelas.com.ar\/sitio\/wp-json\/wp\/v2\/tags?post=85482"}],"curies":[{"name":"wp","href":"https:\/\/api.w.org\/{rel}","templated":true}]}}