{"id":85435,"date":"2025-04-24T14:47:03","date_gmt":"2025-04-24T17:47:03","guid":{"rendered":"https:\/\/vocesparalelas.com.ar\/sitio\/?p=85435"},"modified":"2025-04-24T23:21:54","modified_gmt":"2025-04-25T02:21:54","slug":"obligaciones-de-la-municipalidad-de-caucete-de-san-juan-frente-a-la-deuda-millonaria","status":"publish","type":"post","link":"https:\/\/vocesparalelas.com.ar\/sitio\/obligaciones-de-la-municipalidad-de-caucete-de-san-juan-frente-a-la-deuda-millonaria\/","title":{"rendered":"Obligaciones de la Municipalidad de Caucete de San Juan frente a la deuda millonaria"},"content":{"rendered":"<p>En Acta Acuerdo del 17\/07\/24, D.E.C.S.A. y la Municipalidad de Caucete se comprometieron a establecer una Comisi\u00f3n de Evaluaci\u00f3n y Seguimiento, para analizar distintos aspectos t\u00e9cnicos en la prestaci\u00f3n del Servicio de Alumbrado P\u00fablico a cargo del Municipio, y a establecer de com\u00fan acuerdo un monto y plan de pago para la deuda que surgiera consensuada y consolidada, disponiendo las modificaciones normativas (Ordenanzas Municipales) necesarias en beneficio de las personas usuarias del Departamento.<\/p>\n<p>En la misma Acta, el E.P.R.E. puso a disposici\u00f3n del Municipio de Caucete y de D.E.C.S.A., un primer informe t\u00e9cnico, comprometi\u00e9ndose a accionar proactivamente para instrumentar una revisi\u00f3n \u201cex ante\u201d de los importes de CUM a incorporar en las facturaciones a emitir, prestando su colaboraci\u00f3n en todas las acciones a su alcance para la mejora de los procesos de facturaci\u00f3n y de la calidad en la prestaci\u00f3n de los servicios de electricidad en Caucete, as\u00ed como para colaborar en los acuerdos que deriven de los acuerdos plasmados en el Acta Acuerdo suscripta.<\/p>\n<p>En respuesta a una solicitud de la Municipalidad de Caucete, el E.P.R.E. instrument\u00f3 una auditor\u00eda exhaustiva de la facturaci\u00f3n de D.E.C.S.A. correspondiente a los suministros de Alumbrado P\u00fablico y Edificios Municipales, as\u00ed como de la gesti\u00f3n del CUM, para el per\u00edodo comprendido entre diciembre de 2022 y septiembre de 2024.<\/p>\n<p>En Resoluci\u00f3n N\u00b0 1045\/24, emitida por el Directorio del E.P.R.E. el 15 de noviembre de 2024, se aprob\u00f3 el informe de auditor\u00eda de los cargos facturados por D.E.C.S.A. en concepto de CUM.<\/p>\n<p>Se determin\u00f3 un saldo deudor consolidado a favor de D.E.C.S.A. de $ 465.186.616, resultante de la compensaci\u00f3n entre los cargos por los servicios el\u00e9ctricos suministrados por la Distribuidora, y la recaudaci\u00f3n eficiente del CUM que se realiza por cuenta y orden de la Municipalidad, ajustando la facturaci\u00f3n a criterios de eficiencia.<\/p>\n<p><span style=\"color: #008000;\"><strong>Obligaciones de la Municipalidad de Caucete<\/strong><\/span><\/p>\n<p>Seg\u00fan comunicaci\u00f3n de D.E.C.S.A. al E.P.R.E., a pesar de haberse mantenido reuniones, hasta la fecha no se ha alcanzado un acuerdo con la Municipalidad de Caucete sobre el plan de pagos para la deuda consolidada.<\/p>\n<p>La Distribuidora ha informado sobre el incumplimiento por parte de la Municipalidad\u00a0 y la posibilidad de iniciar acciones ejecutivas para el cobro de los montos adeudados m\u00e1s los intereses correspondientes.<\/p>\n<p>El E.P.R.E. ha notificado esta situaci\u00f3n a la Municipalidad, surgiendo la obligaci\u00f3n de este de abonar el saldo consolidado de $ 465.186.616 a favor de D.E.C.S.A., estando facultada la Distribuidora a aplicar intereses desde la fecha de vencimiento del plazo para formalizar el acuerdo.<\/p>\n<p>Ante la falta de pago y vencido el plazo para acordar un plan, D.E.C.S.A. est\u00e1 facultada por Ley Provincial N\u00ba 524-A para iniciar procedimiento ejecutivo judicial para el cobro de la deuda.<\/p>\n<p>El E.P.R.E. ha manifestado la importancia de que ambas partes alcancen un acuerdo por las deudas generadas, y contin\u00faa a disposici\u00f3n para colaborar en el marco de sus competencias, velando por el cumplimiento de la normativa y los derechos de las personas usuarias.<\/p>\n<p><img loading=\"lazy\" decoding=\"async\" class=\"alignnone size-large wp-image-13177\" src=\"https:\/\/vocesparalelas.com.ar\/sitio\/wp-content\/uploads\/2018\/07\/EPRE-LOGO-NUEVO-800x493.jpg\" alt=\"\" width=\"800\" height=\"493\" srcset=\"https:\/\/vocesparalelas.com.ar\/sitio\/wp-content\/uploads\/2018\/07\/EPRE-LOGO-NUEVO-800x493.jpg 800w, https:\/\/vocesparalelas.com.ar\/sitio\/wp-content\/uploads\/2018\/07\/EPRE-LOGO-NUEVO-300x185.jpg 300w, https:\/\/vocesparalelas.com.ar\/sitio\/wp-content\/uploads\/2018\/07\/EPRE-LOGO-NUEVO-768x473.jpg 768w, https:\/\/vocesparalelas.com.ar\/sitio\/wp-content\/uploads\/2018\/07\/EPRE-LOGO-NUEVO.jpg 1000w\" sizes=\"auto, (max-width: 800px) 100vw, 800px\" \/><\/p>\n","protected":false},"excerpt":{"rendered":"<p>En Acta Acuerdo del 17\/07\/24, D.E.C.S.A. y la Municipalidad de Caucete se comprometieron a establecer una Comisi\u00f3n de Evaluaci\u00f3n y<\/p>\n","protected":false},"author":3,"featured_media":85438,"comment_status":"closed","ping_status":"closed","sticky":false,"template":"","format":"standard","meta":{"_acf_changed":false,"_seopress_robots_primary_cat":"none","_seopress_titles_title":"","_seopress_titles_desc":"","_seopress_robots_index":"","colormag_page_container_layout":"default_layout","colormag_page_sidebar_layout":"default_layout","footnotes":""},"categories":[6],"tags":[],"class_list":["post-85435","post","type-post","status-publish","format-standard","has-post-thumbnail","hentry","category-eventos"],"acf":[],"_links":{"self":[{"href":"https:\/\/vocesparalelas.com.ar\/sitio\/wp-json\/wp\/v2\/posts\/85435","targetHints":{"allow":["GET"]}}],"collection":[{"href":"https:\/\/vocesparalelas.com.ar\/sitio\/wp-json\/wp\/v2\/posts"}],"about":[{"href":"https:\/\/vocesparalelas.com.ar\/sitio\/wp-json\/wp\/v2\/types\/post"}],"author":[{"embeddable":true,"href":"https:\/\/vocesparalelas.com.ar\/sitio\/wp-json\/wp\/v2\/users\/3"}],"replies":[{"embeddable":true,"href":"https:\/\/vocesparalelas.com.ar\/sitio\/wp-json\/wp\/v2\/comments?post=85435"}],"version-history":[{"count":1,"href":"https:\/\/vocesparalelas.com.ar\/sitio\/wp-json\/wp\/v2\/posts\/85435\/revisions"}],"predecessor-version":[{"id":85439,"href":"https:\/\/vocesparalelas.com.ar\/sitio\/wp-json\/wp\/v2\/posts\/85435\/revisions\/85439"}],"wp:featuredmedia":[{"embeddable":true,"href":"https:\/\/vocesparalelas.com.ar\/sitio\/wp-json\/wp\/v2\/media\/85438"}],"wp:attachment":[{"href":"https:\/\/vocesparalelas.com.ar\/sitio\/wp-json\/wp\/v2\/media?parent=85435"}],"wp:term":[{"taxonomy":"category","embeddable":true,"href":"https:\/\/vocesparalelas.com.ar\/sitio\/wp-json\/wp\/v2\/categories?post=85435"},{"taxonomy":"post_tag","embeddable":true,"href":"https:\/\/vocesparalelas.com.ar\/sitio\/wp-json\/wp\/v2\/tags?post=85435"}],"curies":[{"name":"wp","href":"https:\/\/api.w.org\/{rel}","templated":true}]}}