{"id":85408,"date":"2025-04-23T21:07:54","date_gmt":"2025-04-24T00:07:54","guid":{"rendered":"https:\/\/vocesparalelas.com.ar\/sitio\/?p=85408"},"modified":"2025-04-24T22:06:06","modified_gmt":"2025-04-25T01:06:06","slug":"presentan-el-libro-prehistoria-e-historia-colonial-de-san-juan-una-vision-integral-del-iiam-de-la-ffha-de-la-unsj","status":"publish","type":"post","link":"https:\/\/vocesparalelas.com.ar\/sitio\/presentan-el-libro-prehistoria-e-historia-colonial-de-san-juan-una-vision-integral-del-iiam-de-la-ffha-de-la-unsj\/","title":{"rendered":"Presentan el libro \u201cPrehistoria e Historia Colonial de San Juan. Una visi\u00f3n Integral\u201d del IIAM) de la FFHA de la UNSJ"},"content":{"rendered":"<p>El Instituto de Investigaciones Arqueol\u00f3gicas y Museo \u201cProfesor Mariano Gambier\u201d de la UNSJ cumple 60 a\u00f1os, el Viernes, 25 de Abril y a las 11 hs.; en la que ser\u00e1 presentado el texto \u201cPrehistoria e Historia Colonial de San Juan \u2013 Una visi\u00f3n Integral\u201d.<\/p>\n<p>En el video de presentaci\u00f3n del libro, la directora del IIAM, Claudia Mallea, se\u00f1ala que la obra est\u00e1 respaldada \u201cpor investigaciones cient\u00edficas realizadas a lo largo de estos 60 a\u00f1os\u201d. Tambi\u00e9n dijo que est\u00e1 destinada a lectores\/as aficionados\/as, a p\u00fablico especializado y a estudiantes y docentes de todos los niveles educativos.<\/p>\n<p><iframe loading=\"lazy\" title=\"FFHA UNSJ DIRECTORA DRA CLAUDIA MALLEA\" width=\"800\" height=\"450\" src=\"https:\/\/www.youtube.com\/embed\/wP9MrwMPohM?feature=oembed\" frameborder=\"0\" allow=\"accelerometer; autoplay; clipboard-write; encrypted-media; gyroscope; picture-in-picture; web-share\" referrerpolicy=\"strict-origin-when-cross-origin\" allowfullscreen><\/iframe><\/p>\n<p>Quien lea el libro \u201cPrehistoria e Historia Colonial de San Juan \u2013 Una visi\u00f3n Integral\u201d hallar\u00e1\u00a0un trayecto profundo y detallado que inicia hace m\u00e1s de 8 mil a\u00f1os atr\u00e1s, con los primeros habitantes del actual territorio de San Juan; ese camino concluye a fines del siglo XVIII. La obra ser\u00e1 presentada este viernes 25 de abril, d\u00eda de la celebraci\u00f3n de los\u00a060 a\u00f1os del Instituto de Investigaciones Arqueol\u00f3gicas y Museo \u201cProfesor Mariano Gambier<a href=\"https:\/\/www.ffha.unsj.edu.ar\/?page_id=887\" target=\"_blank\" rel=\"noopener\">\u201d<\/a>\u00a0(IIAM), de la Facultad de Filosof\u00eda, Humanidades y Artes de la UNSJ.<\/p>\n<p>El acto tiene lugar a las 11 hs.; en la sede del Instituto, en el Complejo cultural y deportivo La Superiora, en Dr. Ortega, entre Conector Sur y Paula Albarrac\u00edn de Sarmiento, subsuelo, ala Norte. Villa Krause, Departamento Rawson.<\/p>\n<p><img loading=\"lazy\" decoding=\"async\" class=\"alignnone size-large wp-image-85411 aligncenter\" src=\"https:\/\/vocesparalelas.com.ar\/sitio\/wp-content\/uploads\/2025\/04\/FFHA-UNSJ-LIBRO-01-564x800.jpg\" alt=\"\" width=\"564\" height=\"800\" srcset=\"https:\/\/vocesparalelas.com.ar\/sitio\/wp-content\/uploads\/2025\/04\/FFHA-UNSJ-LIBRO-01-564x800.jpg 564w, https:\/\/vocesparalelas.com.ar\/sitio\/wp-content\/uploads\/2025\/04\/FFHA-UNSJ-LIBRO-01-212x300.jpg 212w, https:\/\/vocesparalelas.com.ar\/sitio\/wp-content\/uploads\/2025\/04\/FFHA-UNSJ-LIBRO-01.jpg 722w\" sizes=\"auto, (max-width: 564px) 100vw, 564px\" \/><\/p>\n<p><strong><span style=\"color: #ff6600;\">La Guerra Defensiva<\/span><\/strong><\/p>\n<p>En ese marco de celebraciones, este jueves 24 de abril a las 11\u00a0el chileno Francis Goicovich, investigador\u00a0del Centro de Estudios Hist\u00f3ricos y Humanidades de la Universidad Bernardo O\u2019Higgins e investigador del Departamento de Ciencias Hist\u00f3ricas de la Universidad de Chile, disertar\u00e1 sobre la Guerra Defensiva, que fue el intento de eliminar m\u00e9todos violentos de conquista espa\u00f1ola y\u00a0pacificar a los ind\u00edgenas\u00a0a trav\u00e9s de la evangelizaci\u00f3n. El t\u00edtulo de la charla es \u201cLa Guerra Defensiva, una f\u00f3rmula de pacificaci\u00f3n con resultados divergentes dentro del sistema imperial espa\u00f1ol (Reino de la Nueva Galicia y Reino de Chile).\u00a0Ser\u00e1 en la sede del IIAM.<\/p>\n<p><img loading=\"lazy\" decoding=\"async\" class=\"alignnone size-large wp-image-43889\" src=\"https:\/\/vocesparalelas.com.ar\/sitio\/wp-content\/uploads\/2021\/11\/FFHA-FRENTE-1-800x600.jpg\" alt=\"\" width=\"800\" height=\"600\" srcset=\"https:\/\/vocesparalelas.com.ar\/sitio\/wp-content\/uploads\/2021\/11\/FFHA-FRENTE-1-800x600.jpg 800w, https:\/\/vocesparalelas.com.ar\/sitio\/wp-content\/uploads\/2021\/11\/FFHA-FRENTE-1-300x225.jpg 300w, https:\/\/vocesparalelas.com.ar\/sitio\/wp-content\/uploads\/2021\/11\/FFHA-FRENTE-1-768x576.jpg 768w, https:\/\/vocesparalelas.com.ar\/sitio\/wp-content\/uploads\/2021\/11\/FFHA-FRENTE-1.jpg 1024w\" sizes=\"auto, (max-width: 800px) 100vw, 800px\" \/><\/p>\n","protected":false},"excerpt":{"rendered":"<p>El Instituto de Investigaciones Arqueol\u00f3gicas y Museo \u201cProfesor Mariano Gambier\u201d de la UNSJ cumple 60 a\u00f1os, el Viernes, 25 de<\/p>\n","protected":false},"author":3,"featured_media":85412,"comment_status":"closed","ping_status":"closed","sticky":false,"template":"","format":"standard","meta":{"_acf_changed":false,"_seopress_robots_primary_cat":"none","_seopress_titles_title":"","_seopress_titles_desc":"","_seopress_robots_index":"","colormag_page_container_layout":"default_layout","colormag_page_sidebar_layout":"default_layout","footnotes":""},"categories":[20,7],"tags":[],"class_list":["post-85408","post","type-post","status-publish","format-standard","has-post-thumbnail","hentry","category-cartelera","category-videos"],"acf":[],"_links":{"self":[{"href":"https:\/\/vocesparalelas.com.ar\/sitio\/wp-json\/wp\/v2\/posts\/85408","targetHints":{"allow":["GET"]}}],"collection":[{"href":"https:\/\/vocesparalelas.com.ar\/sitio\/wp-json\/wp\/v2\/posts"}],"about":[{"href":"https:\/\/vocesparalelas.com.ar\/sitio\/wp-json\/wp\/v2\/types\/post"}],"author":[{"embeddable":true,"href":"https:\/\/vocesparalelas.com.ar\/sitio\/wp-json\/wp\/v2\/users\/3"}],"replies":[{"embeddable":true,"href":"https:\/\/vocesparalelas.com.ar\/sitio\/wp-json\/wp\/v2\/comments?post=85408"}],"version-history":[{"count":1,"href":"https:\/\/vocesparalelas.com.ar\/sitio\/wp-json\/wp\/v2\/posts\/85408\/revisions"}],"predecessor-version":[{"id":85413,"href":"https:\/\/vocesparalelas.com.ar\/sitio\/wp-json\/wp\/v2\/posts\/85408\/revisions\/85413"}],"wp:featuredmedia":[{"embeddable":true,"href":"https:\/\/vocesparalelas.com.ar\/sitio\/wp-json\/wp\/v2\/media\/85412"}],"wp:attachment":[{"href":"https:\/\/vocesparalelas.com.ar\/sitio\/wp-json\/wp\/v2\/media?parent=85408"}],"wp:term":[{"taxonomy":"category","embeddable":true,"href":"https:\/\/vocesparalelas.com.ar\/sitio\/wp-json\/wp\/v2\/categories?post=85408"},{"taxonomy":"post_tag","embeddable":true,"href":"https:\/\/vocesparalelas.com.ar\/sitio\/wp-json\/wp\/v2\/tags?post=85408"}],"curies":[{"name":"wp","href":"https:\/\/api.w.org\/{rel}","templated":true}]}}