{"id":85383,"date":"2025-04-23T12:55:25","date_gmt":"2025-04-23T15:55:25","guid":{"rendered":"https:\/\/vocesparalelas.com.ar\/sitio\/?p=85383"},"modified":"2025-04-24T22:43:19","modified_gmt":"2025-04-25T01:43:19","slug":"becas-manuel-belgrano-para-estudiantes-universitarios-de-la-republica-argentina","status":"publish","type":"post","link":"https:\/\/vocesparalelas.com.ar\/sitio\/becas-manuel-belgrano-para-estudiantes-universitarios-de-la-republica-argentina\/","title":{"rendered":"Becas Manuel Belgrano para estudiantes Universitarios de la Rep\u00fablica Argentina"},"content":{"rendered":"<p>Abri\u00f3 la primera convocatoria 2025 del Programa Nacional de Becas Estrat\u00e9gicas Manuel Belgrano 2025 y las personas nuevas postulantes tienen plazo para inscribirse desde el 8 de Abril hasta el 2 de Mayo, mientras que las renovantes tuvieron hasta el 11 de Abril para hacerlo.<\/p>\n<p>Las Becas Manuel Belgrano proporcionan un incentivo econ\u00f3mico para que j\u00f3venes provenientes de hogares de bajos ingresos realicen una tecnicatura o una carrera universitaria en una disciplina estrat\u00e9gica para el desarrollo econ\u00f3mico y productivo del pa\u00eds.<\/p>\n<p>El objetivo de este programa es promover el acceso, la permanencia y la finalizaci\u00f3n de estudios de pregrado y grado en \u00e1reas claves para el desarrollo del pa\u00eds.<\/p>\n<p>Se consideran estrat\u00e9gicas las disciplinas pertenecientes a las siguientes \u00e1reas: Alimentos, Ambiente, Computaci\u00f3n e Inform\u00e1tica, Energ\u00eda convencional y alternativa, Gas y Petr\u00f3leo, Log\u00edstica y Transporte, Miner\u00eda y Ciencias b\u00e1sicas. Adem\u00e1s, este a\u00f1o se incorpora la sub l\u00ednea Educaci\u00f3n.<\/p>\n<p>Pueden aplicar a este programa de becas personas argentinas nativas o naturalizadas con DNI, que sean estudiantes regulares de universidades nacionales y provinciales de gesti\u00f3n p\u00fablica que ingresen en el primer semestre de 2025 o que est\u00e9n cursando al momento de la inscripci\u00f3n alguna de las carreras universitarias de pregrado o grado definidas por el Programa. Los\/as estudiantes ingresantes deben tener entre 18 y 30 a\u00f1os de edad; los\/as cursantes, hasta 35 a\u00f1os. Quedan exceptuadas del requisito de edad las personas con alg\u00fan tipo de discapacidad y las personas con hijos menores de edad en hogares monoparentales.<\/p>\n<p>Al momento de la adjudicaci\u00f3n, los ingresos del hogar de los postulantes deben ser menores a 3 Salarios M\u00ednimos, Vitales y M\u00f3viles (SMVM). Esta condici\u00f3n se aplica al grupo familiar (padre, madre o tutor). Se reconoce como grupo familiar aut\u00f3nomo a los\/as j\u00f3venes casados\/as o divorciados\/as, con o sin hijos\/as.<\/p>\n<p>Las becas tienen una duraci\u00f3n de 12 meses, renovables seg\u00fan las condiciones establecidas en el Reglamento General.<\/p>\n<p>Los resultados estar\u00e1n publicados para quienes hicieron la renovaci\u00f3n de la beca el 21 de abril de 2025, mientras que para quienes postularon a la nueva convocatoria, \u00e9stos estar\u00e1n a fines de mayo de 2025, y podr\u00e1n consultar en el apartado \u00abEstado de mi solicitud\u00bb.<\/p>\n<p><strong><span style=\"color: #ff6600;\">Para mayor informaci\u00f3n consultar el siguiente\u00a0link<\/span><\/strong><\/p>\n<p><a href=\"https:\/\/www.argentina.gob.ar\/educacion\/becas\/becas-manuel-belgrano\">https:\/\/www.argentina.gob.ar\/educacion\/becas\/becas-manuel-belgrano<\/a><\/p>\n<p><strong><span style=\"color: #ff6600;\">\u00a0Para registrar la inscripci\u00f3n al beneficio ingresar al link<\/span><\/strong><\/p>\n<p><a href=\"https:\/\/becasmanuelbelgrano.educacion.gob.ar\/ingreso_postulantes.php\">https:\/\/becasmanuelbelgrano.educacion.gob.ar\/ingreso_postulantes.php<\/a><\/p>\n<p>&nbsp;<\/p>\n<p><img loading=\"lazy\" decoding=\"async\" class=\"alignnone size-full wp-image-79515\" src=\"https:\/\/vocesparalelas.com.ar\/sitio\/wp-content\/uploads\/2024\/11\/UNSJ-LOGO-01.jpg\" alt=\"\" width=\"800\" height=\"459\" srcset=\"https:\/\/vocesparalelas.com.ar\/sitio\/wp-content\/uploads\/2024\/11\/UNSJ-LOGO-01.jpg 800w, https:\/\/vocesparalelas.com.ar\/sitio\/wp-content\/uploads\/2024\/11\/UNSJ-LOGO-01-300x172.jpg 300w, https:\/\/vocesparalelas.com.ar\/sitio\/wp-content\/uploads\/2024\/11\/UNSJ-LOGO-01-768x441.jpg 768w\" sizes=\"auto, (max-width: 800px) 100vw, 800px\" \/><\/p>\n","protected":false},"excerpt":{"rendered":"<p>Abri\u00f3 la primera convocatoria 2025 del Programa Nacional de Becas Estrat\u00e9gicas Manuel Belgrano 2025 y las personas nuevas postulantes tienen<\/p>\n","protected":false},"author":3,"featured_media":73867,"comment_status":"closed","ping_status":"closed","sticky":false,"template":"","format":"standard","meta":{"_acf_changed":false,"_seopress_robots_primary_cat":"none","_seopress_titles_title":"","_seopress_titles_desc":"","_seopress_robots_index":"","colormag_page_container_layout":"default_layout","colormag_page_sidebar_layout":"default_layout","footnotes":""},"categories":[8],"tags":[],"class_list":["post-85383","post","type-post","status-publish","format-standard","has-post-thumbnail","hentry","category-concursos"],"acf":[],"_links":{"self":[{"href":"https:\/\/vocesparalelas.com.ar\/sitio\/wp-json\/wp\/v2\/posts\/85383","targetHints":{"allow":["GET"]}}],"collection":[{"href":"https:\/\/vocesparalelas.com.ar\/sitio\/wp-json\/wp\/v2\/posts"}],"about":[{"href":"https:\/\/vocesparalelas.com.ar\/sitio\/wp-json\/wp\/v2\/types\/post"}],"author":[{"embeddable":true,"href":"https:\/\/vocesparalelas.com.ar\/sitio\/wp-json\/wp\/v2\/users\/3"}],"replies":[{"embeddable":true,"href":"https:\/\/vocesparalelas.com.ar\/sitio\/wp-json\/wp\/v2\/comments?post=85383"}],"version-history":[{"count":1,"href":"https:\/\/vocesparalelas.com.ar\/sitio\/wp-json\/wp\/v2\/posts\/85383\/revisions"}],"predecessor-version":[{"id":85386,"href":"https:\/\/vocesparalelas.com.ar\/sitio\/wp-json\/wp\/v2\/posts\/85383\/revisions\/85386"}],"wp:featuredmedia":[{"embeddable":true,"href":"https:\/\/vocesparalelas.com.ar\/sitio\/wp-json\/wp\/v2\/media\/73867"}],"wp:attachment":[{"href":"https:\/\/vocesparalelas.com.ar\/sitio\/wp-json\/wp\/v2\/media?parent=85383"}],"wp:term":[{"taxonomy":"category","embeddable":true,"href":"https:\/\/vocesparalelas.com.ar\/sitio\/wp-json\/wp\/v2\/categories?post=85383"},{"taxonomy":"post_tag","embeddable":true,"href":"https:\/\/vocesparalelas.com.ar\/sitio\/wp-json\/wp\/v2\/tags?post=85383"}],"curies":[{"name":"wp","href":"https:\/\/api.w.org\/{rel}","templated":true}]}}