{"id":85371,"date":"2025-04-23T11:04:01","date_gmt":"2025-04-23T14:04:01","guid":{"rendered":"https:\/\/vocesparalelas.com.ar\/sitio\/?p=85371"},"modified":"2025-04-24T23:23:00","modified_gmt":"2025-04-25T02:23:00","slug":"los-docentes-recibieron-otra-propuesta-salarial-del-gobierno-de-san-juan","status":"publish","type":"post","link":"https:\/\/vocesparalelas.com.ar\/sitio\/los-docentes-recibieron-otra-propuesta-salarial-del-gobierno-de-san-juan\/","title":{"rendered":"Los docentes recibieron otra propuesta salarial del Gobierno de San Juan"},"content":{"rendered":"<p>El Martes, 22 de Abril de 2025, a las 17:30 hs.; nuevamente se reuni\u00f3 el Gobierno de San Juan con los Gremios Docentes YDAP, UDA y AMET en el Ministerio de Educaci\u00f3n.<\/p>\n<p>Se reunieron la Ministro de Educaci\u00f3n, Lic. Silvia Fuentes,el Ministro de Econom\u00eda, Finanzas y Hacienda, CPN Roberto Guti\u00e9rrez, el Secretario General de la Gobernaci\u00f3n Lic. Emilio Achem y dem\u00e1s funcionarios los Secretarios Generales de UDAP, Lic. Patricia Quiroga, de UDA, Pof. Karina Navarro, de AMET, Prof. Daniel Quiroga, y dem\u00e1s integrantes gremiales<\/p>\n<p>Se da por iniciada la sesi\u00f3n. Las partes manifiestan que la fecha de sesi\u00f3n, consignada en acta anterior que dice \u00ab12 de febrero\u00bb, queda salvada por fecha \u00ab15 de abril\u00bb. La Ministro de Educaci\u00f3n da la bienvenida a las partes y acto seguido cede la palabra al Ministro de Econom\u00eda, quien expone de manera precisa y concreta en t\u00e9rminos num\u00e9ricos, la disminuci\u00f3n de la recaudaci\u00f3n provincial. Lo cual repercute de manera directa en los esfuerzos que viene haciendo desde el comienzo de la gesti\u00f3n \u00e9ste Gobierno, para mejorar los salarios docentes y en general.<\/p>\n<p>Luego toma la palabra la parte sindical, quien rechaza la propuesta salarial del Gobierno plasmada en acta anterior. Por haber sido considerada insuficiente por sus bases y \u00f3rganos estatutarios, los cuales establecieron que se requiere una propuesta superadora.<\/p>\n<p>Acto seguido comienza un largo debate que deviene en la siguiente propuesta por parte del Gobierno consistente en:<\/p>\n<ul>\n<li>Incrementar el valor \u00cdndice, para abril 2025, aplicando el coeficiente de variaci\u00f3n del \u00cdndice I.P.C, (INDICE de Precios al Consumidor) publicado por INDEC, del mes anterior.<\/li>\n<li>Incrementar el valor \u00cdndice, para mayo 2025, aplicando el coeficiente de variaci\u00f3n del \u00edndice I.P.C, \u00cdndice de Precios al Consumidor) publicado por INDEC, del mes anterior.<\/li>\n<li>Incrementar el valor \u00cdndice, para junio 2025, aplicando el coeficiente de variaci\u00f3n del \u00edndice I.P.C, \u00cdndice de Precios al Consumidor) publicado por INDEC, del mes anterior.<\/li>\n<li>Incrementar el valor \u00edndice, para julio 2025, aplicando el coeficiente de variaci\u00f3n del \u00edndice I.P.C,(\u00cdndice de Precios al Consumidor) publicado por INDEC, del mes anterior.<\/li>\n<li>Aumentar 5 puntos en el nomenclador docente a partir del sueldo de mayo.<\/li>\n<li>Aumentar 5 puntos en el nomenclador docente a partir del sueldo de junio.<\/li>\n<li>Aumentar 10 puntos en el nomenclador docente a partir del sueldo de julio.<\/li>\n<\/ul>\n<p>Recepcionada la misma,, las entidades sindicales concuerdan pasar a un cuarto intermedio para un an\u00e1lisis en detalle de la misma y acto seguido deciden su aceptaci\u00f3n en conjunto. No obstante, la parte sindical cuestionar y dejar en duda la veracidad de los \u00edndices inflacionarios actuales nacionales del Indec.<\/p>\n<p>Las partes acuerden volver a reunirse en el d\u00eda 4 de agosto a las 16:30 hs.<\/p>\n<p>La parte sindical por otra parte, reitera la solicitud de que se le imprima celeridad a los expedientes de pago atrasados y tambi\u00e9n solicita que el nomenclador de cargos docentes nuevo, con las incorporaciones y correcciones a los decretos 1890\/22, 197\/23 \u0443 1900\/23, se implemente a la brevedad.<\/p>\n<p>A lo cual la parte gubernamental manifiesta que despu\u00e9s de muchos a\u00f1os, este gobierno ha aceptado trabajar conjuntamente con los gremios en la revisi\u00f3n de esta normativa, que requiere muchas correcciones y revisiones por inconsistencias que han sido generadas por gestiones anteriores, y que, en tal sentido, se han mantenido hasta la fecha m\u00e1s de 6 reuniones, logrando avances significativos, y que as\u00ed se seguir\u00e1 haciendo, el tiempo necesario, hasta acordar un sistema legal conforme a las necesidades actuales.<\/p>\n<p>Siendo las 03:00 hs del Mi\u00e9rcoles, 23 de abril,<\/p>\n<p><strong><span style=\"color: #ff6600;\">Se arrib\u00f3 al siguiente:<\/span><\/strong><\/p>\n<ul>\n<li>ART\u00cdCULO 1\u00b0; VALOR \u00cdNDICE PARA EL SALARIO DE ABRIL: Fijar el valor \u00edndice, a partir de los salarios del mes de abril de 2025, en 728,6250; para el mes de mayo de 2025, el valor \u00edndice de abril m\u00e1s el porcentaje de variaci\u00f3n del IPC de abril publicado por INDEC, para el mes de junio de 2025, el valor \u00edndice de mayo m\u00e1s el porcentaje de variaci\u00f3n del IPC de mayo publicado por INDEC y para el mes de julio de 2025, el valor indice de junio m\u00e1s el porcentaje de variaci\u00f3n del IPC de junio publicado por INDEC.<\/li>\n<li>ART\u00cdCULO 2\u00b0; VALOR SUELDO B\u00c1SICO DOCENTE (A01) A PARTIR DEL SALARIO DE ABRIL 2025: El sueldo b\u00e1sico (A01) del cargo testigo maestro de grado jornada simple queda determinado en $336.624,75 para el mes de abril de 2025 y el valor de la hora c\u00e1tedra nivel medio en $ 22.441,65 y el valor de la hora c\u00e1tedra nivel superior en $ 28.052,06 para abril.<\/li>\n<li>ART. 2\u00b0-ART\u00cdCULO 3\u00ba; ASIGNACI\u00d3N REMUNERATIVA DECRETO N\u00b0 1380-1993 \u00abESTADO DOCENTE\u00bb (A56): Fijar, a partir de los haberes del mes de abril de 2025, el monto por persona liquidado bajo el c\u00f3digo A56 en pesos CIENTO VEINTICINCO MIL SETESCIENTOS OCHENTA CON 09\/100 ($ 125.780,09) o su equivalente en horas c\u00e1tedra nivel medio y superior, resultando en SEIS MIL NOVECIENTOS OCHENTA Y SIETE CON 78\/100 ($6.987,78) el valor por hora c\u00e1tedra nivel medio y OCHO MIL TRESCIENTOS OCHENTA Y CINCO CON 34\/100 ($ 8.385,34) el valor por hora c\u00e1tedra nivel superior.<\/li>\n<li>ART\u00cdCULO 4\u00b0; ASIGNACI\u00d3N REMUNERATIVA DECRETO N\u00b0 489-2012 y modificatorias -ART. 2\u00b0 (E66): Fijar el monto de Decreto N\u00b0 489-2012 y modificatorias, art\u00edculo 3\u00b0 (E66) \u00abSUMA REMUNERATIVA Y BONIFICABLE POR ANTIG\u00dcEDAD\u00bb en el mes de abril:<\/li>\n<\/ul>\n<p><img loading=\"lazy\" decoding=\"async\" class=\"alignnone size-full wp-image-85374\" src=\"https:\/\/vocesparalelas.com.ar\/sitio\/wp-content\/uploads\/2025\/04\/DOCENTES-SAN-JUAN-01.jpg\" alt=\"\" width=\"800\" height=\"269\" srcset=\"https:\/\/vocesparalelas.com.ar\/sitio\/wp-content\/uploads\/2025\/04\/DOCENTES-SAN-JUAN-01.jpg 800w, https:\/\/vocesparalelas.com.ar\/sitio\/wp-content\/uploads\/2025\/04\/DOCENTES-SAN-JUAN-01-300x101.jpg 300w, https:\/\/vocesparalelas.com.ar\/sitio\/wp-content\/uploads\/2025\/04\/DOCENTES-SAN-JUAN-01-768x258.jpg 768w\" sizes=\"auto, (max-width: 800px) 100vw, 800px\" \/><\/p>\n<p>&nbsp;<\/p>\n<p>ART\u00cdCULO 5\u00b0; (E60) Fijar para el mes de abril el c\u00f3digo E60 como el producto del Valor Indice del mes abril 2025 (art\u00edculo 1) por 39 puntos para los cargos del nomenclador docente DECRETO N\u00b0 1890\/20220197\/2023 1900\/2023 y sus modificatorias \u00abSUMA REMUNERATIVA Y BONIFICABLE POR ANTIG\u00dcEDAD\u00bb, seg\u00fan escalas vigentes.<\/p>\n<p>E60 \u00abResponsabilidad Funcional Docente Cargo Decreto N\u00b0 1890-2022\u00bb.<\/p>\n<ul>\n<li>Remunerativo y Bonificable por Antig\u00fcedad<\/li>\n<li>(39 puntos Valor Indice) + (39 puntos valor \u00edndice % de antig\u00fcedad)<\/li>\n<\/ul>\n<p><img loading=\"lazy\" decoding=\"async\" class=\"alignnone size-full wp-image-85375\" src=\"https:\/\/vocesparalelas.com.ar\/sitio\/wp-content\/uploads\/2025\/04\/DOCENTES-SAN-JUAN-02.jpg\" alt=\"\" width=\"800\" height=\"660\" srcset=\"https:\/\/vocesparalelas.com.ar\/sitio\/wp-content\/uploads\/2025\/04\/DOCENTES-SAN-JUAN-02.jpg 800w, https:\/\/vocesparalelas.com.ar\/sitio\/wp-content\/uploads\/2025\/04\/DOCENTES-SAN-JUAN-02-300x248.jpg 300w, https:\/\/vocesparalelas.com.ar\/sitio\/wp-content\/uploads\/2025\/04\/DOCENTES-SAN-JUAN-02-768x634.jpg 768w\" sizes=\"auto, (max-width: 800px) 100vw, 800px\" \/><\/p>\n<p>ART\u00cdCULO 6\u00b0: SALARIO DOCENTE PROVINCIAL NETO CARGO TESTIGO: Establecer que, a partir del mes de abril de 2025, el Gobierno de la Provincia de San Juan, garantiza un Salario Docente Provincial Neto equivalente a pesos QUINIENTOS SETENTA Y SIETE MIL SETECIENTOS VEINTISIETE CON 46\/100 ($577.727,46), por cargo y hasta dos cargos o su equivalente en horas c\u00e1tedra, incluido en \u00e9ste el concepto Nueva Conectividad San Juan. A los fines de las horas c\u00e1tedra, se considera la proporci\u00f3n de 12 horas c\u00e1tedra para Ma educaci\u00f3n superior y 15 horas c\u00e1tedra para la educaci\u00f3n secundaria.<\/p>\n<p>ART\u00cdCULO 7\u00b0; PUNTOS DEL NOMENCLADOR DOCENTE MAYO 2025: Incrementar en 5 (CINCO) puntos para cada cargo que figura en el nomenclador docente, vigente a abril para ser aplicados en el mes de mayo del 2025. Incrementar en 5 (CINCO) puntos para cada cargo que figura en el nomenclador docente, vigente a mayo para ser aplicados en el mes de junio del 2025. Incrementar en 10 (DIEZ) puntos para cada cargo que figura en el nomenclador docente, vigente a junio para ser aplicados en el mes de julio del 2025<\/p>\n<p><img loading=\"lazy\" decoding=\"async\" class=\"alignnone size-full wp-image-28629\" src=\"https:\/\/vocesparalelas.com.ar\/sitio\/wp-content\/uploads\/2020\/05\/MINISTERIO-EDUCACION-SJ.jpg\" alt=\"\" width=\"800\" height=\"533\" srcset=\"https:\/\/vocesparalelas.com.ar\/sitio\/wp-content\/uploads\/2020\/05\/MINISTERIO-EDUCACION-SJ.jpg 800w, https:\/\/vocesparalelas.com.ar\/sitio\/wp-content\/uploads\/2020\/05\/MINISTERIO-EDUCACION-SJ-300x200.jpg 300w, https:\/\/vocesparalelas.com.ar\/sitio\/wp-content\/uploads\/2020\/05\/MINISTERIO-EDUCACION-SJ-768x512.jpg 768w\" sizes=\"auto, (max-width: 800px) 100vw, 800px\" \/><\/p>\n","protected":false},"excerpt":{"rendered":"<p>El Martes, 22 de Abril de 2025, a las 17:30 hs.; nuevamente se reuni\u00f3 el Gobierno de San Juan con<\/p>\n","protected":false},"author":3,"featured_media":85115,"comment_status":"closed","ping_status":"closed","sticky":false,"template":"","format":"standard","meta":{"_acf_changed":false,"_seopress_robots_primary_cat":"none","_seopress_titles_title":"","_seopress_titles_desc":"","_seopress_robots_index":"","colormag_page_container_layout":"default_layout","colormag_page_sidebar_layout":"default_layout","footnotes":""},"categories":[5],"tags":[],"class_list":["post-85371","post","type-post","status-publish","format-standard","has-post-thumbnail","hentry","category-ofrecimientos"],"acf":[],"_links":{"self":[{"href":"https:\/\/vocesparalelas.com.ar\/sitio\/wp-json\/wp\/v2\/posts\/85371","targetHints":{"allow":["GET"]}}],"collection":[{"href":"https:\/\/vocesparalelas.com.ar\/sitio\/wp-json\/wp\/v2\/posts"}],"about":[{"href":"https:\/\/vocesparalelas.com.ar\/sitio\/wp-json\/wp\/v2\/types\/post"}],"author":[{"embeddable":true,"href":"https:\/\/vocesparalelas.com.ar\/sitio\/wp-json\/wp\/v2\/users\/3"}],"replies":[{"embeddable":true,"href":"https:\/\/vocesparalelas.com.ar\/sitio\/wp-json\/wp\/v2\/comments?post=85371"}],"version-history":[{"count":1,"href":"https:\/\/vocesparalelas.com.ar\/sitio\/wp-json\/wp\/v2\/posts\/85371\/revisions"}],"predecessor-version":[{"id":85376,"href":"https:\/\/vocesparalelas.com.ar\/sitio\/wp-json\/wp\/v2\/posts\/85371\/revisions\/85376"}],"wp:featuredmedia":[{"embeddable":true,"href":"https:\/\/vocesparalelas.com.ar\/sitio\/wp-json\/wp\/v2\/media\/85115"}],"wp:attachment":[{"href":"https:\/\/vocesparalelas.com.ar\/sitio\/wp-json\/wp\/v2\/media?parent=85371"}],"wp:term":[{"taxonomy":"category","embeddable":true,"href":"https:\/\/vocesparalelas.com.ar\/sitio\/wp-json\/wp\/v2\/categories?post=85371"},{"taxonomy":"post_tag","embeddable":true,"href":"https:\/\/vocesparalelas.com.ar\/sitio\/wp-json\/wp\/v2\/tags?post=85371"}],"curies":[{"name":"wp","href":"https:\/\/api.w.org\/{rel}","templated":true}]}}