{"id":85327,"date":"2025-04-22T19:44:05","date_gmt":"2025-04-22T22:44:05","guid":{"rendered":"https:\/\/vocesparalelas.com.ar\/sitio\/?p=85327"},"modified":"2025-04-22T19:44:05","modified_gmt":"2025-04-22T22:44:05","slug":"el-gobierno-de-san-juan-entrego-112-viviendas-del-barrio-los-surcos-departamento-chimbas","status":"publish","type":"post","link":"https:\/\/vocesparalelas.com.ar\/sitio\/el-gobierno-de-san-juan-entrego-112-viviendas-del-barrio-los-surcos-departamento-chimbas\/","title":{"rendered":"El Gobierno de San Juan entreg\u00f3 112 viviendas del Barrio Los Surcos, Departamento Chimbas"},"content":{"rendered":"<p>El gobernador de San Juan, Dr. Marcelo Orrego presidi\u00f3 la entrega de 112 viviendas del barrio Los Surcos, Departamento Chimbas, en la intersecci\u00f3n de Salta y Rodr\u00edguez.<\/p>\n<p>Esta entrega representa un paso m\u00e1s en la pol\u00edtica habitacional de la provincia, que se ha convertido en pionera a nivel nacional al reactivar la obra p\u00fablica con fondos propios, en un contexto complejo para el desarrollo de viviendas sociales. Al inicio del acto, adem\u00e1s, se hizo un minuto de silencio por el fallecimiento del Papa Francisco.<\/p>\n<p>Durante la entrega de llaves, el mandatario dijo: \u00abMuchas familias llevan a\u00f1os esperando esta posibilidad de tener su techo propio. Hoy es un d\u00eda muy especial, porque celebramos el D\u00eda del Obrero de la Construcci\u00f3n. Por eso, tambi\u00e9n es una oportunidad para agradecer a cada una de esas manos que, d\u00eda a d\u00eda, hacen posible que en San Juan sigamos construyendo cientos de barrios y viviendas. Esto no solo permite que m\u00e1s familias accedan a su hogar, sino tambi\u00e9n que muchos trabajadores mantengan su empleo y que sigamos generando nuevos puestos de trabajo\u201d.<\/p>\n<p>Acompa\u00f1aron al mandatario la intendenta de Chimbas, Daniela Rodr\u00edguez; diputada Nacional, \u00c1ngeles Moreno, ministro de Infraestructura, Agua y Energ\u00eda, Arq. Fernando Perea, directora del IPV, Arq. Elina Peralta, dem\u00e1s autoridades provinciales y departamentales.<\/p>\n<p><iframe loading=\"lazy\" title=\"Orrego entreg\u00f3 112 viviendas del nuevo barrio Los Surcos en Chimbas\" width=\"800\" height=\"450\" src=\"https:\/\/www.youtube.com\/embed\/uhtTKTHQ68k?feature=oembed\" frameborder=\"0\" allow=\"accelerometer; autoplay; clipboard-write; encrypted-media; gyroscope; picture-in-picture; web-share\" referrerpolicy=\"strict-origin-when-cross-origin\" allowfullscreen><\/iframe><\/p>\n<p><strong><span style=\"color: #ff6600;\">Vivienda en altura<\/span><\/strong><\/p>\n<p>El barrio est\u00e1 compuesto por viviendas en altura, dise\u00f1adas bajo un sistema constructivo tradicional con estructura de hormig\u00f3n armado y muros de ladrillones. Cada unidad habitacional cuenta con dos dormitorios, ba\u00f1o, estar-comedor-cocina integrado, balc\u00f3n y un espacio exterior con pileta de lavar y sector para lavarropas. Las terminaciones incluyen pisos cer\u00e1micos, cielorrasos y muros interiores pintados al l\u00e1tex, revestimientos en ba\u00f1os y cocinas, y carpinter\u00eda de aluminio con mosquiteros. Adem\u00e1s, est\u00e1n equipadas con termotanque el\u00e9ctrico, calefactor, cocina con horno, mesada de granito y mueble bajo mesada. Algunas viviendas est\u00e1n adaptadas especialmente para personas con discapacidad motriz.<\/p>\n<p><img loading=\"lazy\" decoding=\"async\" class=\"alignnone size-full wp-image-85332\" src=\"https:\/\/vocesparalelas.com.ar\/sitio\/wp-content\/uploads\/2025\/04\/CHIMBAS-CASAS-02.jpg\" alt=\"\" width=\"800\" height=\"484\" srcset=\"https:\/\/vocesparalelas.com.ar\/sitio\/wp-content\/uploads\/2025\/04\/CHIMBAS-CASAS-02.jpg 800w, https:\/\/vocesparalelas.com.ar\/sitio\/wp-content\/uploads\/2025\/04\/CHIMBAS-CASAS-02-300x182.jpg 300w, https:\/\/vocesparalelas.com.ar\/sitio\/wp-content\/uploads\/2025\/04\/CHIMBAS-CASAS-02-768x465.jpg 768w\" sizes=\"auto, (max-width: 800px) 100vw, 800px\" \/><\/p>\n<p><strong><span style=\"color: #ff6600;\">Infraestructura urbana<\/span><\/strong><\/p>\n<p>El barrio cuenta con infraestructura urbana completa: redes de agua potable, cloacas, gas natural, electricidad, alumbrado p\u00fablico y calles con veredas municipales. Tambi\u00e9n se han construido senderos peatonales, accesos a los bloques, puentes vehiculares y peatonales, y un espacio verde central equipado con bancos, \u00e1rboles, basureros y p\u00e9rgolas. Cada vivienda dispone de su propio espacio de estacionamiento, lo que mejora la funcionalidad y el confort del entorno barrial. La iluminaci\u00f3n del barrio se realiza con tecnolog\u00eda LED, priorizando la seguridad y el uso eficiente de la energ\u00eda.<\/p>\n<p><img loading=\"lazy\" decoding=\"async\" class=\"alignnone size-full wp-image-65642\" src=\"https:\/\/vocesparalelas.com.ar\/sitio\/wp-content\/uploads\/2023\/11\/GOBIERNO-SAN-JUAN.jpg\" alt=\"\" width=\"800\" height=\"600\" srcset=\"https:\/\/vocesparalelas.com.ar\/sitio\/wp-content\/uploads\/2023\/11\/GOBIERNO-SAN-JUAN.jpg 800w, https:\/\/vocesparalelas.com.ar\/sitio\/wp-content\/uploads\/2023\/11\/GOBIERNO-SAN-JUAN-300x225.jpg 300w, https:\/\/vocesparalelas.com.ar\/sitio\/wp-content\/uploads\/2023\/11\/GOBIERNO-SAN-JUAN-768x576.jpg 768w\" sizes=\"auto, (max-width: 800px) 100vw, 800px\" \/><\/p>\n","protected":false},"excerpt":{"rendered":"<p>El gobernador de San Juan, Dr. Marcelo Orrego presidi\u00f3 la entrega de 112 viviendas del barrio Los Surcos, Departamento Chimbas,<\/p>\n","protected":false},"author":3,"featured_media":85331,"comment_status":"closed","ping_status":"closed","sticky":false,"template":"","format":"standard","meta":{"_acf_changed":false,"_seopress_robots_primary_cat":"none","_seopress_titles_title":"","_seopress_titles_desc":"","_seopress_robots_index":"","colormag_page_container_layout":"default_layout","colormag_page_sidebar_layout":"default_layout","footnotes":""},"categories":[1,7],"tags":[],"class_list":["post-85327","post","type-post","status-publish","format-standard","has-post-thumbnail","hentry","category-destacadas","category-videos"],"acf":[],"_links":{"self":[{"href":"https:\/\/vocesparalelas.com.ar\/sitio\/wp-json\/wp\/v2\/posts\/85327","targetHints":{"allow":["GET"]}}],"collection":[{"href":"https:\/\/vocesparalelas.com.ar\/sitio\/wp-json\/wp\/v2\/posts"}],"about":[{"href":"https:\/\/vocesparalelas.com.ar\/sitio\/wp-json\/wp\/v2\/types\/post"}],"author":[{"embeddable":true,"href":"https:\/\/vocesparalelas.com.ar\/sitio\/wp-json\/wp\/v2\/users\/3"}],"replies":[{"embeddable":true,"href":"https:\/\/vocesparalelas.com.ar\/sitio\/wp-json\/wp\/v2\/comments?post=85327"}],"version-history":[{"count":1,"href":"https:\/\/vocesparalelas.com.ar\/sitio\/wp-json\/wp\/v2\/posts\/85327\/revisions"}],"predecessor-version":[{"id":85333,"href":"https:\/\/vocesparalelas.com.ar\/sitio\/wp-json\/wp\/v2\/posts\/85327\/revisions\/85333"}],"wp:featuredmedia":[{"embeddable":true,"href":"https:\/\/vocesparalelas.com.ar\/sitio\/wp-json\/wp\/v2\/media\/85331"}],"wp:attachment":[{"href":"https:\/\/vocesparalelas.com.ar\/sitio\/wp-json\/wp\/v2\/media?parent=85327"}],"wp:term":[{"taxonomy":"category","embeddable":true,"href":"https:\/\/vocesparalelas.com.ar\/sitio\/wp-json\/wp\/v2\/categories?post=85327"},{"taxonomy":"post_tag","embeddable":true,"href":"https:\/\/vocesparalelas.com.ar\/sitio\/wp-json\/wp\/v2\/tags?post=85327"}],"curies":[{"name":"wp","href":"https:\/\/api.w.org\/{rel}","templated":true}]}}