{"id":85323,"date":"2025-04-22T19:09:02","date_gmt":"2025-04-22T22:09:02","guid":{"rendered":"https:\/\/vocesparalelas.com.ar\/sitio\/?p=85323"},"modified":"2025-04-23T21:14:32","modified_gmt":"2025-04-24T00:14:32","slug":"inscripcion-para-progresar-trabajo-en-san-juan","status":"publish","type":"post","link":"https:\/\/vocesparalelas.com.ar\/sitio\/inscripcion-para-progresar-trabajo-en-san-juan\/","title":{"rendered":"Inscripci\u00f3n para Progresar Trabajo en San Juan"},"content":{"rendered":"<p>El Ministerio de Educaci\u00f3n del Gobierno de San Juan informa que est\u00e1 abierta la nueva convocatoria al programa Progresar Trabajo, una beca destinada a fomentar la formaci\u00f3n profesional en j\u00f3venes sin empleo formal.<\/p>\n<p>De acuerdo a lo que inform\u00f3 el Ministerio de Capital Humano, la inscripci\u00f3n estar\u00e1 disponible hasta el 30 de noviembre, de forma exclusivamente online, a trav\u00e9s del sitio oficial de\u00a0Progresar<\/p>\n<p style=\"text-align: center;\"><a href=\"https:\/\/www.argentina.gob.ar\/educacion\/progresar\">https:\/\/www.argentina.gob.ar\/educacion\/progresar<\/a><\/p>\n<p>Para iniciar el proceso de inscripci\u00f3n, es necesario tener usuario en Mi Argentina. Luego, hacer click en el bot\u00f3n de la l\u00ednea correspondiente en la secci\u00f3n \u00abIngreso e inscripci\u00f3n por l\u00ednea de beca\u00bb.<\/p>\n<p>En caso de no tener usuario, se debe descargar la app Mi Argentina y completar el registro. Para m\u00e1s informaci\u00f3n y los pasos a seguir se puede visitar el sitio<\/p>\n<p style=\"text-align: center;\"><a href=\"https:\/\/www.argentina.gob.ar\/miargentina\">https:\/\/www.argentina.gob.ar\/miargentina<\/a><\/p>\n<p><span style=\"color: #ff6600;\"><strong>Requisitos<\/strong><\/span><\/p>\n<ul>\n<li>De edad: tener entre 18 y 24 a\u00f1os, se extiende a 35 a\u00f1os sin trabajo formal registrado.<\/li>\n<li>De ingresos: los ingresos del grupo familiar no deben superar tres veces el Salario M\u00ednimo Vital y M\u00f3vil.<\/li>\n<li>Acad\u00e9micos: para el ingreso, realizar un curso de formaci\u00f3n profesional o trayecto formativo validado por el Instituto Nacional de Educaci\u00f3n Tecnol\u00f3gica (INET) y considerado estrat\u00e9gico por el Consejo Nacional de Educaci\u00f3n, Trabajo y Producci\u00f3n (CoNETyP). Los ejes seleccionados por los organismos corresponden a: complejo agroindustrial, construcci\u00f3n, econom\u00eda de cuidados, econom\u00eda del conocimiento, energ\u00eda, gastronom\u00eda y turismo, industria automotriz, log\u00edstica y suministro, miner\u00eda.<\/li>\n<\/ul>\n<p><span style=\"color: #ff6600;\"><strong>Monto y cuotas<\/strong><\/span><\/p>\n<ul>\n<li>El valor de la cuota es de $35.000.<\/li>\n<li>El pago es mensual y coincidir\u00e1 con el tiempo que dure el curso de formaci\u00f3n o trayecto formativo.<\/li>\n<\/ul>\n<p><strong><span style=\"color: #ff6600;\">La beca se cobra de la siguiente manera<\/span><\/strong><\/p>\n<ul>\n<li>la proporci\u00f3n del pago es de un 80 % desde la primera cuota, y<\/li>\n<li>el 20 % retenido es abonado con la Certificaci\u00f3n de Finalizaci\u00f3n del Curso por parte de la instituci\u00f3n educativa.<\/li>\n<\/ul>\n<p>&nbsp;<\/p>\n<p><img loading=\"lazy\" decoding=\"async\" class=\"alignnone size-full wp-image-28629\" src=\"https:\/\/vocesparalelas.com.ar\/sitio\/wp-content\/uploads\/2020\/05\/MINISTERIO-EDUCACION-SJ.jpg\" alt=\"\" width=\"800\" height=\"533\" srcset=\"https:\/\/vocesparalelas.com.ar\/sitio\/wp-content\/uploads\/2020\/05\/MINISTERIO-EDUCACION-SJ.jpg 800w, https:\/\/vocesparalelas.com.ar\/sitio\/wp-content\/uploads\/2020\/05\/MINISTERIO-EDUCACION-SJ-300x200.jpg 300w, https:\/\/vocesparalelas.com.ar\/sitio\/wp-content\/uploads\/2020\/05\/MINISTERIO-EDUCACION-SJ-768x512.jpg 768w\" sizes=\"auto, (max-width: 800px) 100vw, 800px\" \/><\/p>\n","protected":false},"excerpt":{"rendered":"<p>El Ministerio de Educaci\u00f3n del Gobierno de San Juan informa que est\u00e1 abierta la nueva convocatoria al programa Progresar Trabajo,<\/p>\n","protected":false},"author":3,"featured_media":32913,"comment_status":"closed","ping_status":"closed","sticky":false,"template":"","format":"standard","meta":{"_acf_changed":false,"_seopress_robots_primary_cat":"none","_seopress_titles_title":"","_seopress_titles_desc":"","_seopress_robots_index":"","colormag_page_container_layout":"default_layout","colormag_page_sidebar_layout":"default_layout","footnotes":""},"categories":[5],"tags":[],"class_list":["post-85323","post","type-post","status-publish","format-standard","has-post-thumbnail","hentry","category-ofrecimientos"],"acf":[],"_links":{"self":[{"href":"https:\/\/vocesparalelas.com.ar\/sitio\/wp-json\/wp\/v2\/posts\/85323","targetHints":{"allow":["GET"]}}],"collection":[{"href":"https:\/\/vocesparalelas.com.ar\/sitio\/wp-json\/wp\/v2\/posts"}],"about":[{"href":"https:\/\/vocesparalelas.com.ar\/sitio\/wp-json\/wp\/v2\/types\/post"}],"author":[{"embeddable":true,"href":"https:\/\/vocesparalelas.com.ar\/sitio\/wp-json\/wp\/v2\/users\/3"}],"replies":[{"embeddable":true,"href":"https:\/\/vocesparalelas.com.ar\/sitio\/wp-json\/wp\/v2\/comments?post=85323"}],"version-history":[{"count":1,"href":"https:\/\/vocesparalelas.com.ar\/sitio\/wp-json\/wp\/v2\/posts\/85323\/revisions"}],"predecessor-version":[{"id":85326,"href":"https:\/\/vocesparalelas.com.ar\/sitio\/wp-json\/wp\/v2\/posts\/85323\/revisions\/85326"}],"wp:featuredmedia":[{"embeddable":true,"href":"https:\/\/vocesparalelas.com.ar\/sitio\/wp-json\/wp\/v2\/media\/32913"}],"wp:attachment":[{"href":"https:\/\/vocesparalelas.com.ar\/sitio\/wp-json\/wp\/v2\/media?parent=85323"}],"wp:term":[{"taxonomy":"category","embeddable":true,"href":"https:\/\/vocesparalelas.com.ar\/sitio\/wp-json\/wp\/v2\/categories?post=85323"},{"taxonomy":"post_tag","embeddable":true,"href":"https:\/\/vocesparalelas.com.ar\/sitio\/wp-json\/wp\/v2\/tags?post=85323"}],"curies":[{"name":"wp","href":"https:\/\/api.w.org\/{rel}","templated":true}]}}