{"id":85236,"date":"2025-04-19T19:16:29","date_gmt":"2025-04-19T22:16:29","guid":{"rendered":"https:\/\/vocesparalelas.com.ar\/sitio\/?p=85236"},"modified":"2025-04-21T20:01:39","modified_gmt":"2025-04-21T23:01:39","slug":"sumate-al-programa-de-fortalecimiento-escolar-gratuito-para-el-nivel-primario-en-san-juan","status":"publish","type":"post","link":"https:\/\/vocesparalelas.com.ar\/sitio\/sumate-al-programa-de-fortalecimiento-escolar-gratuito-para-el-nivel-primario-en-san-juan\/","title":{"rendered":"Sumate al Programa de Fortalecimiento Escolar Gratuito para el Nivel Primario en San Juan"},"content":{"rendered":"<p>El Ministerio de Educaci\u00f3n del Gobierno de San Juan informa que el Lunes, 21 de Abril de 2025, abre\u00a0 el periodo de inscripciones para el programa de Fortalecimiento Escolar Gratuito, que se enmarca en el Plan de Alfabetizaci\u00f3n \u00abComprendo y Aprendo\u201d.<\/p>\n<p>En esta ocasi\u00f3n est\u00e1 destinado a estudiantes de Nivel Primario, tanto de instituciones de gesti\u00f3n estatal como privada.<\/p>\n<p>Las clases de apoyo comienzan el 6 de Mayo.<\/p>\n<p>Esta iniciativa busca brindar acompa\u00f1amiento pedag\u00f3gico para fortalecer el aprendizaje y el desarrollo acad\u00e9mico de los alumnos y es impulsada por la ministra de Educaci\u00f3n, Silvia Fuentes, ya que busca reducir la deserci\u00f3n escolar, mejorar el rendimiento en el aula y garantizar la igualdad de oportunidades de todos los estudiantes. Adem\u00e1s, permite colaborar con las familias que no pueden afrontar los gastos de profesores particulares.<\/p>\n<p>Las inscripciones est\u00e1n abiertas a partir del Lunes, 21 de Abril y se extienden hasta completar el cupo disponible. Por ello, se recomienda a las familias interesadas realizar la inscripci\u00f3n lo antes posible.<\/p>\n<p>Se recibir\u00e1n de 9 a 13 en la sede de Conectar Lab, Las Heras y Alberdi, Capital, y los interesados deben presentar la siguiente documentaci\u00f3n:<\/p>\n<ul>\n<li>Fotocopia de DNI del progenitor\/tutor y del menor.<\/li>\n<li>Fotocopia de la partida de nacimiento del menor.<\/li>\n<\/ul>\n<p>Las clases de apoyo escolar dan inicio el Martes, 6 de Mayo.<\/p>\n<p><span style=\"color: #ff6600;\"><strong>Para m\u00e1s informaci\u00f3n<\/strong><\/span><\/p>\n<p>Contactarse telef\u00f3nicamente al 4302269<\/p>\n<p><img loading=\"lazy\" decoding=\"async\" class=\"alignnone size-full wp-image-64251\" src=\"https:\/\/vocesparalelas.com.ar\/sitio\/wp-content\/uploads\/2023\/10\/CONECTAR-LAB-SAN-JUAN-01.jpg\" alt=\"\" width=\"800\" height=\"600\" srcset=\"https:\/\/vocesparalelas.com.ar\/sitio\/wp-content\/uploads\/2023\/10\/CONECTAR-LAB-SAN-JUAN-01.jpg 800w, https:\/\/vocesparalelas.com.ar\/sitio\/wp-content\/uploads\/2023\/10\/CONECTAR-LAB-SAN-JUAN-01-300x225.jpg 300w, https:\/\/vocesparalelas.com.ar\/sitio\/wp-content\/uploads\/2023\/10\/CONECTAR-LAB-SAN-JUAN-01-768x576.jpg 768w\" sizes=\"auto, (max-width: 800px) 100vw, 800px\" \/><\/p>\n","protected":false},"excerpt":{"rendered":"<p>El Ministerio de Educaci\u00f3n del Gobierno de San Juan informa que el Lunes, 21 de Abril de 2025, abre\u00a0 el<\/p>\n","protected":false},"author":3,"featured_media":60632,"comment_status":"closed","ping_status":"closed","sticky":false,"template":"","format":"standard","meta":{"_acf_changed":false,"_seopress_robots_primary_cat":"none","_seopress_titles_title":"","_seopress_titles_desc":"","_seopress_robots_index":"","colormag_page_container_layout":"default_layout","colormag_page_sidebar_layout":"default_layout","footnotes":""},"categories":[2],"tags":[],"class_list":["post-85236","post","type-post","status-publish","format-standard","has-post-thumbnail","hentry","category-convocatorias"],"acf":[],"_links":{"self":[{"href":"https:\/\/vocesparalelas.com.ar\/sitio\/wp-json\/wp\/v2\/posts\/85236","targetHints":{"allow":["GET"]}}],"collection":[{"href":"https:\/\/vocesparalelas.com.ar\/sitio\/wp-json\/wp\/v2\/posts"}],"about":[{"href":"https:\/\/vocesparalelas.com.ar\/sitio\/wp-json\/wp\/v2\/types\/post"}],"author":[{"embeddable":true,"href":"https:\/\/vocesparalelas.com.ar\/sitio\/wp-json\/wp\/v2\/users\/3"}],"replies":[{"embeddable":true,"href":"https:\/\/vocesparalelas.com.ar\/sitio\/wp-json\/wp\/v2\/comments?post=85236"}],"version-history":[{"count":1,"href":"https:\/\/vocesparalelas.com.ar\/sitio\/wp-json\/wp\/v2\/posts\/85236\/revisions"}],"predecessor-version":[{"id":85239,"href":"https:\/\/vocesparalelas.com.ar\/sitio\/wp-json\/wp\/v2\/posts\/85236\/revisions\/85239"}],"wp:featuredmedia":[{"embeddable":true,"href":"https:\/\/vocesparalelas.com.ar\/sitio\/wp-json\/wp\/v2\/media\/60632"}],"wp:attachment":[{"href":"https:\/\/vocesparalelas.com.ar\/sitio\/wp-json\/wp\/v2\/media?parent=85236"}],"wp:term":[{"taxonomy":"category","embeddable":true,"href":"https:\/\/vocesparalelas.com.ar\/sitio\/wp-json\/wp\/v2\/categories?post=85236"},{"taxonomy":"post_tag","embeddable":true,"href":"https:\/\/vocesparalelas.com.ar\/sitio\/wp-json\/wp\/v2\/tags?post=85236"}],"curies":[{"name":"wp","href":"https:\/\/api.w.org\/{rel}","templated":true}]}}