{"id":85232,"date":"2025-04-19T12:27:27","date_gmt":"2025-04-19T15:27:27","guid":{"rendered":"https:\/\/vocesparalelas.com.ar\/sitio\/?p=85232"},"modified":"2025-04-21T14:24:51","modified_gmt":"2025-04-21T17:24:51","slug":"competencia-48-hs-de-cortometraje-para-realizadores-de-san-juan","status":"publish","type":"post","link":"https:\/\/vocesparalelas.com.ar\/sitio\/competencia-48-hs-de-cortometraje-para-realizadores-de-san-juan\/","title":{"rendered":"\u00abCompetencia 48 hs.\u00bb, de cortometraje para realizadores de San Juan"},"content":{"rendered":"<p>En el marco de la muestra federal de cortometrajes \u201cENERC se proyecta 2025\u201d, la\u00a0Escuela Nacional de Experimentaci\u00f3n y Realizaci\u00f3n Cinematogr\u00e1fica &#8211; ENERC &#8211;\u00a0Sede Cuyo convoca a<\/p>\n<ul>\n<li>estudiantes,<\/li>\n<li>egresados y a<\/li>\n<li>realizadores de San Juan a participar de la competencia \u201c48 hs\u201d.<\/li>\n<\/ul>\n<p>La propuesta invita a realizar un cortometraje de entre 3 y 5 minutos en un plazo de tan solo 48 horas, incluyendo todas las etapas de producci\u00f3n:<\/p>\n<ul>\n<li>desarrollo,<\/li>\n<li>preproducci\u00f3n,<\/li>\n<li>rodaje y<\/li>\n<li>postproducci\u00f3n.<\/li>\n<\/ul>\n<p><img loading=\"lazy\" decoding=\"async\" class=\"alignnone size-full wp-image-30042\" src=\"https:\/\/vocesparalelas.com.ar\/sitio\/wp-content\/uploads\/2020\/07\/ENERC-EDICION.jpg\" alt=\"\" width=\"800\" height=\"532\" srcset=\"https:\/\/vocesparalelas.com.ar\/sitio\/wp-content\/uploads\/2020\/07\/ENERC-EDICION.jpg 800w, https:\/\/vocesparalelas.com.ar\/sitio\/wp-content\/uploads\/2020\/07\/ENERC-EDICION-300x200.jpg 300w, https:\/\/vocesparalelas.com.ar\/sitio\/wp-content\/uploads\/2020\/07\/ENERC-EDICION-768x511.jpg 768w\" sizes=\"auto, (max-width: 800px) 100vw, 800px\" \/><\/p>\n<p>&nbsp;<\/p>\n<p>La inscripci\u00f3n est\u00e1 abierta hasta el 4 de Mayo de 2025 mediante el formulario oficial<\/p>\n<p style=\"text-align: center;\"><a href=\"https:\/\/docs.google.com\/forms\/d\/e\/1FAIpQLSc9q89KqoMD68uzLS4X2oBwfXR0rJkqP9aqJNJ8MWdoum_raQ\/viewform\" target=\"_blank\" rel=\"noopener noreferrer\">Inscripci\u00f3n de equipos 48HS ENERC<\/a><\/p>\n<p>Antes de registrar su equipo, los participantes deben leer y aceptar las bases y condiciones, disponibles en el siguiente enlace:<\/p>\n<p style=\"text-align: center;\"><a href=\"https:\/\/drive.google.com\/file\/d\/16aGAbJqGqSRZ7Q0ZEEGbl0B99bMblGU6\/view\" target=\"_blank\" rel=\"noopener noreferrer\">Bases y condiciones \u2013 Competencia 48HS.<\/a><\/p>\n<p>La confirmaci\u00f3n de inscripci\u00f3n se enviar\u00e1 por correo electr\u00f3nico a partir de la semana del 5 de mayo. Para consultas, dudas o cambios en los equipos, est\u00e1 disponible el correo:<\/p>\n<p style=\"text-align: center;\"><span id=\"cloak1c9940382dc8b813e0d43e12f8222c80\"><a href=\"mailto:enercseproyectasedecuyo@gmail.com\">enercseproyectasedecuyo@gmail.com<\/a><\/span><\/p>\n<p>&nbsp;<\/p>\n<p><img loading=\"lazy\" decoding=\"async\" class=\"alignnone size-full wp-image-30079\" src=\"https:\/\/vocesparalelas.com.ar\/sitio\/wp-content\/uploads\/2020\/07\/ENERC-10.jpg\" alt=\"\" width=\"800\" height=\"600\" srcset=\"https:\/\/vocesparalelas.com.ar\/sitio\/wp-content\/uploads\/2020\/07\/ENERC-10.jpg 800w, https:\/\/vocesparalelas.com.ar\/sitio\/wp-content\/uploads\/2020\/07\/ENERC-10-300x225.jpg 300w, https:\/\/vocesparalelas.com.ar\/sitio\/wp-content\/uploads\/2020\/07\/ENERC-10-768x576.jpg 768w\" sizes=\"auto, (max-width: 800px) 100vw, 800px\" \/><\/p>\n","protected":false},"excerpt":{"rendered":"<p>En el marco de la muestra federal de cortometrajes \u201cENERC se proyecta 2025\u201d, la\u00a0Escuela Nacional de Experimentaci\u00f3n y Realizaci\u00f3n Cinematogr\u00e1fica<\/p>\n","protected":false},"author":3,"featured_media":39987,"comment_status":"closed","ping_status":"closed","sticky":false,"template":"","format":"standard","meta":{"_acf_changed":false,"_seopress_robots_primary_cat":"none","_seopress_titles_title":"","_seopress_titles_desc":"","_seopress_robots_index":"","colormag_page_container_layout":"default_layout","colormag_page_sidebar_layout":"default_layout","footnotes":""},"categories":[8],"tags":[],"class_list":["post-85232","post","type-post","status-publish","format-standard","has-post-thumbnail","hentry","category-concursos"],"acf":[],"_links":{"self":[{"href":"https:\/\/vocesparalelas.com.ar\/sitio\/wp-json\/wp\/v2\/posts\/85232","targetHints":{"allow":["GET"]}}],"collection":[{"href":"https:\/\/vocesparalelas.com.ar\/sitio\/wp-json\/wp\/v2\/posts"}],"about":[{"href":"https:\/\/vocesparalelas.com.ar\/sitio\/wp-json\/wp\/v2\/types\/post"}],"author":[{"embeddable":true,"href":"https:\/\/vocesparalelas.com.ar\/sitio\/wp-json\/wp\/v2\/users\/3"}],"replies":[{"embeddable":true,"href":"https:\/\/vocesparalelas.com.ar\/sitio\/wp-json\/wp\/v2\/comments?post=85232"}],"version-history":[{"count":1,"href":"https:\/\/vocesparalelas.com.ar\/sitio\/wp-json\/wp\/v2\/posts\/85232\/revisions"}],"predecessor-version":[{"id":85235,"href":"https:\/\/vocesparalelas.com.ar\/sitio\/wp-json\/wp\/v2\/posts\/85232\/revisions\/85235"}],"wp:featuredmedia":[{"embeddable":true,"href":"https:\/\/vocesparalelas.com.ar\/sitio\/wp-json\/wp\/v2\/media\/39987"}],"wp:attachment":[{"href":"https:\/\/vocesparalelas.com.ar\/sitio\/wp-json\/wp\/v2\/media?parent=85232"}],"wp:term":[{"taxonomy":"category","embeddable":true,"href":"https:\/\/vocesparalelas.com.ar\/sitio\/wp-json\/wp\/v2\/categories?post=85232"},{"taxonomy":"post_tag","embeddable":true,"href":"https:\/\/vocesparalelas.com.ar\/sitio\/wp-json\/wp\/v2\/tags?post=85232"}],"curies":[{"name":"wp","href":"https:\/\/api.w.org\/{rel}","templated":true}]}}