{"id":85227,"date":"2025-04-19T10:26:34","date_gmt":"2025-04-19T13:26:34","guid":{"rendered":"https:\/\/vocesparalelas.com.ar\/sitio\/?p=85227"},"modified":"2025-04-21T14:25:21","modified_gmt":"2025-04-21T17:25:21","slug":"49-feria-internacional-del-libro-2025-de-buenos-aires-y-el-dia-de-san-juan","status":"publish","type":"post","link":"https:\/\/vocesparalelas.com.ar\/sitio\/49-feria-internacional-del-libro-2025-de-buenos-aires-y-el-dia-de-san-juan\/","title":{"rendered":"49\u00b0 Feria Internacional del Libro 2025 de Buenos Aires y el D\u00eda de San Juan"},"content":{"rendered":"<p><span class=\"s1\">Las provincias de San Juan, San Luis y Mendoza participan en la 49\u00b0 Feria Internacional del Libro de Buenos Aires con un stand regional \u201cCultura Cuyo\u201d, que re\u00fane lo m\u00e1s destacado de la producci\u00f3n literaria de la regi\u00f3n.<\/span><\/p>\n<p class=\"p2\"><span class=\"s1\">El espacio, en el Pabell\u00f3n Ocre del\u00a0predio ferial de La Rural, cuenta con 171 m\u00b2 y est\u00e1 abierto desde el 22 de Abril hasta el 12 de Mayo. Durante esos d\u00edas, se exhiben y comercializan obras de autoras de las tres provincias, adem\u00e1s de contar con presentaciones en vivo, charlas y disertaciones a cargo de escritores y escritoras ya consolidados y emergentes.<\/span><\/p>\n<p class=\"p2\"><span class=\"s1\">Una delegaci\u00f3n de seis personas son la encargada de representar institucionalmente a la regi\u00f3n y recibir a visitantes y compradores.<\/span><\/p>\n<p class=\"p2\"><span class=\"s1\">Adem\u00e1s, 30 autores hasta el momento son parte de las presentaciones y actividades programadas. Tambi\u00e9n participan en las Jornadas Profesionales, donde se forman en diversas \u00e1reas del quehacer editorial como edici\u00f3n, correcci\u00f3n, comercializaci\u00f3n, ilustraci\u00f3n y dise\u00f1o, entre otras.<\/span><\/p>\n<p class=\"p2\"><span class=\"s1\">En el marco del programa \u201cLibro Porciento\u201d, auspiciado por CONABIP, 24 Bibliotecas Populares de la provincia de San Juan, junto a la Biblioteca Infantil Provincial Juan Pablo Echag\u00fce y la Biblioteca de Autores Sanjuaninos, ambas pertenecientes a la Secretar\u00eda de Cultura, del Ministerio de Turismo, Cultura y Deporte del Gobierno de San Juan, asisten a la Feria el 9; 10 y 11 de Mayo. En total, viajan 47 representantes de 26 bibliotecas de San Juan.<\/span><\/p>\n<p class=\"p2\"><span class=\"s1\">Uno de los momentos m\u00e1s esperados es el D\u00eda de San Juan en la Feria, el S\u00e1bado, 10 de Mayo, a las 19 hs.; en la Sala Jos\u00e9 Hern\u00e1ndez. En esa oportunidad, la C\u00e1mara de Diputados de San Juan rinde homenaje al poeta universal Jorge Leonidas Escudero, a trav\u00e9s de la presentaci\u00f3n de una Antolog\u00eda po\u00e9tica y un libro dedicado a su vida y obra.<\/span><\/p>\n<p class=\"p2\"><span class=\"s1\">Ambas publicaciones fueron desarrolladas por el Prof. Luis Trombino, estudioso de su legado y amigo personal del autor, y cuentan con el aval de sus hijas, quienes adem\u00e1s han preparado una selecci\u00f3n de fotograf\u00edas para ilustrar los libros. La edici\u00f3n y publicaci\u00f3n est\u00e1 a cargo del Fondo Editorial de la C\u00e1mara de Diputados de San Juan, en el marco del concurso San Juan Escribe, que lleva el nombre del propio escritor como una forma de revalorizar su figura y su aporte a la cultura de San Juan.<\/span><\/p>\n<p><img loading=\"lazy\" decoding=\"async\" class=\"alignnone size-full wp-image-83875\" src=\"https:\/\/vocesparalelas.com.ar\/sitio\/wp-content\/uploads\/2025\/03\/FERIA-INTERNACIONAL-LIBRO-2025.png\" alt=\"\" width=\"800\" height=\"450\" srcset=\"https:\/\/vocesparalelas.com.ar\/sitio\/wp-content\/uploads\/2025\/03\/FERIA-INTERNACIONAL-LIBRO-2025.png 800w, https:\/\/vocesparalelas.com.ar\/sitio\/wp-content\/uploads\/2025\/03\/FERIA-INTERNACIONAL-LIBRO-2025-300x169.png 300w, https:\/\/vocesparalelas.com.ar\/sitio\/wp-content\/uploads\/2025\/03\/FERIA-INTERNACIONAL-LIBRO-2025-768x432.png 768w\" sizes=\"auto, (max-width: 800px) 100vw, 800px\" \/><\/p>\n","protected":false},"excerpt":{"rendered":"<p>Las provincias de San Juan, San Luis y Mendoza participan en la 49\u00b0 Feria Internacional del Libro de Buenos Aires<\/p>\n","protected":false},"author":3,"featured_media":85230,"comment_status":"closed","ping_status":"closed","sticky":false,"template":"","format":"standard","meta":{"_acf_changed":false,"_seopress_robots_primary_cat":"none","_seopress_titles_title":"","_seopress_titles_desc":"","_seopress_robots_index":"","colormag_page_container_layout":"default_layout","colormag_page_sidebar_layout":"default_layout","footnotes":""},"categories":[6],"tags":[],"class_list":["post-85227","post","type-post","status-publish","format-standard","has-post-thumbnail","hentry","category-eventos"],"acf":[],"_links":{"self":[{"href":"https:\/\/vocesparalelas.com.ar\/sitio\/wp-json\/wp\/v2\/posts\/85227","targetHints":{"allow":["GET"]}}],"collection":[{"href":"https:\/\/vocesparalelas.com.ar\/sitio\/wp-json\/wp\/v2\/posts"}],"about":[{"href":"https:\/\/vocesparalelas.com.ar\/sitio\/wp-json\/wp\/v2\/types\/post"}],"author":[{"embeddable":true,"href":"https:\/\/vocesparalelas.com.ar\/sitio\/wp-json\/wp\/v2\/users\/3"}],"replies":[{"embeddable":true,"href":"https:\/\/vocesparalelas.com.ar\/sitio\/wp-json\/wp\/v2\/comments?post=85227"}],"version-history":[{"count":1,"href":"https:\/\/vocesparalelas.com.ar\/sitio\/wp-json\/wp\/v2\/posts\/85227\/revisions"}],"predecessor-version":[{"id":85231,"href":"https:\/\/vocesparalelas.com.ar\/sitio\/wp-json\/wp\/v2\/posts\/85227\/revisions\/85231"}],"wp:featuredmedia":[{"embeddable":true,"href":"https:\/\/vocesparalelas.com.ar\/sitio\/wp-json\/wp\/v2\/media\/85230"}],"wp:attachment":[{"href":"https:\/\/vocesparalelas.com.ar\/sitio\/wp-json\/wp\/v2\/media?parent=85227"}],"wp:term":[{"taxonomy":"category","embeddable":true,"href":"https:\/\/vocesparalelas.com.ar\/sitio\/wp-json\/wp\/v2\/categories?post=85227"},{"taxonomy":"post_tag","embeddable":true,"href":"https:\/\/vocesparalelas.com.ar\/sitio\/wp-json\/wp\/v2\/tags?post=85227"}],"curies":[{"name":"wp","href":"https:\/\/api.w.org\/{rel}","templated":true}]}}